{"id":34527,"date":"2024-11-08T13:10:54","date_gmt":"2024-11-08T11:10:54","guid":{"rendered":"https:\/\/edublog.educastur.es\/ixuxu\/?p=34527"},"modified":"2024-11-08T14:25:42","modified_gmt":"2024-11-08T12:25:42","slug":"ye-prestoso-tar-nominau-a-un-premiu-que-quier-prestixar-la-llingua","status":"publish","type":"post","link":"https:\/\/edublog.educastur.es\/ixuxu\/2024\/11\/ye-prestoso-tar-nominau-a-un-premiu-que-quier-prestixar-la-llingua\/","title":{"rendered":"\u00abYe prestoso tar nomin\u00e1u a un premiu que quier prestixar la llingua\u00bb"},"content":{"rendered":"<ul>\n<li>Fonte: <a href=\"https:\/\/musicasturiana.com\/ye-prestoso-tar-nominau-a-un-premiu-que-quier-prestixar-la-llingua-de-nueso-y-neso-tamos-tolos-que-cantamos-nasturianu\/?fbclid=IwY2xjawGa0B9leHRuA2FlbQIxMQABHaGJqy-Sju5oWmciF-AFb-gKEICRXGpRo9xzDvs0JkPisSo1h3kKXD7UfQ_aem_w-McmlKv-wwycSCt6pnfaA\">M\u00fasica Asturiana<\/a> \/ <a href=\"https:\/\/youtu.be\/daFsf2sy928\">Cantar \u00abLlobatu\u00bb<\/a> \/<\/li>\n<li><span class=\"html-span xdj266r x11i5rnm xat24cr x1mh8g0r xexx8yu x4uap5 x18d9i69 xkhd6sd x1hl2dhg x16tdsg8 x1vvkbs\"><a class=\"x1i10hfl xjbqb8w x1ejq31n xd10rxx x1sy0etr x17r0tee x972fbf xcfux6l x1qhh985 xm0m39n x9f619 x1ypdohk xt0psk2 xe8uvvx xdj266r x11i5rnm xat24cr x1mh8g0r xexx8yu x4uap5 x18d9i69 xkhd6sd x16tdsg8 x1hl2dhg xggy1nq x1a2a7pz x1sur9pj xkrqix3 x1fey0fg x1s688f\" role=\"link\" href=\"https:\/\/www.facebook.com\/culturaAST?__cft__[0]=AZVh3LlQpGc82H327NmtWanu5EXJWhdX_4KLisqxrfbluzb7wA8Rh4IXJXc2otG7aLOz1ZlECtiWaXDW5WSyfbEjFCRJKQwmD0efA7Kp7QX9nADymWyZEYVmGj4Vqv0SshGXs7R25oLoX3s4n2UfFTQrofrjyFNUY3k6ikHj0IyTUwg-3CuB_4RQahRCeVoOp_cmyF0SZEyLzdcmhhnV_sutvw9NuTAcX-cnvdn0mx0m_w&amp;__tn__=-]K-y-R\"><span class=\"xt0psk2\">Conseyer\u00eda Cultura, P. Lling\u00fc\u00edstica y D.<\/span><\/a><\/span>\u00a0<span class=\"html-span xdj266r x11i5rnm xat24cr x1mh8g0r xexx8yu x4uap5 x18d9i69 xkhd6sd x1hl2dhg x16tdsg8 x1vvkbs\"><a class=\"x1i10hfl xjbqb8w x1ejq31n xd10rxx x1sy0etr x17r0tee x972fbf xcfux6l x1qhh985 xm0m39n x9f619 x1ypdohk xt0psk2 xe8uvvx xdj266r x11i5rnm xat24cr x1mh8g0r xexx8yu x4uap5 x18d9i69 xkhd6sd x16tdsg8 x1hl2dhg xggy1nq x1a2a7pz x1sur9pj xkrqix3 x1fey0fg x1s688f\" role=\"link\" href=\"https:\/\/www.facebook.com\/AsturiesCulturaenRede?__cft__[0]=AZVh3LlQpGc82H327NmtWanu5EXJWhdX_4KLisqxrfbluzb7wA8Rh4IXJXc2otG7aLOz1ZlECtiWaXDW5WSyfbEjFCRJKQwmD0efA7Kp7QX9nADymWyZEYVmGj4Vqv0SshGXs7R25oLoX3s4n2UfFTQrofrjyFNUY3k6ikHj0IyTUwg-3CuB_4RQahRCeVoOp_cmyF0SZEyLzdcmhhnV_sutvw9NuTAcX-cnvdn0mx0m_w&amp;__tn__=-]K-y-R\"><span class=\"xt0psk2\">Asturies Cultura en Rede.<\/span><\/a><\/span><\/li>\n<li><a href=\"https:\/\/www.hectorbraga.com\/\">H\u00e9ctor Braga: web<\/a> \/ <a href=\"https:\/\/es.wikipedia.org\/wiki\/H%C3%A9ctor_Braga\">wiki<\/a> \/<\/li>\n<\/ul>\n<div class=\"html-div xdj266r x11i5rnm xat24cr x1mh8g0r xsag5q8 xz9dl7a x1pi30zi x1swvt13 x1jx94hy\">\n<div class=\"html-div xdj266r x11i5rnm xat24cr x1mh8g0r xexx8yu x4uap5 x18d9i69 xkhd6sd x78zum5 x1q0g3np x1ba4aug\">\n<div class=\"html-div xdj266r x11i5rnm xat24cr x1mh8g0r xexx8yu x4uap5 x18d9i69 xkhd6sd x1iyjqo2\">\n<div class=\"x78zum5 xdt5ytf xz62fqu x16ldp7u\">\n<div class=\"xu06os2 x1ok221b\"><span class=\"html-span xexx8yu x4uap5 x18d9i69 xkhd6sd x1hl2dhg x16tdsg8 x1vvkbs x3nfvp2 x1j61x8r x1fcty0u xdj266r xat24cr xgzva0m xhhsvwb xxymvpz xlup9mm x1kky2od\"><img loading=\"lazy\" decoding=\"async\" class=\"xz74otr\" src=\"https:\/\/static.xx.fbcdn.net\/images\/emoji.php\/v9\/tbe\/1\/16\/1f3c6.png\" alt=\"?\" width=\"16\" height=\"16\" \/><\/span> Falamos con <span class=\"html-span xdj266r x11i5rnm xat24cr x1mh8g0r xexx8yu x4uap5 x18d9i69 xkhd6sd x1hl2dhg x16tdsg8 x1vvkbs\"><a class=\"x1i10hfl xjbqb8w x1ejq31n xd10rxx x1sy0etr x17r0tee x972fbf xcfux6l x1qhh985 xm0m39n x9f619 x1ypdohk xt0psk2 xe8uvvx xdj266r x11i5rnm xat24cr x1mh8g0r xexx8yu x4uap5 x18d9i69 xkhd6sd x16tdsg8 x1hl2dhg xggy1nq x1a2a7pz x1sur9pj xkrqix3 x1fey0fg x1s688f\" role=\"link\" href=\"https:\/\/www.facebook.com\/hectorbragaoficial?__cft__[0]=AZVh3LlQpGc82H327NmtWanu5EXJWhdX_4KLisqxrfbluzb7wA8Rh4IXJXc2otG7aLOz1ZlECtiWaXDW5WSyfbEjFCRJKQwmD0efA7Kp7QX9nADymWyZEYVmGj4Vqv0SshGXs7R25oLoX3s4n2UfFTQrofrjyFNUY3k6ikHj0IyTUwg-3CuB_4RQahRCeVoOp_cmyF0SZEyLzdcmhhnV_sutvw9NuTAcX-cnvdn0mx0m_w&amp;__tn__=-]K-y-R\"><span class=\"xt0psk2\">H\u00e9ctor Braga<\/span><\/a><\/span> del XVI Premiu Camaret\u00e1 al Meyor Cantar que se celebra esti vienres y nel que ye finalista con \u00abLlobatu\u00bb.<\/div>\n<\/div>\n<\/div>\n<\/div>\n<\/div>\n<p style=\"text-align: center\">\n<!-- iframe plugin v.6.0 wordpress.org\/plugins\/iframe\/ -->\n<iframe loading=\"lazy\" width=\"100%\" height=\"396\" src=\"https:\/\/www.youtube.com\/embed\/daFsf2sy928\" title=\"H\u00e9ctor Braga - Llobatu (ft. Hevia)\" frameborder=\"0\" allow=\"accelerometer; autoplay; clipboard-write; encrypted-media; gyroscope; picture-in-picture; web-share\" referrerpolicy=\"strict-origin-when-cross-origin\" 0=\"allowfullscreen\" 1=\"\/iframe\" scrolling=\"yes\" class=\"iframe-class\"><\/iframe>\n<\/p>\n<blockquote>\n<h2 class=\"entry-title qode-post-title\" style=\"text-align: center\"><span style=\"font-size: 24px\"><em><span style=\"color: #008080\">\u00abYe prestoso tar nomin\u00e1u a un premiu<br \/>\nque quier prestixar la llingua de nueso,<br \/>\ny neso tamos tolos que cantamos n\u2019asturianu\u00bb<\/span><\/em><\/span><\/h2>\n<\/blockquote>\n<p><!--more--><\/p>\n<p>Esti vienres 8 de payares a les 19h tien llugar nel Teatru La Llaboral de Xix\u00f3n la gala final del\u00a0<strong><a href=\"https:\/\/asturiesculturaenrede.es\/premiucamaretaalmeyorcantar\/\" target=\"_blank\" rel=\"noreferrer noopener\">X<\/a><a href=\"https:\/\/musicasturiana.com\/el-teatru-de-la-llaboral-acueye-esti-domingu-la-gala-final-del-xv-premiu-camareta-al-meyor-cantar\/\" target=\"_blank\" rel=\"noreferrer noopener\">VI Premiu Camaret\u00e1 al Meyor Cantar<\/a><\/strong>, l\u2019\u00fanicu premiu institucional qu\u2019esiste angua\u00f1o pa da-y reconocimientu a la creaci\u00f3n orixinal de m\u00fasica fecha n\u2019asturianu o gallego-asturianu.\u00a0<strong>La Bonturn\u00e9\u00a0<\/strong>con \u201c<strong><a href=\"https:\/\/youtu.be\/-0N35vgJO5Q?si=lA9k7C5MCK11ZpKj\" target=\"_blank\" rel=\"noreferrer noopener\">Odisea la nu\u00ed<\/a><\/strong>\u201c,\u00a0<strong>Susana Gud\u00edn\u00a0<\/strong>con\u00a0\u201c<strong><a href=\"https:\/\/youtu.be\/svngVsbE8Q8?si=8_844ulCMjp7B0C-\" target=\"_blank\" rel=\"noreferrer noopener\">Contigo<\/a><\/strong>\u201c,\u00a0<strong>Ferla Meg\u00eda<\/strong>\u00a0con \u201c<strong><a href=\"https:\/\/youtu.be\/EZ8B4FEDqW0?si=60eJIyXRkBBgooxg\" target=\"_blank\" rel=\"noreferrer noopener\">Medrana a Medrar<\/a><\/strong>\u201c y\u00a0<strong>H\u00e9ctor Braga\u00a0<\/strong>con \u201c<strong><a href=\"https:\/\/youtu.be\/daFsf2sy928?si=MGAKlO61k_2-J4sf\" target=\"_blank\" rel=\"noreferrer noopener\">Llobatu<\/a><\/strong>\u201c, son los cuatro grupos y cantares nominaos nesta edici\u00f3n. Dende musicasturiana.com vamos falar esta selmana cada d\u00eda con \u00fan de los\u00a0<strong>artistes nominaos<\/strong>\u00a0pa conocer por qu\u00e9 escoyeron esi tema, si tienen preparao daqu\u00e9 especial pa la final y qu\u00e9 sup\u00f3n participar nesti certame.<\/p>\n<div class=\"wp-block-spacer\" aria-hidden=\"true\"><\/div>\n<p>Siguimos el cuestionariu con\u00a0<strong>H\u00e9ctor Braga<\/strong>. Seg\u00fan recueye la web oficial del Camaret\u00e1 \u00abye un artista y productor multidisciplinar dedic\u00e1u a les m\u00fasiques cl\u00e1siques y de folk. Con siete discos asoleyaos hasta la fecha, pue dicise que ye \u00fan de los referentes m\u00e1s afianzaos na m\u00fasica del pa\u00eds con abondes reconocencies y premios. H\u00e9ctor ye una referencia nel estudiu y conocencia de la m\u00fasica asturiana porque tien una trayectoria granible qu\u2019axunta\u2019l trabayu de campu y la investigaci\u00f3n con dos carreres superiores (m\u00fasica y etnomusicolox\u00eda), un m\u00e1ster en comunicaci\u00f3n, un t\u00edtulu profesional de gaita y un doctor\u00e1u cum laude n\u2019Historia del Arte y Musicolox\u00eda.\u00bb.<\/p>\n<p><strong>\u00bfQu\u00e9 sup\u00f3n pa ti la nominaci\u00f3n nesti premiu y qu\u00e9 supondr\u00eda ganalu?<\/strong><\/p>\n<p>La nominaci\u00f3n ye una reconocencia granible y bien guapa. Esti premiu \u201cCamaret\u00e1\u201d quier consolidar, arriquecer y prestixar la llingua de nueso, y neso tamos tolos artistes que cantamos n\u2019asturianu. Ye prestoso tar nomin\u00e1u a un premiu tan visible pa la m\u00fasica\u2019l pa\u00eds y tan simb\u00f3licu pol so nome. Inda m\u00e1s pa un rapaz de la cuenca que, como yo, creci\u00f3 lleendo a Manuel Asur y sintiendo cantar a Chus Pedro, parte d\u2019aquel colectivu\u2026<\/p>\n<p>Coincidi\u00f3 que, polos mios propios ciclos creativos -que van al marxe de premios o subvenciones-, dende qu\u2019asoley\u00e9\u00a0<em>La fonda de Lola<\/em>\u00a0(2015) tuvi m\u00e1s vencey\u00e1u a la m\u00fasica tradicional, a los cantares n\u2019otres lling\u00fces y a los llibros d\u2019investigaci\u00f3n. Poro, nunca nun me presentara a esti galard\u00f3n hasta qu\u2019esti cantar, \u201cLlobatu\u201d, lo fizo posible. Y toi mui contentu de tener llegao a esti momentu. Ye m\u00e1s, pal procesu de componer n\u2019asturianu molest\u00e9me hasta en sacar un C1 na llingua de nueso, pa facelo meyor (rises). Ye esencial saber bien lo que quies facer t\u00fa y facelo de la manera m\u00e1s impecable y afayadiza posible. Hai que prestixar la llingua de nueso, no musical y no lliterario.<\/p>\n<p>Pa min, ganar diba ser un llor\u00e9u enforma prestosu pa un gran a\u00f1u onde tami\u00e9n gan\u00e9\u2019l premiu d\u2019ensayu en llingua asturiana col mio llibru\u00a0<em>Nel cantu la memoria<\/em>, sobro l\u2019asturianada tradicional.<\/p>\n<p><strong>\u00bfPor qu\u00e9 escoyisti esti cantar pa concursar?<\/strong><\/p>\n<p>\u201cLlobatu\u201d ye\u2019l primer cenciellu del mio pr\u00f3simu trabayu,\u00a0<em>Rabil<\/em>, l\u2019octavu discu qu\u2019asoleyo pa esti fin d\u2019a\u00f1u. Nesti discu tami\u00e9n andechen conmigo cantando n\u2019asturianu V\u00edctor Manuel o Joaqu\u00edn D\u00edaz, ente otros. El fechu ye que na primer selmana, \u201cLlobatu\u201d algam\u00f3 m\u00e1s de 1.000 visualizaciones en youtube y cerca 2.000 escuches nel Spotify. Tien una producci\u00f3n musical y visual que, magar de ser autoeditao como casi tolo que yo faigo, tien un primer\u00edsimu nivel, cola andecha instrumental d\u2019Hevia y la producci\u00f3n musical de Javier Blanco (M\u00e4go de Oz, S\u00f6ber, etc). Yera\u2019l meyor cantar que pod\u00eda ufrir n\u2019acordies col tiempu de les candidatures a esta edici\u00f3n.<\/p>\n<p><strong>\u00bfTienes daqu\u00e9 especial preparao pa l\u2019actuaci\u00f3n del domingu?<\/strong><\/p>\n<p>Caro ho, llevo hasta\u2019l mio propiu backline y proyeutamos v\u00eddeos mientres la m\u00fasica. Al premiu voi como solista, pero llevo al mio equipu de trabayu qu\u2019axunta casi una docena persones ente m\u00fasicos y t\u00e9cnicos de toa triba colos que trabayo, n\u2019Asturies y fuera d\u2019ella, tola rueda l\u2019a\u00f1u. Va tar bien guapo de ver, tanto nel teatru como pela TV.<\/p>\n<p style=\"text-align: center\"><a href=\"https:\/\/i.ytimg.com\/vi\/G_IOS07YT4g\/maxresdefault.jpg\"><img loading=\"lazy\" decoding=\"async\" class=\"aligncenter size-large\" src=\"https:\/\/i.ytimg.com\/vi\/G_IOS07YT4g\/maxresdefault.jpg\" width=\"1280\" height=\"720\" \/><\/a><\/p>\n","protected":false},"excerpt":{"rendered":"<p>Fonte: M\u00fasica Asturiana \/ Cantar \u00abLlobatu\u00bb \/ Conseyer\u00eda Cultura, P. Lling\u00fc\u00edstica y D.\u00a0Asturies Cultura en Rede. H\u00e9ctor Braga: web \/ wiki \/ Falamos con H\u00e9ctor Braga del XVI Premiu Camaret\u00e1 al Meyor Cantar que se celebra esti vienres y nel que ye finalista con \u00abLlobatu\u00bb. \u00abYe prestoso tar nomin\u00e1u a un premiu que quier prestixar [&hellip;]<\/p>\n","protected":false},"author":117,"featured_media":0,"comment_status":"open","ping_status":"open","sticky":false,"template":"","format":"standard","meta":{"footnotes":""},"categories":[35],"tags":[],"class_list":["post-34527","post","type-post","status-publish","format-standard","hentry","category-musica"],"_links":{"self":[{"href":"https:\/\/edublog.educastur.es\/ixuxu\/wp-json\/wp\/v2\/posts\/34527","targetHints":{"allow":["GET"]}}],"collection":[{"href":"https:\/\/edublog.educastur.es\/ixuxu\/wp-json\/wp\/v2\/posts"}],"about":[{"href":"https:\/\/edublog.educastur.es\/ixuxu\/wp-json\/wp\/v2\/types\/post"}],"author":[{"embeddable":true,"href":"https:\/\/edublog.educastur.es\/ixuxu\/wp-json\/wp\/v2\/users\/117"}],"replies":[{"embeddable":true,"href":"https:\/\/edublog.educastur.es\/ixuxu\/wp-json\/wp\/v2\/comments?post=34527"}],"version-history":[{"count":7,"href":"https:\/\/edublog.educastur.es\/ixuxu\/wp-json\/wp\/v2\/posts\/34527\/revisions"}],"predecessor-version":[{"id":34534,"href":"https:\/\/edublog.educastur.es\/ixuxu\/wp-json\/wp\/v2\/posts\/34527\/revisions\/34534"}],"wp:attachment":[{"href":"https:\/\/edublog.educastur.es\/ixuxu\/wp-json\/wp\/v2\/media?parent=34527"}],"wp:term":[{"taxonomy":"category","embeddable":true,"href":"https:\/\/edublog.educastur.es\/ixuxu\/wp-json\/wp\/v2\/categories?post=34527"},{"taxonomy":"post_tag","embeddable":true,"href":"https:\/\/edublog.educastur.es\/ixuxu\/wp-json\/wp\/v2\/tags?post=34527"}],"curies":[{"name":"wp","href":"https:\/\/api.w.org\/{rel}","templated":true}]}}