{"id":34540,"date":"2024-11-08T14:45:07","date_gmt":"2024-11-08T12:45:07","guid":{"rendered":"https:\/\/edublog.educastur.es\/ixuxu\/?p=34540"},"modified":"2024-11-10T19:48:15","modified_gmt":"2024-11-10T17:48:15","slug":"34540","status":"publish","type":"post","link":"https:\/\/edublog.educastur.es\/ixuxu\/2024\/11\/34540\/","title":{"rendered":"Charra y taller d&#8217;escanci\u00e1u con Salvador Ond\u00f3"},"content":{"rendered":"<p style=\"text-align: center\">\n<!-- iframe plugin v.6.0 wordpress.org\/plugins\/iframe\/ -->\n<iframe loading=\"lazy\" src=\"https:\/\/www.facebook.com\/plugins\/post.php?href=https%3A%2F%2Fwww.facebook.com%2Fphoto.php%3Ffbid%3D10232673148066076%26set%3Da.4224429083954%26type%3D3&#038;show_text=false&#038;width=500\" width=\"500\" height=\"600\" style=\"border:none;overflow:hidden\" scrolling=\"no\" frameborder=\"0\" allowfullscreen=\"true\" allow=\"autoplay; clipboard-write; encrypted-media; picture-in-picture; web-share\" 0=\"\/iframe\" class=\"iframe-class\"><\/iframe>\n<\/p>\n<ul>\n<li><span style=\"color: #008080\"><em><strong>\u00a0\u00abLa sidra. El ADN asturiano diferente al resto de la pen\u00ednsula\u00bb<\/strong><\/em><\/span>.\u00a0 ISBN: 978-84-09-62730-1<\/li>\n<li><a href=\"https:\/\/www.lne.es\/oviedo\/2024\/05\/29\/salvador-ondo-queda-cultura-sidrera-103044064.html\" target=\"ATTrrss\" rel=\"nofollow noreferrer noopener\">Rese\u00f1a en lne.es<\/a> \/ <span style=\"color: #008080\"><a style=\"color: #008080\" href=\"https:\/\/scontent-mad2-1.xx.fbcdn.net\/v\/t39.30808-6\/465462906_10232673150626140_5724886896458025623_n.jpg?stp=cp6_dst-jpg&amp;_nc_cat=100&amp;ccb=1-7&amp;_nc_sid=833d8c&amp;_nc_ohc=uxF8BY4enTEQ7kNvgFpFJOu&amp;_nc_zt=23&amp;_nc_ht=scontent-mad2-1.xx&amp;_nc_gid=ASeLK8A8M0vfrQIzxTH1g3l&amp;oh=00_AYDJaIeVtE2omLLJp_Kv-SwYU0GP_zS6B26a0Ci4O7D2yQ&amp;oe=6733CA11\"><strong>Testu \u00abOru del Norte\u00bb n&#8217;asturiano<\/strong> <\/a><\/span>\/<\/li>\n<\/ul>\n<p><!--more--><\/p>\n<p style=\"text-align: center\">\n<!-- iframe plugin v.6.0 wordpress.org\/plugins\/iframe\/ -->\n<iframe loading=\"lazy\" src=\"https:\/\/www.facebook.com\/plugins\/post.php?href=https%3A%2F%2Fwww.facebook.com%2Fisa.lobo.35%2Fposts%2Fpfbid02bT216fCxgpkTDyRe8hXSbJhsPDaLjMBTCChYYzN1qaPiBFRbobzN9wDrLQppXUv2l&#038;show_text=true&#038;width=500\" width=\"500\" height=\"500\" style=\"border:none;overflow:hidden\" scrolling=\"no\" frameborder=\"0\" allowfullscreen=\"true\" allow=\"autoplay; clipboard-write; encrypted-media; picture-in-picture; web-share\" 0=\"\/iframe\" class=\"iframe-class\"><\/iframe>\n<\/p>\n<p style=\"text-align: center\"><a href=\"https:\/\/asturtur.com\/sites\/default\/files\/styles\/large\/public\/2024-09\/presentacion-la-sidra-salvador-ondo.jpg?itok=mK-nlNFT\"><img loading=\"lazy\" decoding=\"async\" class=\"aligncenter size-large\" src=\"https:\/\/asturtur.com\/sites\/default\/files\/styles\/large\/public\/2024-09\/presentacion-la-sidra-salvador-ondo.jpg?itok=mK-nlNFT\" width=\"480\" height=\"480\" \/><\/a><\/p>\n<p>La publicaci\u00f3n del llibru forma parte de los actos promocionales para impulsar la candidatura de la cultura sidrera a <strong>Patirmoniu Inmaterial de la UNESCO<\/strong>, daqu\u00e9 que podr\u00eda asoceder n&#8217;avientu d&#8217;este mesmu a\u00f1u.<\/p>\n<p>El conseyeru de Mediu Rural del Princip\u00e1u, Marcelino Marcos, qu&#8217;alleg\u00f3 a la presentaci\u00f3n de la g\u00faia, asegura que \u00abp&#8217;Asturies, la cultura sidrera ye importante y soi optimista, creo que va vivir un momentu relevante a final d&#8217;a\u00f1u\u00bb.<\/p>\n<p style=\"text-align: center\"><a href=\"https:\/\/estaticos-cdn.prensaiberica.es\/clip\/6fbc23e8-4908-49c3-be9f-280b3a852a8f_16-9-aspect-ratio_default_0.webp\"><img loading=\"lazy\" decoding=\"async\" class=\"aligncenter size-large\" src=\"https:\/\/estaticos-cdn.prensaiberica.es\/clip\/6fbc23e8-4908-49c3-be9f-280b3a852a8f_16-9-aspect-ratio_default_0.webp\" width=\"880\" height=\"495\" \/><\/a><\/p>\n<p style=\"text-align: center\"><span style=\"color: #008080\">\u00abSoi optimista cola reconocencia de la UNESCO. Supondr\u00eda un antes y un dempu\u00e9s p&#8217;Asturies\u00bb<\/span><\/p>\n<p style=\"text-align: center\"><a href=\"https:\/\/th.bing.com\/th\/id\/OIP.4JT0bTSnwk6BStl_7LB2sAHaFX?rs=1&amp;pid=ImgDetMain\"><img loading=\"lazy\" decoding=\"async\" class=\"aligncenter size-large\" src=\"https:\/\/th.bing.com\/th\/id\/OIP.4JT0bTSnwk6BStl_7LB2sAHaFX?rs=1&amp;pid=ImgDetMain\" width=\"474\" height=\"343\" \/><\/a><\/p>\n<p>&nbsp;<\/p>\n","protected":false},"excerpt":{"rendered":"<p>\u00a0\u00abLa sidra. El ADN asturiano diferente al resto de la pen\u00ednsula\u00bb.\u00a0 ISBN: 978-84-09-62730-1 Rese\u00f1a en lne.es \/ Testu \u00abOru del Norte\u00bb n&#8217;asturiano \/<\/p>\n","protected":false},"author":117,"featured_media":0,"comment_status":"open","ping_status":"open","sticky":false,"template":"","format":"standard","meta":{"footnotes":""},"categories":[156],"tags":[],"class_list":["post-34540","post","type-post","status-publish","format-standard","hentry","category-sidre"],"_links":{"self":[{"href":"https:\/\/edublog.educastur.es\/ixuxu\/wp-json\/wp\/v2\/posts\/34540","targetHints":{"allow":["GET"]}}],"collection":[{"href":"https:\/\/edublog.educastur.es\/ixuxu\/wp-json\/wp\/v2\/posts"}],"about":[{"href":"https:\/\/edublog.educastur.es\/ixuxu\/wp-json\/wp\/v2\/types\/post"}],"author":[{"embeddable":true,"href":"https:\/\/edublog.educastur.es\/ixuxu\/wp-json\/wp\/v2\/users\/117"}],"replies":[{"embeddable":true,"href":"https:\/\/edublog.educastur.es\/ixuxu\/wp-json\/wp\/v2\/comments?post=34540"}],"version-history":[{"count":11,"href":"https:\/\/edublog.educastur.es\/ixuxu\/wp-json\/wp\/v2\/posts\/34540\/revisions"}],"predecessor-version":[{"id":34735,"href":"https:\/\/edublog.educastur.es\/ixuxu\/wp-json\/wp\/v2\/posts\/34540\/revisions\/34735"}],"wp:attachment":[{"href":"https:\/\/edublog.educastur.es\/ixuxu\/wp-json\/wp\/v2\/media?parent=34540"}],"wp:term":[{"taxonomy":"category","embeddable":true,"href":"https:\/\/edublog.educastur.es\/ixuxu\/wp-json\/wp\/v2\/categories?post=34540"},{"taxonomy":"post_tag","embeddable":true,"href":"https:\/\/edublog.educastur.es\/ixuxu\/wp-json\/wp\/v2\/tags?post=34540"}],"curies":[{"name":"wp","href":"https:\/\/api.w.org\/{rel}","templated":true}]}}