{"id":34619,"date":"2024-11-09T22:00:58","date_gmt":"2024-11-09T20:00:58","guid":{"rendered":"https:\/\/edublog.educastur.es\/ixuxu\/?p=34619"},"modified":"2024-11-10T14:45:21","modified_gmt":"2024-11-10T12:45:21","slug":"34619","status":"publish","type":"post","link":"https:\/\/edublog.educastur.es\/ixuxu\/2024\/11\/34619\/","title":{"rendered":"Otra poes\u00eda n&#8217;asturianu: Lola Koundakjian"},"content":{"rendered":"<div class=\"wordads-ad-wrapper wordads-ad-wrapper--inline\">\n<div id=\"atatags-26942-531211\" data-adtags-width=\"704\">\n<div class=\"ata-slot-container-wrapper\">\n<div class=\"ata-slot-container\"><em style=\"color: #800080\"><span style=\"font-size: 28px\"><strong>G\u00dcEI<\/strong><\/span><\/em><\/div>\n<\/div>\n<\/div>\n<\/div>\n<p><span style=\"font-size: 24px;color: #008080\"><strong><em>G\u00fcei dir a un mus\u00e9u ye\u2019l mio trabayu;<br \/>\n<\/em><\/strong><\/span><span style=\"font-size: 24px;color: #008080\"><strong><em>Col env\u00eds de saludar a los colores que viven ell\u00ed,<br \/>\n<\/em><\/strong><\/span><span style=\"font-size: 24px;color: #008080\"><strong><em>a les lluces y les solombres<br \/>\n<\/em><\/strong><\/span><span style=\"font-size: 24px;color: #008080\"><strong><em>pa escaecer el pas\u00e1u y<br \/>\n<\/em><\/strong><\/span><span style=\"font-size: 24px;color: #008080\"><strong><em>imaxinar el futuru.<\/em><\/strong><\/span><\/p>\n<p><!--more--><\/p>\n<p><span style=\"font-size: 24px;color: #008080\"><strong><em>Guei lleer un llibru ye\u2019l mio trabayu;<br \/>\n<\/em><\/strong><\/span><span style=\"font-size: 24px;color: #008080\"><strong><em>para recordar lo cotidiano, la vida y al home ordinariu:<br \/>\n<\/em><\/strong><\/span><span style=\"font-size: 24px;color: #008080\"><strong><em>pa escribir poemes y<br \/>\n<\/em><\/strong><\/span><span style=\"font-size: 24px;color: #008080\"><strong><em>nacer idees nueves.<\/em><\/strong><\/span><\/p>\n<p><span style=\"font-size: 24px;color: #008080\"><strong><em>G\u00fcei pintar ye\u2019l mio trabayu;<br \/>\n<\/em><\/strong><\/span><span style=\"font-size: 24px;color: #008080\"><strong><em>midir y cortar les fueyes de papel<br \/>\n<\/em><\/strong><\/span><span style=\"font-size: 24px;color: #008080\"><strong><em>pa perfacer el baille solista \/ enfotu del pincel,<br \/>\n<\/em><\/strong><\/span><span style=\"font-size: 24px;color: #008080\"><strong><em>primero qu\u2019escomience a coquetear col agua.<\/em><\/strong><\/span><\/p>\n<p><span style=\"font-size: 24px;color: #008080\"><strong><em>Un autorretratu<br \/>\n<\/em><\/strong><\/span><span style=\"font-size: 24px;color: #008080\"><strong><em>una imaxe astracta<br \/>\n<\/em><\/strong><\/span><span style=\"font-size: 24px;color: #008080\"><strong><em>una mazcara<br \/>\n<\/em><\/strong><\/span><span style=\"font-size: 24px;color: #008080\"><strong><em>G\u00fcei crear ye\u2019l mio trabayu.<\/em><\/strong><\/span><\/p>\n<ul>\n<li style=\"text-align: left\"><a href=\"https:\/\/humbertogonzali1.wordpress.com\/2021\/06\/22\/otra-poesia-nasturianu-lola-koundakjian-2-2\/?fbclid=IwY2xjawGcmKNleHRuA2FlbQIxMQABHe7TnHol61_xN-iDhOcfY12I996qnKtc4M0GLxV-GLClzIf1E6dS48xDjg_aem_ocDfocDlpUF2U5OvIgy3hA\">Fonte: blogue Humberto<\/a> \/<\/li>\n<\/ul>\n","protected":false},"excerpt":{"rendered":"<p>G\u00dcEI G\u00fcei dir a un mus\u00e9u ye\u2019l mio trabayu; Col env\u00eds de saludar a los colores que viven ell\u00ed, a les lluces y les solombres pa escaecer el pas\u00e1u y imaxinar el futuru.<\/p>\n","protected":false},"author":117,"featured_media":0,"comment_status":"open","ping_status":"open","sticky":false,"template":"","format":"quote","meta":{"footnotes":""},"categories":[39],"tags":[],"class_list":["post-34619","post","type-post","status-publish","format-quote","hentry","category-poesia","post_format-post-format-quote"],"_links":{"self":[{"href":"https:\/\/edublog.educastur.es\/ixuxu\/wp-json\/wp\/v2\/posts\/34619","targetHints":{"allow":["GET"]}}],"collection":[{"href":"https:\/\/edublog.educastur.es\/ixuxu\/wp-json\/wp\/v2\/posts"}],"about":[{"href":"https:\/\/edublog.educastur.es\/ixuxu\/wp-json\/wp\/v2\/types\/post"}],"author":[{"embeddable":true,"href":"https:\/\/edublog.educastur.es\/ixuxu\/wp-json\/wp\/v2\/users\/117"}],"replies":[{"embeddable":true,"href":"https:\/\/edublog.educastur.es\/ixuxu\/wp-json\/wp\/v2\/comments?post=34619"}],"version-history":[{"count":6,"href":"https:\/\/edublog.educastur.es\/ixuxu\/wp-json\/wp\/v2\/posts\/34619\/revisions"}],"predecessor-version":[{"id":34695,"href":"https:\/\/edublog.educastur.es\/ixuxu\/wp-json\/wp\/v2\/posts\/34619\/revisions\/34695"}],"wp:attachment":[{"href":"https:\/\/edublog.educastur.es\/ixuxu\/wp-json\/wp\/v2\/media?parent=34619"}],"wp:term":[{"taxonomy":"category","embeddable":true,"href":"https:\/\/edublog.educastur.es\/ixuxu\/wp-json\/wp\/v2\/categories?post=34619"},{"taxonomy":"post_tag","embeddable":true,"href":"https:\/\/edublog.educastur.es\/ixuxu\/wp-json\/wp\/v2\/tags?post=34619"}],"curies":[{"name":"wp","href":"https:\/\/api.w.org\/{rel}","templated":true}]}}