{"id":34710,"date":"2024-11-10T18:23:30","date_gmt":"2024-11-10T16:23:30","guid":{"rendered":"https:\/\/edublog.educastur.es\/ixuxu\/?p=34710"},"modified":"2024-11-10T21:45:07","modified_gmt":"2024-11-10T19:45:07","slug":"el-bote-de-vela-llatina-bien-dinteres-cultural-inmaterial-nel-principau","status":"publish","type":"post","link":"https:\/\/edublog.educastur.es\/ixuxu\/2024\/11\/el-bote-de-vela-llatina-bien-dinteres-cultural-inmaterial-nel-principau\/","title":{"rendered":"El bote de vela llatina, Bien d&#8217;Inter\u00e9s Cultural Inmaterial nel Princip\u00e1u."},"content":{"rendered":"<div class=\"html-div xdj266r x11i5rnm xat24cr x1mh8g0r xexx8yu x1a8lsjc x1swvt13 x1pi30zi\">\n<div class=\"html-div xdj266r x11i5rnm xat24cr x1mh8g0r xexx8yu x4uap5 x18d9i69 xkhd6sd x1jx94hy x78zum5 x1q0g3np\">\n<div class=\"x78zum5 xdt5ytf xz62fqu x16ldp7u\">\n<div class=\"xu06os2 x1ok221b\">\n<div class=\"html-div xdj266r x11i5rnm xat24cr x1mh8g0r xexx8yu x4uap5 x18d9i69 xkhd6sd\" data-ad-rendering-role=\"profile_name\">\n<ul>\n<li class=\"html-h3 x11i5rnm xat24cr x1mh8g0r xexx8yu x4uap5 x18d9i69 xkhd6sd x1vvkbs x1heor9g x1qlqyl8 x1pd3egz x1a2a7pz x1gslohp x1yc453h\"><span class=\"x1lliihq x6ikm8r x10wlt62 x1n2onr6\"><span class=\"xt0psk2\"><a class=\"x1i10hfl xjbqb8w x1ejq31n xd10rxx x1sy0etr x17r0tee x972fbf xcfux6l x1qhh985 xm0m39n x9f619 x1ypdohk xt0psk2 xe8uvvx xdj266r x11i5rnm xat24cr x1mh8g0r xexx8yu x4uap5 x18d9i69 xkhd6sd x16tdsg8 x1hl2dhg xggy1nq x1a2a7pz x1sur9pj xkrqix3 xzsf02u x1s688f\" role=\"link\" href=\"https:\/\/www.facebook.com\/RTPAoficial?__cft__[0]=AZWzzLsoQH9SV473y4bPc_VXBUCTFsEcJxPTkimsUgp2mJh5Lk51tQMX84xsa8TxQn2jWmy-5-duhyo1MEPSIPdarzOGW5qhZavMzQNncxmSrbwMrMi1ib6VpEu30pgQxy7MIwHGxuqEqXNAScSP1nfw8ScJ5oXcX7Wg8COZdAYrWoPQcBmp4QSujTEXK3tn6yMBw2wTC45tCCbWeLihsTHv29GrHqwfAnp2dWK7nvI57Q&amp;__tn__=-UC%2CP-y-R\"><strong class=\"html-strong xdj266r x11i5rnm xat24cr x1mh8g0r xexx8yu x4uap5 x18d9i69 xkhd6sd x1hl2dhg x16tdsg8 x1vvkbs x1s688f\"><span class=\"html-span xdj266r x11i5rnm xat24cr x1mh8g0r xexx8yu x4uap5 x18d9i69 xkhd6sd x1hl2dhg x16tdsg8 x1vvkbs\">Radiotelevisi\u00f3n del Principado de Asturias<\/span><\/strong><\/a><\/span><\/span>\/ <a href=\"https:\/\/fb.watch\/vMBW5B8285\/\">videu<\/a><\/li>\n<li><strong><a href=\"https:\/\/www.asturias.es\/detalle\/-\/categories\/572468?p_r_p_categoryId=572468&amp;_com_liferay_asset_categories_navigation_web_portlet_AssetCategoriesNavigationPortlet_articleId=2533049&amp;articleId=2533049&amp;title=Patrimonio%20Inmaterial%20Asturiano\">Patrimoniu Inmaterial Asturianu<\/a><\/strong> \/ <a href=\"https:\/\/www.asturias.es\/detalle\/-\/categories\/572468?_com_liferay_asset_categories_navigation_web_portlet_AssetCategoriesNavigationPortlet_articleId=2533023&amp;p_r_p_categoryId=572468&amp;articleId=2533023&amp;title=Publicaciones%20sobre%20el%20patrimonio%20cultural%20asturiano&amp;redirect=https%3A%2F%2Fwww.asturias.es%2Fdetalle%3Fp_p_id%3Dcom_liferay_asset_publisher_web_portlet_AssetPublisherPortlet_INSTANCE_K2k7C4TwgDiq%26p_p_lifecycle%3D0%26p_p_state%3Dnormal%26p_p_mode%3Dview\">Patrimoniu Hist\u00f3ricu y Cultural<\/a> \/<\/li>\n<li><a href=\"https:\/\/www.lavozdegalicia.es\/noticia\/amarina\/ribadeo\/2024\/11\/08\/asturias-declara-bien-interes-cultural-bote-vela-latina-ria-ribadense\/0003_202411X8C6991.htm\">La Voz de Galicia<\/a> \/ <a href=\"https:\/\/www.elprogreso.es\/articulo\/a-marina\/principado-protege-botes-vela-latina-ria-ribadeo\/202411072221141802373.html\">El Progreso<\/a> \/ <a href=\"https:\/\/es.wikipedia.org\/wiki\/Vela_latina\">Vela latina: wiki<\/a> \/<\/li>\n<\/ul>\n<p style=\"text-align: center\"><a href=\"https:\/\/upload.wikimedia.org\/wikipedia\/commons\/thumb\/f\/f5\/Albufera_%2826999254431%29_%282%29.jpg\/800px-Albufera_%2826999254431%29_%282%29.jpg\"><img loading=\"lazy\" decoding=\"async\" class=\"aligncenter \" src=\"https:\/\/upload.wikimedia.org\/wikipedia\/commons\/thumb\/f\/f5\/Albufera_%2826999254431%29_%282%29.jpg\/800px-Albufera_%2826999254431%29_%282%29.jpg\" width=\"571\" height=\"571\" \/><\/a><\/p>\n<p style=\"text-align: center\">El bote de vela llatina, s\u00edmbolu de la tradici\u00f3n marinera de Castropol, ye y\u00e1 <span style=\"color: #008080\"><strong>Bien d&#8217;Inter\u00e9s Cultural Inmaterial nel Princip\u00e1u<\/strong><\/span>. Una reconocencia que va impulsar nuevos proyectos en redol a esta emblem\u00e1tica embarcaci\u00f3n.<\/p>\n<p style=\"text-align: center\">\n<!-- iframe plugin v.6.0 wordpress.org\/plugins\/iframe\/ -->\n<iframe loading=\"lazy\" src=\"https:\/\/www.facebook.com\/plugins\/video.php?height=476&#038;href=https%3A%2F%2Fwww.facebook.com%2FRTPAoficial%2Fvideos%2F8948873095142923%2F&#038;show_text=false&#038;width=476&#038;t=0\" width=\"476\" height=\"476\" style=\"border:none;overflow:hidden\" scrolling=\"no\" frameborder=\"0\" allowfullscreen=\"true\" allow=\"autoplay; clipboard-write; encrypted-media; picture-in-picture; web-share\" 0=\"\/iframe\" class=\"iframe-class\"><\/iframe>\n<\/p>\n<\/div>\n<\/div>\n<\/div>\n<\/div>\n<\/div>\n<div class=\"html-div xdj266r x11i5rnm xat24cr x1mh8g0r xexx8yu x4uap5 x18d9i69 xkhd6sd\" dir=\"auto\">\n<div class=\"html-div xdj266r x11i5rnm xat24cr x1mh8g0r xexx8yu x4uap5 x18d9i69 xkhd6sd\" dir=\"auto\">\n<div class=\"html-div xdj266r x11i5rnm xat24cr x1mh8g0r xexx8yu x4uap5 x18d9i69 xkhd6sd\" data-ad-rendering-role=\"message\">\n<div class=\"x1l90r2v x1pi30zi x1swvt13 x1iorvi4\" data-ad-comet-preview=\"message\" data-ad-preview=\"message\">\n<div class=\"x78zum5 xdt5ytf xz62fqu x16ldp7u\">\n<div class=\"xu06os2 x1ok221b\">\n<div class=\"xdj266r x11i5rnm xat24cr x1mh8g0r x1vvkbs x126k92a\">\n<div dir=\"auto\"><!--more--><\/div>\n<\/div>\n<div dir=\"auto\" style=\"text-align: center\"><a href=\"https:\/\/img.lavdg.com\/sc\/rdSFMx4K4PUUL9sfJyV9zFv0fOU=\/768x\/2024\/11\/07\/00121731004382694660413\/Foto\/X21Y7010.jpg\"><img loading=\"lazy\" decoding=\"async\" class=\"aligncenter \" src=\"https:\/\/img.lavdg.com\/sc\/rdSFMx4K4PUUL9sfJyV9zFv0fOU=\/768x\/2024\/11\/07\/00121731004382694660413\/Foto\/X21Y7010.jpg\" width=\"574\" height=\"323\" \/><\/a><\/div>\n<div class=\"xdj266r x11i5rnm xat24cr x1mh8g0r x1vvkbs x126k92a\">\n<div dir=\"auto\"><\/div>\n<div dir=\"auto\">El Conseyu de Gobiernu del Princip\u00e1u\u00a0 aprob\u00f3&#8217;l decretu pol que se declara <span style=\"color: #008080\"><strong>bien d&#8217;inter\u00e9s cultural (BIC) de calter inmaterial<\/strong> los oficios y saberes rellacionaos col bote de vela llatina y la pr\u00e1ctica del so sal\u00e9u na r\u00eda del Ribadeo.<\/span> La propuesta de declaraci\u00f3n, promovida pol Conceyu de Castropol xuntu con entidaes deportives y colectivos sociales del conceyu, \u00absof\u00edtase nuna tradici\u00f3n hist\u00f3rica que pervive hasta g\u00fcei gracies a la implicaci\u00f3n de la comunid\u00e1 local\u00bb, se\u00f1ala&#8217;l Princip\u00e1u.<\/div>\n<\/div>\n<div dir=\"auto\"><\/div>\n<ul>\n<li dir=\"auto\"><em><span style=\"color: #008080\">\u00abLa pr\u00e1ctica de sal\u00e9u\/navegaci\u00f3n\u00a0 a vela llatina<strong> ye un patrimoniu intanxible acomu\u00f1\u00e1u a t\u00e9cniques y conocencies tresmit\u00edes de xeneraci\u00f3n en xeneraci\u00f3n, que toma tami\u00e9n la construcci\u00f3n de botes y apareyos.<\/strong> Con ella rellacionen una serie d&#8217;oficios tradicionales, como&#8217;l de carpinteru de ribera, en riesgu de desapaici\u00f3n\u00bb<\/span><\/em>.<\/li>\n<li dir=\"auto\"><span style=\"color: #008080\"><em>\u00abDe tolos botes con popa n&#8217;espeyu usaos hist\u00f3ricamente nel Cant\u00e1bricu dende&#8217;l sieglu XVIII, solo&#8217;l de la r\u00eda del Eo sigue construy\u00e9ndose g\u00fcei coles mesmes t\u00e9cniques. Esta embarcaci\u00f3n, perfectamente afecha a les condiciones del mediu, ye pr\u00e1cticamente la mesma que s&#8217;usaba d&#8217;antiguo y constit\u00fai tou un s\u00edmbolu del estuariu\u00bb.<\/em><\/span><\/li>\n<\/ul>\n<blockquote><p>El Princip\u00e1u protexe los botes de vela llatina de la r\u00eda de Ribadeo, declarando BIC de calter inmaterial <strong>los oficios y saberes rellacionaos con esta embarcaci\u00f3n seg\u00fan la pr\u00e1ctica del so sal\u00e9u nel estuariu del Eo<\/strong><\/p><\/blockquote>\n<p>&nbsp;<\/p>\n<div class=\"xdj266r x11i5rnm xat24cr x1mh8g0r x1vvkbs x126k92a\">\n<div dir=\"auto\">\n<ul>\n<li><em>La L<span style=\"text-decoration: underline;color: #800080\"><strong>lei de Patrimoniu Cultural d&#8217;Asturies<\/strong><\/span>, aprobada nel a\u00f1u 2001, aboga, y\u00e1 nel so pre\u00e1mbulu, pol <strong>estudiu y protecci\u00f3n de les manifestaciones lling\u00fc\u00edstiques, les costumes, les espresiones art\u00edstiques de tradici\u00f3n oral y otres formes d&#8217;espresi\u00f3n comu\u00f1ales. <\/strong><\/em><\/li>\n<li><em>Nel apart\u00e1u dedic\u00e1u al r\u00e9xime del patrimoniu etnogr\u00e1ficu, se\u00f1\u00e1lense como susceptibles de <strong>protecci\u00f3n diversos elementos inmateriales de la tradici\u00f3n cultural asturiana.<\/strong> Ye&#8217;l casu de llugares venceyaos a <strong><span style=\"color: #008080\">tradiciones populares, ritos y lleendes; los xuegos, los deportes, la m\u00fasica, les fiestes y los bailles tradicionales; seg\u00fan los refranes, relatos, cantares y poemes amestaos a la tresmisi\u00f3n oral.<\/span><\/strong><\/em><\/li>\n<\/ul>\n<p style=\"text-align: left\"><a href=\"https:\/\/s3.ppllstatics.com\/elcomercio\/www\/multimedia\/2023\/03\/10\/81561998--1200x840.jpg\"><img loading=\"lazy\" decoding=\"async\" class=\"aligncenter size-large\" src=\"https:\/\/s3.ppllstatics.com\/elcomercio\/www\/multimedia\/2023\/03\/10\/81561998--1200x840.jpg\" width=\"1200\" height=\"840\" \/><\/a>Col pasu del tiempu, la embarcaci\u00f3n tradicional -perfectamente afecha al mediu- llogr\u00f3 convertise en parte indispensable de la imaxe identitaria de Castropol.<a href=\"https:\/\/s3.ppllstatics.com\/elcomercio\/www\/multimedia\/2023\/03\/10\/81561998--1200x840.jpg\"><br \/>\n<\/a><\/p>\n<p style=\"text-align: center\"><a href=\"https:\/\/upload.wikimedia.org\/wikipedia\/commons\/thumb\/1\/1d\/Vela_latina.jpg\/1280px-Vela_latina.jpg\"><img loading=\"lazy\" decoding=\"async\" class=\"aligncenter size-large\" src=\"https:\/\/upload.wikimedia.org\/wikipedia\/commons\/thumb\/1\/1d\/Vela_latina.jpg\/1280px-Vela_latina.jpg\" width=\"1280\" height=\"960\" \/><\/a><\/p>\n<p style=\"text-align: center\"><a href=\"https:\/\/s2.ppllstatics.com\/elcomercio\/www\/multimedia\/2023\/03\/09\/EF0S8481_20230309122116-U60227188706XyB-758x470@El%20Comercio.jpg\"><img loading=\"lazy\" decoding=\"async\" class=\"aligncenter size-large\" src=\"https:\/\/s2.ppllstatics.com\/elcomercio\/www\/multimedia\/2023\/03\/09\/EF0S8481_20230309122116-U60227188706XyB-758x470@El%20Comercio.jpg\" width=\"758\" height=\"470\" \/><\/a><\/p>\n<\/div>\n<\/div>\n<\/div>\n<\/div>\n<\/div>\n<\/div>\n<\/div>\n<\/div>\n<p>&nbsp;<\/p>\n","protected":false},"excerpt":{"rendered":"<p>Radiotelevisi\u00f3n del Principado de Asturias\/ videu Patrimoniu Inmaterial Asturianu \/ Patrimoniu Hist\u00f3ricu y Cultural \/ La Voz de Galicia \/ El Progreso \/ Vela latina: wiki \/ El bote de vela llatina, s\u00edmbolu de la tradici\u00f3n marinera de Castropol, ye y\u00e1 Bien d&#8217;Inter\u00e9s Cultural Inmaterial nel Princip\u00e1u. Una reconocencia que va impulsar nuevos proyectos en [&hellip;]<\/p>\n","protected":false},"author":117,"featured_media":0,"comment_status":"open","ping_status":"open","sticky":false,"template":"","format":"standard","meta":{"footnotes":""},"categories":[333,370],"tags":[],"class_list":["post-34710","post","type-post","status-publish","format-standard","hentry","category-bic-bien-dinteres-cultural","category-patrimoniu-inmaterial"],"_links":{"self":[{"href":"https:\/\/edublog.educastur.es\/ixuxu\/wp-json\/wp\/v2\/posts\/34710","targetHints":{"allow":["GET"]}}],"collection":[{"href":"https:\/\/edublog.educastur.es\/ixuxu\/wp-json\/wp\/v2\/posts"}],"about":[{"href":"https:\/\/edublog.educastur.es\/ixuxu\/wp-json\/wp\/v2\/types\/post"}],"author":[{"embeddable":true,"href":"https:\/\/edublog.educastur.es\/ixuxu\/wp-json\/wp\/v2\/users\/117"}],"replies":[{"embeddable":true,"href":"https:\/\/edublog.educastur.es\/ixuxu\/wp-json\/wp\/v2\/comments?post=34710"}],"version-history":[{"count":16,"href":"https:\/\/edublog.educastur.es\/ixuxu\/wp-json\/wp\/v2\/posts\/34710\/revisions"}],"predecessor-version":[{"id":34768,"href":"https:\/\/edublog.educastur.es\/ixuxu\/wp-json\/wp\/v2\/posts\/34710\/revisions\/34768"}],"wp:attachment":[{"href":"https:\/\/edublog.educastur.es\/ixuxu\/wp-json\/wp\/v2\/media?parent=34710"}],"wp:term":[{"taxonomy":"category","embeddable":true,"href":"https:\/\/edublog.educastur.es\/ixuxu\/wp-json\/wp\/v2\/categories?post=34710"},{"taxonomy":"post_tag","embeddable":true,"href":"https:\/\/edublog.educastur.es\/ixuxu\/wp-json\/wp\/v2\/tags?post=34710"}],"curies":[{"name":"wp","href":"https:\/\/api.w.org\/{rel}","templated":true}]}}