{"id":3557,"date":"2021-02-03T15:06:47","date_gmt":"2021-02-03T13:06:47","guid":{"rendered":"https:\/\/edublog.educastur.es\/ixuxu\/?p=3557"},"modified":"2021-02-06T18:47:11","modified_gmt":"2021-02-06T16:47:11","slug":"hestoria-dunu-cantar-a-asturies","status":"publish","type":"post","link":"https:\/\/edublog.educastur.es\/ixuxu\/2021\/02\/hestoria-dunu-cantar-a-asturies\/","title":{"rendered":"Hestoria d&#8217;un cantar a Asturies"},"content":{"rendered":"<div id=\"top-row\" class=\"style-scope ytd-video-secondary-info-renderer\">\n<div><img loading=\"lazy\" decoding=\"async\" class=\"alignnone size-full\" src=\"https:\/\/yt3.ggpht.com\/eYiKcIm0Zd7tM-N9z_Pg2m3l0ujahAa2tIHnJ58ZQYKyLsBWGvZ8eTHDIY3ewOUlSZUXA7peZzk=w2120-fcrop64=1,00005a57ffffa5a8-k-c0xffffffff-no-nd-rj\" width=\"2120\" height=\"351\" \/><\/div>\n<div><\/div>\n<div id=\"subscribe-button\" class=\"style-scope ytd-video-secondary-info-renderer\" style=\"text-align: center\">\n<!-- iframe plugin v.6.0 wordpress.org\/plugins\/iframe\/ -->\n<iframe loading=\"lazy\" width=\"647\" height=\"364\" src=\"https:\/\/www.youtube.com\/embed\/5pJW55-FRbg\" scrolling=\"yes\" class=\"iframe-class\" frameborder=\"0\"><\/iframe>\n<\/div>\n<div><\/div>\n<\/div>\n<div id=\"content\" class=\"style-scope ytd-expander\">\n<ul>\n<li id=\"description\" class=\"style-scope ytd-video-secondary-info-renderer\"><span class=\"style-scope yt-formatted-string\" dir=\"auto\"><a href=\"https:\/\/youtu.be\/5pJW55-FRbg\"><strong><em>Un Canto a Asturias.<\/em><\/strong><\/a> <\/span><\/li>\n<li><a href=\"https:\/\/www.youtube.com\/channel\/UCPkzJcDg2D8q1uHAhyLjDkg\">Canal Youtube<strong> Agust\u00edn V\u00e1zquez<\/strong><\/a><\/li>\n<li><a href=\"https:\/\/www.facebook.com\/agustinvazquezcluboficial\">Facebook d\u00b4Agust\u00edn<\/a><\/li>\n<\/ul>\n<div>\n<p><!--more--><\/p>\n<\/div>\n<div class=\"style-scope ytd-video-secondary-info-renderer\"><span class=\"style-scope yt-formatted-string\" dir=\"auto\">Historia de una canci\u00f3n: La idea de la grabaci\u00f3n de<em><strong> \u00abUn Canto a Asturias\u00bb<\/strong><\/em> surge en Buenos Aires en el a\u00f1o 2006 en el transcurso de una conversaci\u00f3n en el Centro Asturiano de la capital argentina entre Agust\u00edn V\u00e1zquez y el que era su presidente en aquel momento, Sr. Nespral, emigrante asturiano concretamente de Infiesto. A ra\u00edz de dicha conversaci\u00f3n, Agust\u00edn V\u00e1zquez se pone en contacto con Julio C\u00e9sar Garc\u00eda, copropietario de la Fonogr\u00e1fica Asturiana para ver qui\u00e9n se puede encargar de gestar una obra de calidad que represente el homenaje que el cantante de Mieres quiere ofrecer a su\/nuestra tierra asturiana. \u00c9ste le presenta al compositor Pep\u00edn Robles que tras conocer la idea gestada entre Agust\u00edn y el Sr. Nespral se pone manos a la obra creando la letra y la m\u00fasica de esta canci\u00f3n as\u00ed como los arreglos musicales seg\u00fan las directrices marcadas por el artista asturiano. El tema aparece por primera vez en el mercado en el CD de Agust\u00edn V\u00e1zquez \u00abGracias\u00bb en 2007 (Ref. CD- SFA-394). En el a\u00f1o 2020 el productor Fernando Malva sugiere a Agust\u00edn grabar un videoclip para acompa\u00f1ar con im\u00e1genes a esta canci\u00f3n tan emotiva. Y \u00e9ste es el resultado. <\/span><\/div>\n<div><\/div>\n<div class=\"style-scope ytd-video-secondary-info-renderer\"><span class=\"style-scope yt-formatted-string\" dir=\"auto\">Queremos agradecer especialmente la colaboraci\u00f3n del excepcional gaitero asturiano Vicente Prado -el Pravianu- que figura tanto en la grabaci\u00f3n del audio como en el videoclip. <\/span><\/div>\n<div class=\"style-scope ytd-video-secondary-info-renderer\"><span class=\"style-scope yt-formatted-string\" dir=\"auto\">Grabado por Fernando Malva en una peque\u00f1a muestra de localizaciones asturianas:<br \/>\n0&#8217;01\u00bb Vista de Gij\u00f3n desde el Pico del Sol<br \/>\n0&#8217;04\u00bb El Pravianu en San Miguel de Lillo, Oviedo<br \/>\n0&#8217;08\u00bb Catedral de Oviedo<br \/>\n0&#8217;13\u00bb Embalse de Rioseco, Sobrescobio<br \/>\n0&#8217;25\u00bb Agust\u00edn en el Cabo Pe\u00f1as<br \/>\n0&#8217;30\u00bb Entorno del embalse de Tanes, Caso<br \/>\n0&#8217;35\u00bb Colegiata de Santa Mar\u00eda la Real, Caso<br \/>\n0&#8217;40\u00bb Entorno de la Iglesia de San Pedro, Gij\u00f3n<br \/>\n0&#8217;47\u00bb Lastres<br \/>\n0&#8217;51\u00bb San Salvador del Valledor, Allande<br \/>\n0&#8217;58\u00bb Mieres<br \/>\n1&#8217;00\u00bb Luarca<br \/>\n1&#8217;03\u00bb Casino de Castropol<br \/>\n1&#8217;05 Tapia de Casariego<br \/>\n1&#8217;14\u00bb Playa de Cuevas de Mar, Llanes<br \/>\n1&#8217;17\u00bb Palacio de Doriga, Salas<br \/>\n1&#8217;20\u00bb Entorno de San Juan de Bele\u00f1o, Ponga<br \/>\n1&#8217;27\u00bb Santa Mar\u00eda del Naranco, Oviedo<br \/>\n1&#8217;30\u00bb Mon, Oscos<br \/>\n1&#8217;33\u00bb Teatro Palacio Vald\u00e9s, Avil\u00e9s<br \/>\n1&#8217;43\u00bb Teatro Campoamor, Oviedo<br \/>\n1&#8217;50\u00bb Teatro Jovellanos, Gij\u00f3n<br \/>\n1&#8217;58\u00bb Iglesia de San Juan, Mieres<br \/>\n2&#8217;02\u00bb Vistas del Aramo desde la zona de Ules, Naranco, Oviedo<br \/>\n2&#8217;08\u00bb San Salvador del Valledor, Allande<br \/>\n2&#8217;10\u00bb Iglesia de Colombres, Rivadedeva<br \/>\n2&#8217;12\u00bb El Rincon\u00edn, Gij\u00f3n 2&#8217;15\u00bb Ribadesella<br \/>\n2&#8217;17\u00bb Avil\u00e9s, Centro Niemeyer<br \/>\n2&#8217;26\u00bb Avil\u00e9s, Plaza Mayor<br \/>\n2&#8217;28\u00bb Somado, Pravia<br \/>\n2&#8217;30\u00bb Paseo de San Pedro, Llanes<br \/>\n2&#8217;37\u00bb Mieres<br \/>\n2&#8217;39\u00bb Fuente de los ca\u00f1os de San Francisco, Avil\u00e9s<br \/>\n2&#8217;41\u00bb Fuente de la Plaza de la Escandalera, Oviedo<br \/>\n2&#8217;47\u00bb Tambor asturiano en Huerces, Gij\u00f3n<br \/>\n2&#8217;47\u00bb Palacio Miranda-Valdecarzana, Grado<br \/>\n2&#8217;56\u00bb Vagones de miner\u00eda, zona Mina Fortuna, Tur\u00f3n<br \/>\n2&#8217;59\u00bb San Salvador del Valledor, Allande<br \/>\n3&#8217;02\u00bb Calle Gascona, Oviedo<br \/>\n3&#8217;04\u00bb Bandera de Asturias en el Parador de Pajares<br \/>\n3&#8217;07\u00bb Lastres 3&#8217;09\u00bb Vistas desde el Puerto del Palo, Allande<br \/>\n3&#8217;16\u00bb Cascada en la zona del Valledor, Allande<br \/>\n3&#8217;18\u00bb San Salvador del Valledor, Allande<br \/>\n3&#8217;20\u00bb Acantilado en Verdicio<br \/>\n3&#8217;26\u00bb Vistas desde el Puerto de Pajares<br \/>\n3&#8217;29\u00bb Casa de la R\u00faa, Oviedo<br \/>\n3&#8217;33\u00bb Puerto deportivo y Palacio de Revillagigedo, Gij\u00f3n<br \/>\n3&#8217;38\u00bb Edificio \u00abLa Jirafa\u00bb, Oviedo<br \/>\n3&#8217;43\u00bb Luarca<br \/>\n3&#8217;45\u00bb Puente de Ribadesella<br \/>\n3&#8217;50\u00bb Playa e iglesia de Luanco<br \/>\n3&#8217;53\u00bb Mieres 4&#8217;00\u00bb Cand\u00e1s<br \/>\n4&#8217;01\u00bb Puerto deportivo, Gij\u00f3n<br \/>\n4&#8217;07\u00bb Cudillero 4&#8217;14\u00bb Villanueva, Grado<br \/>\n4&#8217;17\u00bb Desembocadura del Nal\u00f3n, San Esteban de Pravia <\/span><\/div>\n<div><\/div>\n<div class=\"style-scope ytd-video-secondary-info-renderer\"><span class=\"style-scope yt-formatted-string\" dir=\"auto\">Tambi\u00e9n puedes siguir a Agustin en RRSS: <\/span><a class=\"yt-simple-endpoint style-scope yt-formatted-string\" href=\"https:\/\/www.youtube.com\/redirect?event=video_description&amp;redir_token=QUFFLUhqbnJhX0lsZ1BCSDNDZXpGLXItX2JyZThnM3BqZ3xBQ3Jtc0tuN3VfSVJzLUZhZ3l1Qms5ZnllLUJMY2o4Nk5kV3VwYkwxbm9KZlhNcnR5azhfck83a0JQa1dQVlZSZEhlNUZJOGdYdzVHTG5OempFM2M4Z0U2Yldsa1BXbjdjTWR6V2pxTnVwalA1T3Z4bmZFekhZaw&amp;q=https%3A%2F%2Ffacebook.com%2Fagustinvazquezcluboficial\" target=\"_blank\" rel=\"nofollow noopener\">https:\/\/facebook.com\/agustinvazquezcl&#8230;<\/a><span class=\"style-scope yt-formatted-string\" dir=\"auto\">\u200b<\/span> <a class=\"yt-simple-endpoint style-scope yt-formatted-string\" href=\"https:\/\/www.youtube.com\/redirect?event=video_description&amp;redir_token=QUFFLUhqblhlRGdfRnA4Nzh2M0FTTUd1OVdvU3dDSUx2UXxBQ3Jtc0ttNWNkMHJ6TGpVdC1kd3dIMi02WGZJQVprV2xJZk9KRjlBY1VEbmpHdzZJbFgyUmhfR3VIZE0zVEZhNUQ4VUlmdnk3MkdmOHRJT0k0eFpOZEtWdnJSRGlEcHY5ZFZlS3ZKcXBISUpBdDg0VjR2Y1czMA&amp;q=https%3A%2F%2Fmobile.twitter.com%2FAVazquez_ofic\" target=\"_blank\" rel=\"nofollow noopener\">https:\/\/mobile.twitter.com\/AVazquez_ofic<\/a><\/div>\n<\/div>\n","protected":false},"excerpt":{"rendered":"<p>Un Canto a Asturias. Canal Youtube Agust\u00edn V\u00e1zquez Facebook d\u00b4Agust\u00edn<\/p>\n","protected":false},"author":117,"featured_media":0,"comment_status":"open","ping_status":"open","sticky":false,"template":"","format":"standard","meta":{"footnotes":""},"categories":[1],"tags":[],"class_list":["post-3557","post","type-post","status-publish","format-standard","hentry","category-sin-categoria"],"_links":{"self":[{"href":"https:\/\/edublog.educastur.es\/ixuxu\/wp-json\/wp\/v2\/posts\/3557","targetHints":{"allow":["GET"]}}],"collection":[{"href":"https:\/\/edublog.educastur.es\/ixuxu\/wp-json\/wp\/v2\/posts"}],"about":[{"href":"https:\/\/edublog.educastur.es\/ixuxu\/wp-json\/wp\/v2\/types\/post"}],"author":[{"embeddable":true,"href":"https:\/\/edublog.educastur.es\/ixuxu\/wp-json\/wp\/v2\/users\/117"}],"replies":[{"embeddable":true,"href":"https:\/\/edublog.educastur.es\/ixuxu\/wp-json\/wp\/v2\/comments?post=3557"}],"version-history":[{"count":4,"href":"https:\/\/edublog.educastur.es\/ixuxu\/wp-json\/wp\/v2\/posts\/3557\/revisions"}],"predecessor-version":[{"id":3559,"href":"https:\/\/edublog.educastur.es\/ixuxu\/wp-json\/wp\/v2\/posts\/3557\/revisions\/3559"}],"wp:attachment":[{"href":"https:\/\/edublog.educastur.es\/ixuxu\/wp-json\/wp\/v2\/media?parent=3557"}],"wp:term":[{"taxonomy":"category","embeddable":true,"href":"https:\/\/edublog.educastur.es\/ixuxu\/wp-json\/wp\/v2\/categories?post=3557"},{"taxonomy":"post_tag","embeddable":true,"href":"https:\/\/edublog.educastur.es\/ixuxu\/wp-json\/wp\/v2\/tags?post=3557"}],"curies":[{"name":"wp","href":"https:\/\/api.w.org\/{rel}","templated":true}]}}