{"id":35597,"date":"2024-11-18T10:35:40","date_gmt":"2024-11-18T08:35:40","guid":{"rendered":"https:\/\/edublog.educastur.es\/ixuxu\/?p=35597"},"modified":"2024-11-18T10:35:40","modified_gmt":"2024-11-18T08:35:40","slug":"xxxiii-edicion-del-certame-de-la-castana-y-los-productos-de-la-guerta","status":"publish","type":"post","link":"https:\/\/edublog.educastur.es\/ixuxu\/2024\/11\/xxxiii-edicion-del-certame-de-la-castana-y-los-productos-de-la-guerta\/","title":{"rendered":"XXXIII edici\u00f3n del Certame de la Casta\u00f1a y los productos de la G\u00fcerta"},"content":{"rendered":"<p style=\"text-align: center\"><a href=\"https:\/\/www.elfielato.es\/asset\/thumbnail,1280,720,center,center\/media\/elfielato\/images\/2024\/11\/09\/2024110916522452544.jpg\"><img loading=\"lazy\" decoding=\"async\" class=\"aligncenter size-large\" src=\"https:\/\/www.elfielato.es\/asset\/thumbnail,1280,720,center,center\/media\/elfielato\/images\/2024\/11\/09\/2024110916522452544.jpg\" width=\"1000\" height=\"667\" \/><\/a><\/p>\n<p>Fin de selmana de la Casta\u00f1a en Les Arriondes.\u00a0 Esti fin de selmana cellebr\u00f3se en Les Arriondes la <strong>XXXIII edici\u00f3n del Certame de la Casta\u00f1a y los productos de la G\u00fcerta<\/strong>. Les casta\u00f1es vendi\u00e9ronse a 6 euros el quilu (10 euros el quilu les valdunes); pero am\u00e1s de casta\u00f1es: verdures, hortolices y fruta de primer\u00edsima calid\u00e1, seg\u00fan un bon n\u00famberu de puestos de productos agroalimentarios y d&#8217;artesan\u00eda.<\/p>\n<ul>\n<li>Fonte:<a href=\"https:\/\/www.elfielato.es\/album\/comarca-picos-de-europa\/certamen-castana-huerta-arriondas-2024\/20241109170828072329.html#photo-12\"> El Fielato <\/a>\/<\/li>\n<\/ul>\n<p><!--more--><a href=\"https:\/\/www.elfielato.es\/asset\/thumbnail,1280,720,center,center\/media\/elfielato\/images\/2024\/11\/09\/2024110916522574369.jpg\"><img loading=\"lazy\" decoding=\"async\" class=\"aligncenter size-large\" src=\"https:\/\/www.elfielato.es\/asset\/thumbnail,1280,720,center,center\/media\/elfielato\/images\/2024\/11\/09\/2024110916522574369.jpg\" width=\"1000\" height=\"667\" \/><\/a><\/p>\n<p>&nbsp;<\/p>\n","protected":false},"excerpt":{"rendered":"<p>Fin de selmana de la Casta\u00f1a en Les Arriondes.\u00a0 Esti fin de selmana cellebr\u00f3se en Les Arriondes la XXXIII edici\u00f3n del Certame de la Casta\u00f1a y los productos de la G\u00fcerta. Les casta\u00f1es vendi\u00e9ronse a 6 euros el quilu (10 euros el quilu les valdunes); pero am\u00e1s de casta\u00f1es: verdures, hortolices y fruta de primer\u00edsima [&hellip;]<\/p>\n","protected":false},"author":117,"featured_media":0,"comment_status":"open","ping_status":"open","sticky":false,"template":"","format":"standard","meta":{"footnotes":""},"categories":[138,167],"tags":[],"class_list":["post-35597","post","type-post","status-publish","format-standard","hentry","category-alimentos","category-feries"],"_links":{"self":[{"href":"https:\/\/edublog.educastur.es\/ixuxu\/wp-json\/wp\/v2\/posts\/35597","targetHints":{"allow":["GET"]}}],"collection":[{"href":"https:\/\/edublog.educastur.es\/ixuxu\/wp-json\/wp\/v2\/posts"}],"about":[{"href":"https:\/\/edublog.educastur.es\/ixuxu\/wp-json\/wp\/v2\/types\/post"}],"author":[{"embeddable":true,"href":"https:\/\/edublog.educastur.es\/ixuxu\/wp-json\/wp\/v2\/users\/117"}],"replies":[{"embeddable":true,"href":"https:\/\/edublog.educastur.es\/ixuxu\/wp-json\/wp\/v2\/comments?post=35597"}],"version-history":[{"count":1,"href":"https:\/\/edublog.educastur.es\/ixuxu\/wp-json\/wp\/v2\/posts\/35597\/revisions"}],"predecessor-version":[{"id":35598,"href":"https:\/\/edublog.educastur.es\/ixuxu\/wp-json\/wp\/v2\/posts\/35597\/revisions\/35598"}],"wp:attachment":[{"href":"https:\/\/edublog.educastur.es\/ixuxu\/wp-json\/wp\/v2\/media?parent=35597"}],"wp:term":[{"taxonomy":"category","embeddable":true,"href":"https:\/\/edublog.educastur.es\/ixuxu\/wp-json\/wp\/v2\/categories?post=35597"},{"taxonomy":"post_tag","embeddable":true,"href":"https:\/\/edublog.educastur.es\/ixuxu\/wp-json\/wp\/v2\/tags?post=35597"}],"curies":[{"name":"wp","href":"https:\/\/api.w.org\/{rel}","templated":true}]}}