{"id":35624,"date":"2025-02-21T09:00:03","date_gmt":"2025-02-21T07:00:03","guid":{"rendered":"https:\/\/edublog.educastur.es\/ixuxu\/?p=35624"},"modified":"2024-11-18T11:45:15","modified_gmt":"2024-11-18T09:45:15","slug":"el-21-de-febreru-yel-dia-internacional-del-idioma-maternu","status":"publish","type":"post","link":"https:\/\/edublog.educastur.es\/ixuxu\/2025\/02\/el-21-de-febreru-yel-dia-internacional-del-idioma-maternu\/","title":{"rendered":"El 21 de febreru ye&#8217;l D\u00eda Internacional del Idioma Maternu"},"content":{"rendered":"<p style=\"text-align: center\">\n<!-- iframe plugin v.6.0 wordpress.org\/plugins\/iframe\/ -->\n<iframe loading=\"lazy\" src=\"https:\/\/www.instagram.com\/reel\/CowtshJMI-U\/embed\" width=\"480\" height=\"600\" 0=\"\/iframe\" scrolling=\"yes\" class=\"iframe-class\" frameborder=\"0\"><\/iframe>\n<\/p>\n<header class=\"_aaqw\">\n<div class=\"_aaqy _aaqz\">\n<div class=\"_aar0 _aar1\">\n<div class=\"x78zum5\">\n<div class=\"_aaqt\">\n<div class=\"x9f619 xjbqb8w x78zum5 x168nmei x13lgxp2 x5pf9jr xo71vjh x1n2onr6 x1plvlek xryxfnj x1c4vz4f x2lah0s x1q0g3np xqjyukv x6s0dn4 x1oa3qoh x1nhvcw1\">\n<ul>\n<li><a class=\"x1i10hfl xjbqb8w x1ejq31n xd10rxx x1sy0etr x17r0tee x972fbf xcfux6l x1qhh985 xm0m39n x9f619 x1ypdohk xt0psk2 xe8uvvx xdj266r x11i5rnm xat24cr x1mh8g0r xexx8yu x4uap5 x18d9i69 xkhd6sd x16tdsg8 x1hl2dhg xggy1nq x1a2a7pz _acan _acao _acat _acaw _aj1- _ap30 _a6hd\" role=\"link\" href=\"https:\/\/www.instagram.com\/llinguaxixon\/?e=94e22d07-d618-4626-a014-5804e1a26be4&amp;g=5\">llinguaxixon<\/a><\/li>\n<\/ul>\n<\/div>\n<\/div>\n<\/div>\n<\/div>\n<\/div>\n<\/header>\n<ul>\n<li class=\"_ap3a _aaco _aacu _aacx _aad7 _aade\" dir=\"auto\">Pa celebrar esa ocasi\u00f3n, apurr\u00edmosvos nesta publicaci\u00f3n una serie de recursos n&#8217;asturianu (cantares, llibros, programes y eventos) mui prestosos pa les y los m\u00e1s peque\u00f1inos.<\/li>\n<li class=\"_ap3a _aaco _aacu _aacx _aad7 _aade\" dir=\"auto\">? Los primeros a\u00f1os de vida son claves nel deprendimientu d&#8217;una llingua, y esto tami\u00e9n fai que se normalice l&#8217;usu del asturianu dende&#8217;l nacimientu.<\/li>\n<\/ul>\n","protected":false},"excerpt":{"rendered":"<p>llinguaxixon Pa celebrar esa ocasi\u00f3n, apurr\u00edmosvos nesta publicaci\u00f3n una serie de recursos n&#8217;asturianu (cantares, llibros, programes y eventos) mui prestosos pa les y los m\u00e1s peque\u00f1inos. ? Los primeros a\u00f1os de vida son claves nel deprendimientu d&#8217;una llingua, y esto tami\u00e9n fai que se normalice l&#8217;usu del asturianu dende&#8217;l nacimientu.<\/p>\n","protected":false},"author":117,"featured_media":0,"comment_status":"open","ping_status":"open","sticky":false,"template":"","format":"standard","meta":{"footnotes":""},"categories":[6,88],"tags":[],"class_list":["post-35624","post","type-post","status-publish","format-standard","hentry","category-dia-de","category-o-llinguistica-xixon"],"_links":{"self":[{"href":"https:\/\/edublog.educastur.es\/ixuxu\/wp-json\/wp\/v2\/posts\/35624","targetHints":{"allow":["GET"]}}],"collection":[{"href":"https:\/\/edublog.educastur.es\/ixuxu\/wp-json\/wp\/v2\/posts"}],"about":[{"href":"https:\/\/edublog.educastur.es\/ixuxu\/wp-json\/wp\/v2\/types\/post"}],"author":[{"embeddable":true,"href":"https:\/\/edublog.educastur.es\/ixuxu\/wp-json\/wp\/v2\/users\/117"}],"replies":[{"embeddable":true,"href":"https:\/\/edublog.educastur.es\/ixuxu\/wp-json\/wp\/v2\/comments?post=35624"}],"version-history":[{"count":3,"href":"https:\/\/edublog.educastur.es\/ixuxu\/wp-json\/wp\/v2\/posts\/35624\/revisions"}],"predecessor-version":[{"id":35629,"href":"https:\/\/edublog.educastur.es\/ixuxu\/wp-json\/wp\/v2\/posts\/35624\/revisions\/35629"}],"wp:attachment":[{"href":"https:\/\/edublog.educastur.es\/ixuxu\/wp-json\/wp\/v2\/media?parent=35624"}],"wp:term":[{"taxonomy":"category","embeddable":true,"href":"https:\/\/edublog.educastur.es\/ixuxu\/wp-json\/wp\/v2\/categories?post=35624"},{"taxonomy":"post_tag","embeddable":true,"href":"https:\/\/edublog.educastur.es\/ixuxu\/wp-json\/wp\/v2\/tags?post=35624"}],"curies":[{"name":"wp","href":"https:\/\/api.w.org\/{rel}","templated":true}]}}