{"id":3571,"date":"2021-02-02T15:36:30","date_gmt":"2021-02-02T13:36:30","guid":{"rendered":"https:\/\/edublog.educastur.es\/ixuxu\/?p=3571"},"modified":"2021-02-06T15:40:20","modified_gmt":"2021-02-06T13:40:20","slug":"escelente-imaxe-de-la-via-lactea-paul-martini","status":"publish","type":"post","link":"https:\/\/edublog.educastur.es\/ixuxu\/2021\/02\/escelente-imaxe-de-la-via-lactea-paul-martini\/","title":{"rendered":"Escelente imaxe de la V\u00eda L\u00e1ctea (Paul Martini)"},"content":{"rendered":"<p><a href=\"https:\/\/www.eluniversohoy.net\/wp-content\/uploads\/2021\/02\/5848954984589598934834-684x1024.jpg\"><img loading=\"lazy\" decoding=\"async\" class=\"aligncenter\" src=\"https:\/\/www.eluniversohoy.net\/wp-content\/uploads\/2021\/02\/5848954984589598934834-684x1024.jpg\" alt=\"\" width=\"359\" height=\"537\" \/><\/a><\/p>\n<p>Escelente imaxe de la V\u00eda L\u00e1ctea captada la nueche del 31 de xineru de 2021, dende Bluff nel est\u00e1u de Utah, Estaos Xun\u00edos. L&#8217;Oxetu m\u00e1s brillosu na imaxe ye la estrella <strong>Sirius.<\/strong> La constelaci\u00f3n d\u00b4Ori\u00f3n ye visible na zona central-derecha. La imaxe foi realizada con una c\u00e1mara Sony ILCE-7S a 15 segundos de tiempu d&#8217;esposici\u00f3n, f\/2.8 d&#8217;apertura y 12800 d\u00b4ISO. Cr\u00e9dito: Paul Martini<\/p>\n<ul>\n<li><a href=\"https:\/\/www.eluniversohoy.net\/la-via-lactea-fotografiada-desde-utah-estados-unidos-4\/\">Fonte noticia<\/a><\/li>\n<li><a href=\"https:\/\/www.eluniversohoy.net\/\"><strong>El Universo Hoy<\/strong><\/a><\/li>\n<\/ul>\n","protected":false},"excerpt":{"rendered":"<p>Escelente imaxe de la V\u00eda L\u00e1ctea captada la nueche del 31 de xineru de 2021, dende Bluff nel est\u00e1u de Utah, Estaos Xun\u00edos. L&#8217;Oxetu m\u00e1s brillosu na imaxe ye la estrella Sirius. La constelaci\u00f3n d\u00b4Ori\u00f3n ye visible na zona central-derecha. La imaxe foi realizada con una c\u00e1mara Sony ILCE-7S a 15 segundos de tiempu d&#8217;esposici\u00f3n, [&hellip;]<\/p>\n","protected":false},"author":117,"featured_media":0,"comment_status":"open","ping_status":"open","sticky":false,"template":"","format":"image","meta":{"footnotes":""},"categories":[4,17],"tags":[],"class_list":["post-3571","post","type-post","status-publish","format-image","hentry","category-natura","category-semeyes","post_format-post-format-image"],"_links":{"self":[{"href":"https:\/\/edublog.educastur.es\/ixuxu\/wp-json\/wp\/v2\/posts\/3571","targetHints":{"allow":["GET"]}}],"collection":[{"href":"https:\/\/edublog.educastur.es\/ixuxu\/wp-json\/wp\/v2\/posts"}],"about":[{"href":"https:\/\/edublog.educastur.es\/ixuxu\/wp-json\/wp\/v2\/types\/post"}],"author":[{"embeddable":true,"href":"https:\/\/edublog.educastur.es\/ixuxu\/wp-json\/wp\/v2\/users\/117"}],"replies":[{"embeddable":true,"href":"https:\/\/edublog.educastur.es\/ixuxu\/wp-json\/wp\/v2\/comments?post=3571"}],"version-history":[{"count":4,"href":"https:\/\/edublog.educastur.es\/ixuxu\/wp-json\/wp\/v2\/posts\/3571\/revisions"}],"predecessor-version":[{"id":3573,"href":"https:\/\/edublog.educastur.es\/ixuxu\/wp-json\/wp\/v2\/posts\/3571\/revisions\/3573"}],"wp:attachment":[{"href":"https:\/\/edublog.educastur.es\/ixuxu\/wp-json\/wp\/v2\/media?parent=3571"}],"wp:term":[{"taxonomy":"category","embeddable":true,"href":"https:\/\/edublog.educastur.es\/ixuxu\/wp-json\/wp\/v2\/categories?post=3571"},{"taxonomy":"post_tag","embeddable":true,"href":"https:\/\/edublog.educastur.es\/ixuxu\/wp-json\/wp\/v2\/tags?post=3571"}],"curies":[{"name":"wp","href":"https:\/\/api.w.org\/{rel}","templated":true}]}}