{"id":3583,"date":"2021-01-13T10:00:10","date_gmt":"2021-01-13T08:00:10","guid":{"rendered":"https:\/\/edublog.educastur.es\/ixuxu\/?p=3583"},"modified":"2021-02-06T16:06:16","modified_gmt":"2021-02-06T14:06:16","slug":"afayen-una-nueva-especie-de-gecko-neon-que-relluma-cola-lluz-de-la-lluna","status":"publish","type":"post","link":"https:\/\/edublog.educastur.es\/ixuxu\/2021\/01\/afayen-una-nueva-especie-de-gecko-neon-que-relluma-cola-lluz-de-la-lluna\/","title":{"rendered":"Afayen una nueva especie de gecko ne\u00f3n que relluma cola lluz de la Lluna"},"content":{"rendered":"<ul>\n<li><a href=\"https:\/\/www.ngenespanol.com\/animales\/descubren-una-nueva-especie-de-gecko-neon-que-brilla-con-la-luz-de-la-luna\/?fbclid=IwAR1CazWCb-aeepgRQj0dJ9vHmYWttslT_jiN48Gf-uUkgT2XWLI_3q_l8Mk\">Fonte noticia: Andrea Fisher<\/a><\/li>\n<\/ul>\n<p style=\"text-align: center\"><a href=\"https:\/\/dam.ngenespanol.com\/wp-content\/uploads\/2021\/01\/gecko.jpg\"><img loading=\"lazy\" decoding=\"async\" class=\"alignnone\" src=\"https:\/\/dam.ngenespanol.com\/wp-content\/uploads\/2021\/01\/gecko.jpg\" alt=\"\" width=\"724\" height=\"483\" \/><\/a><\/p>\n<p><em><span style=\"font-size: 20px\">Un gecko apocay\u00e1 afay\u00e1u nel desiertu de Namibia reacciona con luz ne\u00f3n de tonalidaes verdes a la lluz de la Lluna.<\/span><\/em><\/p>\n<p><em><span style=\"font-size: 20px\"><!--more--><\/span><\/em><\/p>\n<p><em><span style=\"font-size: 20px\">Nes fondures m\u00e1s inaccesibles para la vida humana del desiertu de Namibia, la vida efervesce en tonalidaes distintes. Apocay\u00e1, l&#8217;afayu d&#8217;un gecko con franja ne\u00f3n que rellumen na escurid\u00e1 capt\u00f3 l&#8217;atenci\u00f3n de la comunid\u00e1 internacional.<\/span><\/em><\/p>\n<p><em><span style=\"font-size: 20px\">Nunca antes na hestoria de la biolox\u00eda catalog\u00e1rase un animal vertebr\u00e1u que la so piel emitiera una lluz verde a la lluz de la Lluna. Muncho menos sobre la superficie terrestre. Seg\u00fan especul\u00f3 l&#8217;equipu de cient\u00edficos que conduci\u00f3 l&#8217;estudiu sobro esta especie, <strong>esta luminiscencia ye productu de qu&#8217;estos llagartos son capaces d&#8217;absorber la lluz azul que se reflexa del nuesu sat\u00e9lite natural.<\/strong><\/span><\/em><\/p>\n<p style=\"text-align: center\"><a href=\"https:\/\/dam.ngenespanol.com\/wp-content\/uploads\/2021\/01\/namibia-gecko.jpg\"><img loading=\"lazy\" decoding=\"async\" class=\"alignnone\" src=\"https:\/\/dam.ngenespanol.com\/wp-content\/uploads\/2021\/01\/namibia-gecko.jpg\" alt=\"\" width=\"724\" height=\"483\" \/><\/a><\/p>\n<p style=\"text-align: center\"><span style=\"font-size: 16px\"><em>Una llagartesa ne\u00f3n <\/em><em>gecko\u00a0 <\/em><em>Semeya: Getty Images<\/em><\/span><\/p>\n<p><em><span style=\"font-size: 20px\">La fluorescencia inherente a esti gecko de Namibia <strong>produzse cuando l&#8217;animal entra en contactu cola lluz que la Lluna reflexa del Sol.<\/strong> Ye capaz d&#8217;absorbela, pa depu\u00e9s emitir un llargor d&#8217;onda m\u00e1s llarga a partir de secreciones qu\u00edmiques na so piel. Un pigmentu espec\u00edficu sobre \u00e9sta, enllena de cristales de guanina, ye&#8217;l que-yos dexa rellumar d&#8217;esta manera.<\/span><\/em><\/p>\n<p><em><span style=\"font-size: 20px\">De manera xeneral, estes llagarteses pueden atopase en llechos de r\u00edos que s&#8217;ensugaron, o ente les dunes del desiertu namibio. Pueden llegar a midir ente 10 a 15 cent\u00edmetros de llargu, seg\u00fan la Universid\u00e1 de Michigan, y les sos pates palmotiaes t\u00e1n dise\u00f1aes naturalmente pa escavar sable bien finu. Col\u00fambrase-yos m\u00e1s com\u00fanmente nes altes hores de la nueche, y\u00e1 que destaca pola so brillantez natural.<\/span><\/em><\/p>\n<p><em><span style=\"font-size: 20px\">Suxur\u00edmoste: Resuelven el misteriu de los camarones que salen a caminar pela tierra mientres la nueche Una rellumada oculto gecko<\/span><\/em><\/p>\n<p style=\"text-align: center\"><img loading=\"lazy\" decoding=\"async\" class=\"alignnone size-full\" src=\"https:\/\/dam.ngenespanol.com\/wp-content\/uploads\/2021\/01\/gecko-namibio.jpg\" width=\"820\" height=\"425\" \/><\/p>\n<p style=\"text-align: center\"><span style=\"font-size: 14px\"><em>Palmatogecko atop\u00e1u nel desiertu de Namibia, seg\u00fan vese mientres el d\u00eda. Semeya: Getty Images<\/em><\/span><\/p>\n<p><em><span style=\"font-size: 20px\">El casu d&#8217;estos geckos lleg\u00f3 hasta Alema\u00f1a, onde Mark Scherz, investigador postdoctoral del<strong> Adaptive Genomics Group<\/strong> de la Universit\u00e4t Potsdam, estudia a fondura xuntu con dellos colegues sos. De magar, y\u00e1 se sab\u00eda que los camaleones tienen g\u00fcesos que rellumen al travi\u00e9s de la piel. Con esti antecedente, los cient\u00edficos empezaron buscar rellumaes ocultes n&#8217;otros reptiles y anfibios. Asina dieron colos geckos ne\u00f3n, seg\u00fan se\u00f1al\u00f3 Scherz:<\/span><\/em><\/p>\n<p><em><span style=\"font-size: 20px\">\u201cEn realid\u00e1, resulta que dalgunes otres especies, incluy\u00edos los geckos, tienen una piel lo suficientemente tresparente como por que la fluorescencia de los sos g\u00fcesos pueda vese al travi\u00e9s d&#8217;ella so una lluz ultravioleta lo suficientemente fuerte\u201d.<\/span><\/em><\/p>\n<p><em><span style=\"font-size: 20px\">Denomin\u00f3se-yos como P. rangei geckos dempu\u00e9s de que David Pr\u00f6tzel, autor principal d&#8217;esti estudiu, llev\u00e1rase una sorpresa cuando allum\u00f3&#8217;l so espaciu de trabayu con una lluz ultravioleta. Dempu\u00e9s d&#8217;analizar a otros 55 exemplares, los cient\u00edficos alemanes concluyeron qu&#8217;esti fen\u00f3menu nun estrema ente sexos nin ed\u00e1, y\u00e1 que pudieron repara en moces y adultos por igual.<\/span><\/em><\/p>\n","protected":false},"excerpt":{"rendered":"<p>Fonte noticia: Andrea Fisher Un gecko apocay\u00e1 afay\u00e1u nel desiertu de Namibia reacciona con luz ne\u00f3n de tonalidaes verdes a la lluz de la Lluna.<\/p>\n","protected":false},"author":117,"featured_media":0,"comment_status":"open","ping_status":"open","sticky":false,"template":"","format":"standard","meta":{"footnotes":""},"categories":[25,4],"tags":[],"class_list":["post-3583","post","type-post","status-publish","format-standard","hentry","category-curiosidaes","category-natura"],"_links":{"self":[{"href":"https:\/\/edublog.educastur.es\/ixuxu\/wp-json\/wp\/v2\/posts\/3583","targetHints":{"allow":["GET"]}}],"collection":[{"href":"https:\/\/edublog.educastur.es\/ixuxu\/wp-json\/wp\/v2\/posts"}],"about":[{"href":"https:\/\/edublog.educastur.es\/ixuxu\/wp-json\/wp\/v2\/types\/post"}],"author":[{"embeddable":true,"href":"https:\/\/edublog.educastur.es\/ixuxu\/wp-json\/wp\/v2\/users\/117"}],"replies":[{"embeddable":true,"href":"https:\/\/edublog.educastur.es\/ixuxu\/wp-json\/wp\/v2\/comments?post=3583"}],"version-history":[{"count":3,"href":"https:\/\/edublog.educastur.es\/ixuxu\/wp-json\/wp\/v2\/posts\/3583\/revisions"}],"predecessor-version":[{"id":3587,"href":"https:\/\/edublog.educastur.es\/ixuxu\/wp-json\/wp\/v2\/posts\/3583\/revisions\/3587"}],"wp:attachment":[{"href":"https:\/\/edublog.educastur.es\/ixuxu\/wp-json\/wp\/v2\/media?parent=3583"}],"wp:term":[{"taxonomy":"category","embeddable":true,"href":"https:\/\/edublog.educastur.es\/ixuxu\/wp-json\/wp\/v2\/categories?post=3583"},{"taxonomy":"post_tag","embeddable":true,"href":"https:\/\/edublog.educastur.es\/ixuxu\/wp-json\/wp\/v2\/tags?post=3583"}],"curies":[{"name":"wp","href":"https:\/\/api.w.org\/{rel}","templated":true}]}}