{"id":35835,"date":"2024-11-20T15:21:49","date_gmt":"2024-11-20T13:21:49","guid":{"rendered":"https:\/\/edublog.educastur.es\/ixuxu\/?p=35835"},"modified":"2024-11-20T15:40:41","modified_gmt":"2024-11-20T13:40:41","slug":"35835","status":"publish","type":"post","link":"https:\/\/edublog.educastur.es\/ixuxu\/2024\/11\/35835\/","title":{"rendered":"Mapi Quintana abre les puertes de la so casa a \u00abMusicAsturiana\u00bb"},"content":{"rendered":"<div class=\"x9f619 xjbqb8w x1rg5ohu x168nmei x13lgxp2 x5pf9jr xo71vjh x1uhb9sk x1plvlek xryxfnj x1c4vz4f x2lah0s x1q0g3np xqjyukv x1qjc9v5 x1oa3qoh x1nhvcw1 x193iq5w x1xmf6yo\">\n<div class=\"x1rg5ohu xw3qccf\">\n<div>\n<div class=\"x9f619 xjbqb8w x1rg5ohu x168nmei x13lgxp2 x5pf9jr xo71vjh x1uhb9sk x1plvlek xryxfnj x1c4vz4f x2lah0s xdt5ytf xqjyukv x1qjc9v5 x1oa3qoh x1nhvcw1\">\n<ul>\n<li class=\"x9f619 xjbqb8w x78zum5 x168nmei x13lgxp2 x5pf9jr xo71vjh x1n2onr6 x1plvlek xryxfnj x1c4vz4f x2lah0s x1q0g3np xqjyukv x6s0dn4 x1oa3qoh x1nhvcw1\"><span class=\"_ap3a _aaco _aacw _aacx _aad7 _aade\" dir=\"auto\"><a href=\"https:\/\/musicasturiana.com\"><strong>Musicasturiana<\/strong> web<\/a> \/ <a href=\"https:\/\/www.instagram.com\/musicasturiana\/\">Instagram<\/a> \/ <a href=\"https:\/\/www.facebook.com\/musicasturiana\">Facebook<\/a> \/ <a href=\"https:\/\/musicasturiana.com\/mapi-quintana-la-working-class-de-la-industria-musical\/\">Entrada<\/a>\/<br \/>\n<\/span><\/li>\n<li><strong>Mapi Quintana:<\/strong> \/ <a href=\"https:\/\/es.wikipedia.org\/wiki\/Mapi_Quintana\">wiki<\/a> \/ <a href=\"https:\/\/www.instagram.com\/mapiquintana\/?hl=es\">IG<\/a> \/<\/li>\n<\/ul>\n<p style=\"text-align: center\">\n<!-- iframe plugin v.6.0 wordpress.org\/plugins\/iframe\/ -->\n<iframe loading=\"lazy\" src=\"https:\/\/www.instagram.com\/reel\/DCjfPuRsyH0\/embed\" width=\"480\" height=\"500\" 0=\"\/iframe\" scrolling=\"yes\" class=\"iframe-class\" frameborder=\"0\"><\/iframe>\n<\/p>\n<\/div>\n<\/div>\n<\/div>\n<div><span class=\"_ap3a _aaco _aacu _aacx _aad7 _aade\" dir=\"auto\">Estrenamos nueva estaya dedicada a afondar nel trabayu de les profesionales de la m\u00fasica asturiana \u2692\ufe0f?\ufe0f Entamamos con <a class=\"x1i10hfl xjbqb8w x1ejq31n xd10rxx x1sy0etr x17r0tee x972fbf xcfux6l x1qhh985 xm0m39n x9f619 x1ypdohk xt0psk2 xe8uvvx xdj266r x11i5rnm xat24cr x1mh8g0r xexx8yu x4uap5 x18d9i69 xkhd6sd x16tdsg8 x1hl2dhg xggy1nq x1a2a7pz notranslate _a6hd\" role=\"link\" href=\"https:\/\/www.instagram.com\/mapiquintana\/\">@mapiquintana<\/a> , que nos abre les puertes de so casa pa falar de c\u00f3mo ye\u2019l so d\u00eda a d\u00eda siendo una trabayadora de la cultura&#8230; y de muncho m\u00e1s. Nacida nel conceyu L.lena, <em>Mapi Quintana<\/em> ye \u00fan de los nomes m\u00e1s destacaos de la escena jazz asturiana.<br \/>\n<\/span><\/div>\n<div><strong><!--more--><\/strong><\/div>\n<\/div>\n<div style=\"text-align: center\">\n<!-- iframe plugin v.6.0 wordpress.org\/plugins\/iframe\/ -->\n<iframe loading=\"lazy\" src=\"https:\/\/www.instagram.com\/reel\/C_7kHOesKQ5\/embed\" width=\"480\" height=\"500\" 0=\"\/iframe\" scrolling=\"yes\" class=\"iframe-class\" frameborder=\"0\"><\/iframe>\n<\/div>\n<div><\/div>\n<div style=\"text-align: center\">\n<!-- iframe plugin v.6.0 wordpress.org\/plugins\/iframe\/ -->\n<iframe loading=\"lazy\" width=\"640\" height=\"360\" src=\"https:\/\/www.youtube.com\/embed\/-qDCGqhbc1w\" title=\"AMOSANDO #27 ?\ufe0f Conciertu Mapi Quintana &#039;La Maramoniz&#039;\" frameborder=\"0\" allow=\"accelerometer; autoplay; clipboard-write; encrypted-media; gyroscope; picture-in-picture; web-share\" referrerpolicy=\"strict-origin-when-cross-origin\" 0=\"allowfullscreen\" 1=\"\/iframe\" scrolling=\"yes\" class=\"iframe-class\"><\/iframe>\n<\/div>\n<div><\/div>\n<div><span class=\"yt-core-attributed-string yt-core-attributed-string--white-space-pre-wrap\" dir=\"auto\"><span class=\"yt-core-attributed-string--link-inherit-color\" dir=\"auto\">? <em><strong>MAPI QUINTANA &#8216;LA MARAMONIZ&#8217; (2023)<\/strong> La Maramoniz ye\u2019l proyectu nuevu de Mapi Quintana, una de les artistes m\u00e1s pernomaes de la escena jazz y folk d\u2019Asturies. Nel so primer \u00e1lbum hom\u00f3nimu entemez la tradici\u00f3n con est\u00e9tiques y son\u00edos m\u00e1s vanguardistes.<\/em><\/span><\/span><\/div>\n<p>&nbsp;<\/p>\n","protected":false},"excerpt":{"rendered":"<p>Musicasturiana web \/ Instagram \/ Facebook \/ Entrada\/ Mapi Quintana: \/ wiki \/ IG \/ Estrenamos nueva estaya dedicada a afondar nel trabayu de les profesionales de la m\u00fasica asturiana \u2692\ufe0f?\ufe0f Entamamos con @mapiquintana , que nos abre les puertes de so casa pa falar de c\u00f3mo ye\u2019l so d\u00eda a d\u00eda siendo una trabayadora [&hellip;]<\/p>\n","protected":false},"author":117,"featured_media":0,"comment_status":"open","ping_status":"open","sticky":false,"template":"","format":"standard","meta":{"footnotes":""},"categories":[35,125,121],"tags":[],"class_list":["post-35835","post","type-post","status-publish","format-standard","hentry","category-musica","category-musicasturiana-com","category-muyeres"],"_links":{"self":[{"href":"https:\/\/edublog.educastur.es\/ixuxu\/wp-json\/wp\/v2\/posts\/35835","targetHints":{"allow":["GET"]}}],"collection":[{"href":"https:\/\/edublog.educastur.es\/ixuxu\/wp-json\/wp\/v2\/posts"}],"about":[{"href":"https:\/\/edublog.educastur.es\/ixuxu\/wp-json\/wp\/v2\/types\/post"}],"author":[{"embeddable":true,"href":"https:\/\/edublog.educastur.es\/ixuxu\/wp-json\/wp\/v2\/users\/117"}],"replies":[{"embeddable":true,"href":"https:\/\/edublog.educastur.es\/ixuxu\/wp-json\/wp\/v2\/comments?post=35835"}],"version-history":[{"count":8,"href":"https:\/\/edublog.educastur.es\/ixuxu\/wp-json\/wp\/v2\/posts\/35835\/revisions"}],"predecessor-version":[{"id":35851,"href":"https:\/\/edublog.educastur.es\/ixuxu\/wp-json\/wp\/v2\/posts\/35835\/revisions\/35851"}],"wp:attachment":[{"href":"https:\/\/edublog.educastur.es\/ixuxu\/wp-json\/wp\/v2\/media?parent=35835"}],"wp:term":[{"taxonomy":"category","embeddable":true,"href":"https:\/\/edublog.educastur.es\/ixuxu\/wp-json\/wp\/v2\/categories?post=35835"},{"taxonomy":"post_tag","embeddable":true,"href":"https:\/\/edublog.educastur.es\/ixuxu\/wp-json\/wp\/v2\/tags?post=35835"}],"curies":[{"name":"wp","href":"https:\/\/api.w.org\/{rel}","templated":true}]}}