{"id":36013,"date":"2024-11-22T12:40:18","date_gmt":"2024-11-22T10:40:18","guid":{"rendered":"https:\/\/edublog.educastur.es\/ixuxu\/?p=36013"},"modified":"2024-11-22T12:50:33","modified_gmt":"2024-11-22T10:50:33","slug":"picos-deuropa-onde-dormir-gratis-viendo-les-estrelles-nun-portaviones-como-abelugu","status":"publish","type":"post","link":"https:\/\/edublog.educastur.es\/ixuxu\/2024\/11\/picos-deuropa-onde-dormir-gratis-viendo-les-estrelles-nun-portaviones-como-abelugu\/","title":{"rendered":"Picos d&#8217;Europa, onde dormir gratis viendo les estrelles nun portaviones como abelugu"},"content":{"rendered":"<ul>\n<li>Fonte: <a href=\"https:\/\/www.larazon.es\/cantabria\/portaviones-2300-metros-altitud-picos-europa-donde-dormir-gratis-viendo-estrellas_20241120673d9944b2d0df0001ce8708.html\">La Raz\u00f3n<\/a> \/ <a href=\"https:\/\/www.facebook.com\/reel\/1544731732804372\"><strong>Reel<\/strong> <\/a>d&#8217;<a href=\"https:\/\/www.facebook.com\/profile.php?id=100094765964577&amp;sk=reels_tab\">Alex Cursio<\/a> \/<\/li>\n<li><strong>Abelugu Caba\u00f1a Ver\u00f3nica<\/strong>: <a href=\"https:\/\/es.wikipedia.org\/wiki\/Caba%C3%B1a_Ver%C3%B3nica\">wiki <\/a>\u00a0\/<a href=\"https:\/\/reservarefugios.com\/es\/refugios\/cabana-veronica\"> Reserva refugios<\/a> \/<\/li>\n<\/ul>\n<p style=\"text-align: center\"><a href=\"https:\/\/upload.wikimedia.org\/wikipedia\/commons\/thumb\/c\/c5\/Caba%C3%B1a_Veronica.jpg\/1920px-Caba%C3%B1a_Veronica.jpg\"><img loading=\"lazy\" decoding=\"async\" class=\"aligncenter size-large\" src=\"https:\/\/upload.wikimedia.org\/wikipedia\/commons\/thumb\/c\/c5\/Caba%C3%B1a_Veronica.jpg\/1920px-Caba%C3%B1a_Veronica.jpg\" width=\"1920\" height=\"563\" \/><\/a><\/p>\n<p>El portaviones a 2.300 metros d&#8217;altit\u00fa en Picos d&#8217;Europa onde dormir gratis viendo les estrelles. <strong>Con capacid\u00e1 para seis persones<\/strong>, ye unu de los abelugos m\u00e1s singulares del mundu y <strong>dispon de toles comodidaes.<\/strong><\/p>\n<p>Toos sua\u00f1emos dalguna vegada con ver les estrelles pela nueche dende un llugar que dexe esfrutar del firmamentu y onde nun esista contaminaci\u00f3n llum\u00ednica.<\/p>\n<p style=\"text-align: center\"><a href=\"https:\/\/reservarefugios.com\/sites\/default\/files\/styles\/header_image\/public\/images\/shelters\/Veronica-1-1-2.jpg?itok=0A4fA1pq\"><img loading=\"lazy\" decoding=\"async\" class=\"aligncenter size-large\" src=\"https:\/\/reservarefugios.com\/sites\/default\/files\/styles\/header_image\/public\/images\/shelters\/Veronica-1-1-2.jpg?itok=0A4fA1pq\" width=\"1920\" height=\"500\" \/><\/a><\/p>\n<p><!--more--><\/p>\n<p>Tr\u00e1tase\u00a0 d&#8217;un abelugu bien singular, porque <strong>nun ye una cabana tradicional, sin\u00f3n un portaviones que foi construy\u00edu fai m\u00e1s de sesenta a\u00f1os a partir d&#8217;una bater\u00eda antia\u00e9rea estadounidense.<\/strong> Tr\u00e1tase, ensin neng\u00fan llugar a duldes, d&#8217;unu de los abelugos de monte m\u00e1s singulares del mundu.<\/p>\n<p style=\"text-align: center\"><a href=\"https:\/\/fotografias.larazon.es\/clipping\/cmsimages02\/2024\/11\/20\/2E8EBFFA-1B77-4373-B911-ADF0FFA28A8B\/portaaviones-2300-metros-altitud-picos-europa-donde-dormir-gratis-viendo-estrellas_97.jpg?crop=800,450,x0,y24&amp;width=1600&amp;height=900&amp;optimize=low&amp;format=webply\"><img loading=\"lazy\" decoding=\"async\" class=\"aligncenter \" src=\"https:\/\/fotografias.larazon.es\/clipping\/cmsimages02\/2024\/11\/20\/2E8EBFFA-1B77-4373-B911-ADF0FFA28A8B\/portaaviones-2300-metros-altitud-picos-europa-donde-dormir-gratis-viendo-estrellas_97.jpg?crop=800,450,x0,y24&amp;width=1600&amp;height=900&amp;optimize=low&amp;format=webply\" width=\"572\" height=\"322\" \/><\/a><\/p>\n<p style=\"text-align: center\">\n<!-- iframe plugin v.6.0 wordpress.org\/plugins\/iframe\/ -->\n<iframe loading=\"lazy\" src=\"https:\/\/www.facebook.com\/plugins\/video.php?height=476&#038;href=https%3A%2F%2Fwww.facebook.com%2Freel%2F1544731732804372%2F&#038;show_text=false&#038;width=267&#038;t=0\" width=\"267\" height=\"476\" style=\"border:none;overflow:hidden\" scrolling=\"no\" frameborder=\"0\" allowfullscreen=\"true\" allow=\"autoplay; clipboard-write; encrypted-media; picture-in-picture; web-share\" 0=\"\/iframe\" class=\"iframe-class\"><\/iframe>\n<\/p>\n<p style=\"text-align: center\"><a href=\"https:\/\/upload.wikimedia.org\/wikipedia\/commons\/thumb\/3\/37\/PicoTesorero.jpg\/1920px-PicoTesorero.jpg\"><img loading=\"lazy\" decoding=\"async\" class=\"aligncenter size-large\" src=\"https:\/\/upload.wikimedia.org\/wikipedia\/commons\/thumb\/3\/37\/PicoTesorero.jpg\/1920px-PicoTesorero.jpg\" width=\"1920\" height=\"1080\" \/><\/a><\/p>\n<p>L&#8217;Abelugu #Caba\u00f1a Ver\u00f3nica ye un abelugu de monte asiti\u00e1u nel parque nacional de Picos d&#8217;Europa (Cantabria, Espa\u00f1a), a <strong>2325 mts,<\/strong> <strong>nes estribaciones del Picu Tesoreru<\/strong>, nel Macizu Central de los Picos d&#8217;Europa. El so nome provien del d&#8217;una de les f\u00edes de Conrado Sent\u00edes, el so promotor y art\u00edfiz.<\/p>\n<p>Angua\u00f1o&#8217;l peculiar abelugu <strong>ye un iconu nos Picos d&#8217;Europa pol so calter como puntu de referencia, llugar de xunta y estaci\u00f3n de cam\u00edn para los escursionistes.<\/strong><\/p>\n","protected":false},"excerpt":{"rendered":"<p>Fonte: La Raz\u00f3n \/ Reel d&#8217;Alex Cursio \/ Abelugu Caba\u00f1a Ver\u00f3nica: wiki \u00a0\/ Reserva refugios \/ El portaviones a 2.300 metros d&#8217;altit\u00fa en Picos d&#8217;Europa onde dormir gratis viendo les estrelles. Con capacid\u00e1 para seis persones, ye unu de los abelugos m\u00e1s singulares del mundu y dispon de toles comodidaes. Toos sua\u00f1emos dalguna vegada con [&hellip;]<\/p>\n","protected":false},"author":117,"featured_media":0,"comment_status":"open","ping_status":"open","sticky":false,"template":"","format":"standard","meta":{"footnotes":""},"categories":[311,18],"tags":[],"class_list":["post-36013","post","type-post","status-publish","format-standard","hentry","category-montes","category-turismu"],"_links":{"self":[{"href":"https:\/\/edublog.educastur.es\/ixuxu\/wp-json\/wp\/v2\/posts\/36013","targetHints":{"allow":["GET"]}}],"collection":[{"href":"https:\/\/edublog.educastur.es\/ixuxu\/wp-json\/wp\/v2\/posts"}],"about":[{"href":"https:\/\/edublog.educastur.es\/ixuxu\/wp-json\/wp\/v2\/types\/post"}],"author":[{"embeddable":true,"href":"https:\/\/edublog.educastur.es\/ixuxu\/wp-json\/wp\/v2\/users\/117"}],"replies":[{"embeddable":true,"href":"https:\/\/edublog.educastur.es\/ixuxu\/wp-json\/wp\/v2\/comments?post=36013"}],"version-history":[{"count":9,"href":"https:\/\/edublog.educastur.es\/ixuxu\/wp-json\/wp\/v2\/posts\/36013\/revisions"}],"predecessor-version":[{"id":36022,"href":"https:\/\/edublog.educastur.es\/ixuxu\/wp-json\/wp\/v2\/posts\/36013\/revisions\/36022"}],"wp:attachment":[{"href":"https:\/\/edublog.educastur.es\/ixuxu\/wp-json\/wp\/v2\/media?parent=36013"}],"wp:term":[{"taxonomy":"category","embeddable":true,"href":"https:\/\/edublog.educastur.es\/ixuxu\/wp-json\/wp\/v2\/categories?post=36013"},{"taxonomy":"post_tag","embeddable":true,"href":"https:\/\/edublog.educastur.es\/ixuxu\/wp-json\/wp\/v2\/tags?post=36013"}],"curies":[{"name":"wp","href":"https:\/\/api.w.org\/{rel}","templated":true}]}}