{"id":36119,"date":"2024-11-23T23:00:08","date_gmt":"2024-11-23T21:00:08","guid":{"rendered":"https:\/\/edublog.educastur.es\/ixuxu\/?p=36119"},"modified":"2024-11-24T14:49:17","modified_gmt":"2024-11-24T12:49:17","slug":"bert-solmena-asturies-con-raches-de-vientu-dhasta-111-kilometros-hora","status":"publish","type":"post","link":"https:\/\/edublog.educastur.es\/ixuxu\/2024\/11\/bert-solmena-asturies-con-raches-de-vientu-dhasta-111-kilometros-hora\/","title":{"rendered":"&#8216;Bert&#8217; solmena Asturies con raches de vientu d&#8217;hasta 111 kil\u00f3metros\/hora"},"content":{"rendered":"<ul>\n<li>Fonte:<a href=\"https:\/\/www.elcomercio.es\/asturias\/borrasca-bert-alerta-asturias-rachas-viento-tiempo-20241123161835-nt.html?fbclid=IwY2xjawGv_xdleHRuA2FlbQIxMQABHZ0LlnMF90KDsYu1YcOA2ARYlzkGGwSDbF9hnq9WSIn7IEJRIYMq9diiOA_aem_ZvajIr7LyN7Yn3WlLUUAmw\"> El Comercio<\/a> \/<\/li>\n<\/ul>\n<p>La umbada &#8216;Bert&#8217; solmena Asturies con raches de vientu d&#8217;hasta 111 kil\u00f3metros per hora, tres una un d\u00eda de transici\u00f3n ente les umbaes fondes &#8216;Caetano&#8217;, que se col\u00f3 esti vienres, y &#8216;Bert&#8217;, que va llegar esti domingu tres un procesu de &#8216;bombog\u00e9nesis&#8217;.<\/p>\n<p style=\"text-align: center\"><a href=\"https:\/\/fotografias.larazon.es\/clipping\/cmsimages01\/2024\/11\/23\/9CD3DADF-FAE2-408A-BEE7-0FEC417F4005\/97.jpg?crop=900,506,x0,y37&amp;width=1600&amp;height=900&amp;optimize=low&amp;format=webply\"><img loading=\"lazy\" decoding=\"async\" class=\"aligncenter size-large\" src=\"https:\/\/fotografias.larazon.es\/clipping\/cmsimages01\/2024\/11\/23\/9CD3DADF-FAE2-408A-BEE7-0FEC417F4005\/97.jpg?crop=900,506,x0,y37&amp;width=1600&amp;height=900&amp;optimize=low&amp;format=webply\" width=\"1600\" height=\"900\" \/><\/a><\/p>\n<p><strong>El mal tiempu nun dio tregua n&#8217;Asturies<\/strong>. La umbada atl\u00e1ntica &#8216;Bert&#8217; azotaba ayeri la rex\u00f3n. Ello ye que l&#8217;<strong>Axencia Estatal de Meteorolox\u00eda (Aemet)<\/strong> emiti\u00f3 una <strong>alerta naranxa<\/strong> dende la ma\u00f1ana por cuenta de la influencia de les dos umbaes. Los vientos de componente sur algamaron raches m\u00e1ximes especialmente nel Cordal Cant\u00e1bricu y nos Picos d&#8217;Europa, especialmente a partir de les seis de la tarde, cuando l&#8217;Aemet tuvo qu&#8217;activar l&#8217;alerta mariello por estos fen\u00f3menos. En Picos d&#8217;Europa los vientos llegaron hasta los 111 kil\u00f3metros per hora ya inclusive, mui cerca, y\u00e1 na zona de la comunid\u00e1 c\u00e1ntabra, n&#8217;El Mirador del Cable, les raches de vientu algamaron los 128 kil\u00f3metros per hora.<\/p>\n","protected":false},"excerpt":{"rendered":"<p>Fonte: El Comercio \/ La umbada &#8216;Bert&#8217; solmena Asturies con raches de vientu d&#8217;hasta 111 kil\u00f3metros per hora, tres una un d\u00eda de transici\u00f3n ente les umbaes fondes &#8216;Caetano&#8217;, que se col\u00f3 esti vienres, y &#8216;Bert&#8217;, que va llegar esti domingu tres un procesu de &#8216;bombog\u00e9nesis&#8217;. El mal tiempu nun dio tregua n&#8217;Asturies. La umbada [&hellip;]<\/p>\n","protected":false},"author":117,"featured_media":0,"comment_status":"open","ping_status":"open","sticky":false,"template":"","format":"standard","meta":{"footnotes":""},"categories":[5],"tags":[],"class_list":["post-36119","post","type-post","status-publish","format-standard","hentry","category-tiempu"],"_links":{"self":[{"href":"https:\/\/edublog.educastur.es\/ixuxu\/wp-json\/wp\/v2\/posts\/36119","targetHints":{"allow":["GET"]}}],"collection":[{"href":"https:\/\/edublog.educastur.es\/ixuxu\/wp-json\/wp\/v2\/posts"}],"about":[{"href":"https:\/\/edublog.educastur.es\/ixuxu\/wp-json\/wp\/v2\/types\/post"}],"author":[{"embeddable":true,"href":"https:\/\/edublog.educastur.es\/ixuxu\/wp-json\/wp\/v2\/users\/117"}],"replies":[{"embeddable":true,"href":"https:\/\/edublog.educastur.es\/ixuxu\/wp-json\/wp\/v2\/comments?post=36119"}],"version-history":[{"count":1,"href":"https:\/\/edublog.educastur.es\/ixuxu\/wp-json\/wp\/v2\/posts\/36119\/revisions"}],"predecessor-version":[{"id":36120,"href":"https:\/\/edublog.educastur.es\/ixuxu\/wp-json\/wp\/v2\/posts\/36119\/revisions\/36120"}],"wp:attachment":[{"href":"https:\/\/edublog.educastur.es\/ixuxu\/wp-json\/wp\/v2\/media?parent=36119"}],"wp:term":[{"taxonomy":"category","embeddable":true,"href":"https:\/\/edublog.educastur.es\/ixuxu\/wp-json\/wp\/v2\/categories?post=36119"},{"taxonomy":"post_tag","embeddable":true,"href":"https:\/\/edublog.educastur.es\/ixuxu\/wp-json\/wp\/v2\/tags?post=36119"}],"curies":[{"name":"wp","href":"https:\/\/api.w.org\/{rel}","templated":true}]}}