{"id":36184,"date":"2024-11-24T19:20:43","date_gmt":"2024-11-24T17:20:43","guid":{"rendered":"https:\/\/edublog.educastur.es\/ixuxu\/?p=36184"},"modified":"2024-11-24T19:37:12","modified_gmt":"2024-11-24T17:37:12","slug":"36184","status":"publish","type":"post","link":"https:\/\/edublog.educastur.es\/ixuxu\/2024\/11\/36184\/","title":{"rendered":"En tr\u00e9s parroquies conc\u00e9ntrase m\u00e1s poblaci\u00f3n que nel restu de la comunid\u00e1."},"content":{"rendered":"<div class=\"css-175oi2r r-zl2h9q\">\n<div class=\"css-175oi2r r-k4xj1c r-18u37iz r-1wtj0ep\">\n<div class=\"css-175oi2r r-1d09ksm r-18u37iz r-1wbh5a2\">\n<div class=\"css-175oi2r r-1wbh5a2 r-dnmrzs r-1ny4l3l\">\n<div id=\"id__7tx1h61urt8\" class=\"css-175oi2r r-1wbh5a2 r-dnmrzs r-1ny4l3l r-1awozwy r-18u37iz\" data-testid=\"User-Name\">\n<div class=\"css-175oi2r r-1awozwy r-18u37iz r-1wbh5a2 r-dnmrzs\">\n<div class=\"css-175oi2r r-1wbh5a2 r-dnmrzs\">\n<div class=\"css-175oi2r r-1awozwy r-18u37iz r-1wbh5a2 r-dnmrzs\">\n<ul>\n<li class=\"css-146c3p1 r-bcqeeo r-1ttztb7 r-qvutc0 r-37j5jr r-a023e6 r-rjixqe r-b88u0q r-1awozwy r-6koalj r-1udh08x r-3s2u2q\" dir=\"ltr\"><span class=\"css-1jxf684 r-dnmrzs r-1udh08x r-3s2u2q r-bcqeeo r-1ttztb7 r-qvutc0 r-poiln3\"><span class=\"css-1jxf684 r-bcqeeo r-1ttztb7 r-qvutc0 r-poiln3\">Fonte: SADEI. Poblaci\u00f3n residente de referencia \/ <\/span><\/span>@sadeiAsturias \/<a href=\"https:\/\/www.sadei.es\/sadei-divulga\/de-interes\/sadei-divulga_2589_5_4132_0_1_in.html\"> SADEI Divulga<\/a><\/li>\n<\/ul>\n<\/div>\n<\/div>\n<\/div>\n<div class=\"css-175oi2r r-18u37iz r-1wbh5a2 r-1ez5h0i\">\n<div class=\"css-175oi2r r-1d09ksm r-18u37iz r-1wbh5a2\">\n<div class=\"css-175oi2r r-18u37iz r-1q142lx\" style=\"text-align: center\"><a href=\"https:\/\/pbs.twimg.com\/media\/Gc_J1eUXoAA6gHw?format=jpg&amp;name=medium\"><img loading=\"lazy\" decoding=\"async\" class=\"aligncenter size-large\" src=\"https:\/\/pbs.twimg.com\/media\/Gc_J1eUXoAA6gHw?format=jpg&amp;name=medium\" width=\"972\" height=\"387\" \/><\/a><\/div>\n<\/div>\n<\/div>\n<\/div>\n<\/div>\n<\/div>\n<\/div>\n<\/div>\n<div class=\"css-175oi2r\">\n<div id=\"id__qzv7ndl9ivo\" class=\"css-146c3p1 r-8akbws r-krxsd3 r-dnmrzs r-1udh08x r-bcqeeo r-1ttztb7 r-qvutc0 r-37j5jr r-a023e6 r-rjixqe r-16dba41 r-bnwqim\" dir=\"auto\" lang=\"es\" data-testid=\"tweetText\">Asturies en mapes.<\/div>\n<ul>\n<li class=\"css-146c3p1 r-8akbws r-krxsd3 r-dnmrzs r-1udh08x r-bcqeeo r-1ttztb7 r-qvutc0 r-37j5jr r-a023e6 r-rjixqe r-16dba41 r-bnwqim\" dir=\"auto\" lang=\"es\" data-testid=\"tweetText\"><strong>En tr\u00e9s parroquies conc\u00e9ntrase m\u00e1s poblaci\u00f3n que nel restu de la comunid\u00e1<\/strong>.<\/li>\n<li class=\"css-146c3p1 r-8akbws r-krxsd3 r-dnmrzs r-1udh08x r-bcqeeo r-1ttztb7 r-qvutc0 r-37j5jr r-a023e6 r-rjixqe r-16dba41 r-bnwqim\" dir=\"auto\" lang=\"es\" data-testid=\"tweetText\"><strong><em><span style=\"color: #008080\">Les parroquies de Xix\u00f3n, Uvi\u00e9u y Avil\u00e9s suman 526.542 residentes<\/span><\/em><\/strong><\/li>\n<li class=\"css-146c3p1 r-8akbws r-krxsd3 r-dnmrzs r-1udh08x r-bcqeeo r-1ttztb7 r-qvutc0 r-37j5jr r-a023e6 r-rjixqe r-16dba41 r-bnwqim\" dir=\"auto\" lang=\"es\" data-testid=\"tweetText\"><strong><em><span style=\"color: #008080\">El restu d&#8217;Asturies 479.289.<\/span><\/em><\/strong> Fecha: 1 de xineru de 2023<\/li>\n<\/ul>\n<\/div>\n<p><!--more--><\/p>\n<p style=\"text-align: center\"><a href=\"https:\/\/www.sadei.es\/v_portal\/inc\/clicklink.asp?t=1&amp;cod=6321&amp;c=0\"><img loading=\"lazy\" decoding=\"async\" class=\"aligncenter size-large\" src=\"https:\/\/www.sadei.es\/v_portal\/inc\/clicklink.asp?t=1&amp;cod=6321&amp;c=0\" width=\"1024\" height=\"2679\" \/><\/a><\/p>\n<p>&nbsp;<\/p>\n<p><img loading=\"lazy\" decoding=\"async\" class=\"aligncenter\" src=\"https:\/\/encrypted-tbn0.gstatic.com\/images?q=tbn:ANd9GcTR28kVyfgd3qwCkn2ICP6JNBpKea-RZS3fF5sLEuFyAkmWuml3Qyn-alg-FidZmJD8Ug&amp;usqp=CAU\" width=\"300\" height=\"32\" \/><\/p>\n<p style=\"text-align: center\"><a href=\"https:\/\/www.sadei.es\/v_portal\/inc\/clicklink.asp?t=1&amp;cod=6456&amp;c=0\"><img loading=\"lazy\" decoding=\"async\" class=\"aligncenter size-large\" src=\"https:\/\/www.sadei.es\/v_portal\/inc\/clicklink.asp?t=1&amp;cod=6456&amp;c=0\" width=\"1024\" height=\"1933\" \/><\/a><\/p>\n<p><img loading=\"lazy\" decoding=\"async\" class=\"aligncenter\" src=\"https:\/\/encrypted-tbn0.gstatic.com\/images?q=tbn:ANd9GcTR28kVyfgd3qwCkn2ICP6JNBpKea-RZS3fF5sLEuFyAkmWuml3Qyn-alg-FidZmJD8Ug&amp;usqp=CAU\" width=\"263\" height=\"28\" \/><\/p>\n","protected":false},"excerpt":{"rendered":"<p>Fonte: SADEI. Poblaci\u00f3n residente de referencia \/ @sadeiAsturias \/ SADEI Divulga Asturies en mapes. En tr\u00e9s parroquies conc\u00e9ntrase m\u00e1s poblaci\u00f3n que nel restu de la comunid\u00e1. Les parroquies de Xix\u00f3n, Uvi\u00e9u y Avil\u00e9s suman 526.542 residentes El restu d&#8217;Asturies 479.289. Fecha: 1 de xineru de 2023<\/p>\n","protected":false},"author":117,"featured_media":0,"comment_status":"open","ping_status":"open","sticky":false,"template":"","format":"standard","meta":{"footnotes":""},"categories":[258,346],"tags":[],"class_list":["post-36184","post","type-post","status-publish","format-standard","hentry","category-estadistiques","category-sadei"],"_links":{"self":[{"href":"https:\/\/edublog.educastur.es\/ixuxu\/wp-json\/wp\/v2\/posts\/36184","targetHints":{"allow":["GET"]}}],"collection":[{"href":"https:\/\/edublog.educastur.es\/ixuxu\/wp-json\/wp\/v2\/posts"}],"about":[{"href":"https:\/\/edublog.educastur.es\/ixuxu\/wp-json\/wp\/v2\/types\/post"}],"author":[{"embeddable":true,"href":"https:\/\/edublog.educastur.es\/ixuxu\/wp-json\/wp\/v2\/users\/117"}],"replies":[{"embeddable":true,"href":"https:\/\/edublog.educastur.es\/ixuxu\/wp-json\/wp\/v2\/comments?post=36184"}],"version-history":[{"count":7,"href":"https:\/\/edublog.educastur.es\/ixuxu\/wp-json\/wp\/v2\/posts\/36184\/revisions"}],"predecessor-version":[{"id":36191,"href":"https:\/\/edublog.educastur.es\/ixuxu\/wp-json\/wp\/v2\/posts\/36184\/revisions\/36191"}],"wp:attachment":[{"href":"https:\/\/edublog.educastur.es\/ixuxu\/wp-json\/wp\/v2\/media?parent=36184"}],"wp:term":[{"taxonomy":"category","embeddable":true,"href":"https:\/\/edublog.educastur.es\/ixuxu\/wp-json\/wp\/v2\/categories?post=36184"},{"taxonomy":"post_tag","embeddable":true,"href":"https:\/\/edublog.educastur.es\/ixuxu\/wp-json\/wp\/v2\/tags?post=36184"}],"curies":[{"name":"wp","href":"https:\/\/api.w.org\/{rel}","templated":true}]}}