{"id":36202,"date":"2024-11-25T10:00:20","date_gmt":"2024-11-25T08:00:20","guid":{"rendered":"https:\/\/edublog.educastur.es\/ixuxu\/?p=36202"},"modified":"2024-11-25T12:41:58","modified_gmt":"2024-11-25T10:41:58","slug":"vamos-iluminar-asturies-de-verde","status":"publish","type":"post","link":"https:\/\/edublog.educastur.es\/ixuxu\/2024\/11\/vamos-iluminar-asturies-de-verde\/","title":{"rendered":"Vamos iluminar Asturies de verde"},"content":{"rendered":"<div class=\"x9f619 x1n2onr6 x1ja2u2z xeuugli xs83m0k xjl7jj x1xmf6yo x1emribx x1e56ztr x1i64zmx xnp8db0 x1d1medc x7ep2pv x1xzczws\">\n<div class=\"x7wzq59\">\n<div>\n<div>\n<div>\n<div class=\"x1yztbdb\">\n<div class=\"html-div xdj266r x11i5rnm xat24cr x1mh8g0r xexx8yu x4uap5 x18d9i69 xkhd6sd x78zum5 x1n2onr6 xh8yej3\">\n<div class=\"x1n2onr6 x1ja2u2z x1jx94hy x1qpq9i9 xdney7k xu5ydu1 xt3gfkd x9f619 xh8yej3 x6ikm8r x10wlt62 xquyuld\">\n<div class=\"xieb3on\">\n<div class=\"x9f619 x1ja2u2z x78zum5 x2lah0s x1n2onr6 x1qughib x1qjc9v5 xozqiw3 x1q0g3np x1pi30zi x1swvt13 xyamay9 xykv574 xbmpl8g x4cne27 xifccgj\">\n<div class=\"x9f619 x1n2onr6 x1ja2u2z x78zum5 xdt5ytf x193iq5w xeuugli x1r8uery x1iyjqo2 xs83m0k xsyo7zv x16hj40l x10b6aqq x1yrsyyn\">\n<div class=\"x1cy8zhl x78zum5 x1a02dak x1qughib\">\n<div class=\"x78zum5 xdt5ytf x12upk82 xod5an3\">\n<div class=\"x78zum5 xdt5ytf x1xmf6yo x80cylo\"><span style=\"color: #008080\"><em>El Gobiernu d\u2019Asturies va illuminar de verde los principales edificios y equipamientos p\u00fablicos p\u2019apoyar la candidatura de la cultura sidrera a Patrimoniu Inmaterial de la Humanid\u00e1.<\/em><\/span><\/div>\n<\/div>\n<\/div>\n<\/div>\n<\/div>\n<\/div>\n<\/div>\n<\/div>\n<\/div>\n<\/div>\n<\/div>\n<\/div>\n<\/div>\n<\/div>\n<div class=\"x9f619 x1n2onr6 x1ja2u2z xeuugli xs83m0k xjl7jj x1xmf6yo x1emribx x1e56ztr x1i64zmx x19h7ccj xu9j1y6 x7ep2pv\">\n<div class=\"\" role=\"feed\">\n<div class=\"x1yztbdb x1n2onr6 xh8yej3 x1ja2u2z\">\n<div class=\"x1n2onr6 x1ja2u2z\">\n<div class=\"x1a2a7pz\" aria-describedby=\":r6: :r7: :r8: :ra: :r9:\" aria-labelledby=\":r5:\">\n<div class=\"x78zum5 xdt5ytf\" data-virtualized=\"false\">\n<div class=\"x9f619 x1n2onr6 x1ja2u2z\">\n<div class=\"html-div xdj266r x11i5rnm xat24cr x1mh8g0r xexx8yu x4uap5 x18d9i69 xkhd6sd x78zum5 x1n2onr6 xh8yej3\">\n<div class=\"x1n2onr6 x1ja2u2z x1jx94hy x1qpq9i9 xdney7k xu5ydu1 xt3gfkd x9f619 xh8yej3 x6ikm8r x10wlt62 xquyuld\">\n<div class=\"html-div xdj266r x11i5rnm xat24cr x1mh8g0r xexx8yu x4uap5 x18d9i69 xkhd6sd\">\n<div class=\"html-div xdj266r x11i5rnm xat24cr x1mh8g0r xexx8yu x4uap5 x18d9i69 xkhd6sd\">\n<div class=\"html-div xdj266r x11i5rnm xat24cr x1mh8g0r xexx8yu x4uap5 x18d9i69 xkhd6sd\">\n<div class=\"html-div xdj266r x11i5rnm xat24cr x1mh8g0r xexx8yu x4uap5 x18d9i69 xkhd6sd\">\n<div class=\"html-div xdj266r xat24cr xexx8yu x4uap5 x18d9i69 xkhd6sd x1jx94hy x8cjs6t x1ch86jh x80vd3b xckqwgs x13fuv20 xu3j5b3 x1q0q8m5 x26u7qi x178xt8z xm81vs4 xso031l xy80clv xfh8nwu xoqspk4 x12v9rci x138vmkv x6ikm8r x10wlt62 x16n37ib xq8finb\">\n<div class=\"html-div x11i5rnm xat24cr x1mh8g0r xexx8yu x4uap5 x18d9i69 xkhd6sd x1y332i5\">\n<div class=\"html-div xdj266r x11i5rnm xat24cr x1mh8g0r xexx8yu x1a8lsjc x1swvt13 x1pi30zi\">\n<div class=\"html-div xdj266r x11i5rnm xat24cr x1mh8g0r xexx8yu x4uap5 x18d9i69 xkhd6sd x1jx94hy x78zum5 x1q0g3np\">\n<div class=\"html-div xdj266r x11i5rnm xat24cr x1mh8g0r xexx8yu x4uap5 x18d9i69 xkhd6sd x1iyjqo2\">\n<div class=\"x78zum5 xdt5ytf xz62fqu x16ldp7u\">\n<div class=\"xu06os2 x1ok221b\">\n<div id=\":r3p:\" class=\"html-div xdj266r x11i5rnm xat24cr x1mh8g0r xexx8yu x4uap5 x18d9i69 xkhd6sd x1q0g3np\">\n<div class=\"x6s0dn4 x3nfvp2 xl56j7k\"><\/div>\n<\/div>\n<\/div>\n<\/div>\n<\/div>\n<\/div>\n<\/div>\n<div class=\"html-div xdj266r x11i5rnm xat24cr x1mh8g0r xexx8yu x4uap5 x18d9i69 xkhd6sd\">\n<div class=\"html-div xdj266r xat24cr xexx8yu x4uap5 x18d9i69 xkhd6sd x1jx94hy x8cjs6t x1ch86jh x80vd3b xckqwgs x13fuv20 xu3j5b3 x1q0q8m5 x26u7qi x178xt8z xm81vs4 xso031l xy80clv xfh8nwu xoqspk4 x12v9rci x138vmkv x6ikm8r x10wlt62 x16n37ib xq8finb\">\n<div class=\"html-div x11i5rnm xat24cr x1mh8g0r xexx8yu x4uap5 x18d9i69 xkhd6sd x1y332i5\">\n<div class=\"html-div xdj266r x11i5rnm xat24cr x1mh8g0r xexx8yu x1a8lsjc x1swvt13 x1pi30zi\">\n<div class=\"html-div xdj266r x11i5rnm xat24cr x1mh8g0r xexx8yu x4uap5 x18d9i69 xkhd6sd x1jx94hy x78zum5 x1q0g3np\">\n<div class=\"html-div xdj266r xat24cr x1mh8g0r xexx8yu x4uap5 x18d9i69 xkhd6sd x78zum5 x2lah0s xqtp20y x1emribx\">\n<div class=\"xc9qbxq x14qfxbe x6s0dn4 x78zum5 xl56j7k\">\n<div class=\"html-div xdj266r x11i5rnm xat24cr x1mh8g0r xexx8yu x1a8lsjc x1swvt13 x1pi30zi\">\n<div class=\"html-div xdj266r x11i5rnm xat24cr x1mh8g0r xexx8yu x4uap5 x18d9i69 xkhd6sd x1jx94hy x78zum5 x1q0g3np\">\n<div class=\"x78zum5 xdt5ytf xz62fqu x16ldp7u\">\n<div class=\"xu06os2 x1ok221b\">\n<div class=\"html-div xdj266r x11i5rnm xat24cr x1mh8g0r xexx8yu x4uap5 x18d9i69 xkhd6sd\" data-ad-rendering-role=\"profile_name\">\n<ul>\n<li class=\"html-h3 x11i5rnm xat24cr x1mh8g0r xexx8yu x4uap5 x18d9i69 xkhd6sd x1vvkbs x1heor9g x1qlqyl8 x1pd3egz x1a2a7pz x1gslohp x1yc453h\"><span class=\"x1lliihq x6ikm8r x10wlt62 x1n2onr6\"><span class=\"xt0psk2\"><a class=\"x1i10hfl xjbqb8w x1ejq31n xd10rxx x1sy0etr x17r0tee x972fbf xcfux6l x1qhh985 xm0m39n x9f619 x1ypdohk xt0psk2 xe8uvvx xdj266r x11i5rnm xat24cr x1mh8g0r xexx8yu x4uap5 x18d9i69 xkhd6sd x16tdsg8 x1hl2dhg xggy1nq x1a2a7pz x1sur9pj xkrqix3 xzsf02u x1s688f\" role=\"link\" href=\"https:\/\/www.facebook.com\/gobiernodeasturias?__cft__[0]=AZXuid9qaGwfuelewAelYU-Z05XeEOLDP90uVt75d_1uRiewemxgxkoLq0FiE_eTK2iY1-r_PHG-UC6M1_aLtzcCH4n3O8Ox5I3ER1Z8C4xD5AEqIu-zgDey-Ff9hDIzHa-5sGP1zigsvqEqhuKa2LgpTWMBPTMfynzg5BK5qYIi65gvivozrEMsdUgc_mfxS7GHLTe49U4Szv3oSqtKAV7J2FniE4_KvCNDr0JS8hsZKg&amp;__tn__=-UC%2CP-y-R\"><strong class=\"html-strong xdj266r x11i5rnm xat24cr x1mh8g0r xexx8yu x4uap5 x18d9i69 xkhd6sd x1hl2dhg x16tdsg8 x1vvkbs x1s688f\"><span class=\"html-span xdj266r x11i5rnm xat24cr x1mh8g0r xexx8yu x4uap5 x18d9i69 xkhd6sd x1hl2dhg x16tdsg8 x1vvkbs\">Princip\u00e1u d&#8217;Asturies<\/span><\/strong><\/a><\/span><\/span><span class=\"x1lliihq x6ikm8r x10wlt62 x1n2onr6\"><span class=\"html-span xdj266r x11i5rnm xat24cr x1mh8g0r xexx8yu x4uap5 x18d9i69 xkhd6sd x1hl2dhg x16tdsg8 x1vvkbs x1dor1uw x1n2onr6\">\/ <a class=\"pdf\" title=\"Nota de prensa en asturiano. Abre una nueva ventana\" href=\"https:\/\/actualidad.asturias.es\/documents\/533407\/0\/2024_11_24+NP+iluminacion+verde_asturiano.pdf\/10e3dc2d-d153-b3c1-d6c4-6f065b72cb24?t=1732445040327\" target=\"_blank\" rel=\"noopener\"> Nota de prensa n&#8217;asturianu <\/a><br \/>\n<\/span><\/span><\/li>\n<\/ul>\n<p style=\"text-align: center\">\n<!-- iframe plugin v.6.0 wordpress.org\/plugins\/iframe\/ -->\n<iframe loading=\"lazy\" src=\"https:\/\/www.facebook.com\/plugins\/post.php?href=https%3A%2F%2Fwww.facebook.com%2Fgobiernodeasturias%2Fposts%2Fpfbid0LrYL2BECoD23rJ4XKYSHy6ccV5cxUEGGoy5kku6L4NYHyM7LDgFRm726ZusZWDndl&#038;show_text=false&#038;width=500\" width=\"500\" height=\"332\" style=\"border:none;overflow:hidden\" scrolling=\"no\" frameborder=\"0\" allowfullscreen=\"true\" allow=\"autoplay; clipboard-write; encrypted-media; picture-in-picture; web-share\" 0=\"\/iframe\" class=\"iframe-class\"><\/iframe>\n<\/p>\n<\/div>\n<\/div>\n<div class=\"xu06os2 x1ok221b\">\n<div class=\"html-div xdj266r x11i5rnm xat24cr x1mh8g0r xexx8yu x4uap5 x18d9i69 xkhd6sd x1q0g3np\"><\/div>\n<\/div>\n<\/div>\n<\/div>\n<\/div>\n<div class=\"html-div xdj266r x11i5rnm xat24cr x1mh8g0r xexx8yu x4uap5 x18d9i69 xkhd6sd\" dir=\"auto\">\n<div class=\"html-div xdj266r x11i5rnm xat24cr x1mh8g0r xexx8yu x4uap5 x18d9i69 xkhd6sd\" dir=\"auto\">\n<div class=\"html-div xdj266r x11i5rnm xat24cr x1mh8g0r xexx8yu x4uap5 x18d9i69 xkhd6sd\" data-ad-rendering-role=\"story_message\">\n<div class=\"x1l90r2v x1pi30zi x1swvt13 x1iorvi4\" data-ad-comet-preview=\"message\" data-ad-preview=\"message\">\n<div class=\"x78zum5 xdt5ytf xz62fqu x16ldp7u\">\n<div class=\"xu06os2 x1ok221b\">\n<div class=\"xdj266r x11i5rnm xat24cr x1mh8g0r x1vvkbs x126k92a\">\n<div dir=\"auto\"><span class=\"html-span xexx8yu x4uap5 x18d9i69 xkhd6sd x1hl2dhg x16tdsg8 x1vvkbs x3nfvp2 x1j61x8r x1fcty0u xdj266r xat24cr xgzva0m xhhsvwb xxymvpz xlup9mm x1kky2od\"><img loading=\"lazy\" decoding=\"async\" class=\"xz74otr\" src=\"https:\/\/static.xx.fbcdn.net\/images\/emoji.php\/v9\/t94\/1\/16\/1f49a.png\" alt=\"?\" width=\"16\" height=\"16\" \/><\/span><span class=\"html-span xexx8yu x4uap5 x18d9i69 xkhd6sd x1hl2dhg x16tdsg8 x1vvkbs x3nfvp2 x1j61x8r x1fcty0u xdj266r xat24cr xgzva0m xhhsvwb xxymvpz xlup9mm x1kky2od\"><img loading=\"lazy\" decoding=\"async\" class=\"xz74otr\" src=\"https:\/\/static.xx.fbcdn.net\/images\/emoji.php\/v9\/t94\/1\/16\/1f49a.png\" alt=\"?\" width=\"16\" height=\"16\" \/><\/span> Del 2 al 8 d&#8217;avientu, vamos\u00a0 iluminar <span class=\"html-span xdj266r x11i5rnm xat24cr x1mh8g0r xexx8yu x4uap5 x18d9i69 xkhd6sd x1hl2dhg x16tdsg8 x1vvkbs\"><a class=\"x1i10hfl xjbqb8w x1ejq31n xd10rxx x1sy0etr x17r0tee x972fbf xcfux6l x1qhh985 xm0m39n x9f619 x1ypdohk xt0psk2 xe8uvvx xdj266r x11i5rnm xat24cr x1mh8g0r xexx8yu x4uap5 x18d9i69 xkhd6sd x16tdsg8 x1hl2dhg xggy1nq x1a2a7pz x1sur9pj xkrqix3 x1fey0fg x1s688f\" role=\"link\" href=\"https:\/\/www.facebook.com\/hashtag\/asturiasdeverde?__eep__=6&amp;__cft__[0]=AZXuid9qaGwfuelewAelYU-Z05XeEOLDP90uVt75d_1uRiewemxgxkoLq0FiE_eTK2iY1-r_PHG-UC6M1_aLtzcCH4n3O8Ox5I3ER1Z8C4xD5AEqIu-zgDey-Ff9hDIzHa-5sGP1zigsvqEqhuKa2LgpTWMBPTMfynzg5BK5qYIi65gvivozrEMsdUgc_mfxS7GHLTe49U4Szv3oSqtKAV7J2FniE4_KvCNDr0JS8hsZKg&amp;__tn__=*NK-y-R\">#AsturiesDeVerde<\/a><\/span> pa que la cultura sidrera asturiana seya <em><strong>Patrimoniu Cultural Inmaterial de la Humanid\u00e1<\/strong><\/em> de la <span class=\"html-span xdj266r x11i5rnm xat24cr x1mh8g0r xexx8yu x4uap5 x18d9i69 xkhd6sd x1hl2dhg x16tdsg8 x1vvkbs\"><a class=\"x1i10hfl xjbqb8w x1ejq31n xd10rxx x1sy0etr x17r0tee x972fbf xcfux6l x1qhh985 xm0m39n x9f619 x1ypdohk xt0psk2 xe8uvvx xdj266r x11i5rnm xat24cr x1mh8g0r xexx8yu x4uap5 x18d9i69 xkhd6sd x16tdsg8 x1hl2dhg xggy1nq x1a2a7pz x1sur9pj xkrqix3 x1fey0fg x1s688f\" role=\"link\" href=\"https:\/\/www.facebook.com\/unesco?__cft__[0]=AZXuid9qaGwfuelewAelYU-Z05XeEOLDP90uVt75d_1uRiewemxgxkoLq0FiE_eTK2iY1-r_PHG-UC6M1_aLtzcCH4n3O8Ox5I3ER1Z8C4xD5AEqIu-zgDey-Ff9hDIzHa-5sGP1zigsvqEqhuKa2LgpTWMBPTMfynzg5BK5qYIi65gvivozrEMsdUgc_mfxS7GHLTe49U4Szv3oSqtKAV7J2FniE4_KvCNDr0JS8hsZKg&amp;__tn__=-]K-y-R\"><span class=\"xt0psk2\">UNESCO<\/span><\/a><\/span>. \u00danete<span class=\"html-span xexx8yu x4uap5 x18d9i69 xkhd6sd x1hl2dhg x16tdsg8 x1vvkbs x3nfvp2 x1j61x8r x1fcty0u xdj266r xat24cr xgzva0m xhhsvwb xxymvpz xlup9mm x1kky2od\"><img loading=\"lazy\" decoding=\"async\" class=\"xz74otr\" src=\"https:\/\/static.xx.fbcdn.net\/images\/emoji.php\/v9\/t77\/1\/16\/203c.png\" alt=\"\u203c\ufe0f\" width=\"16\" height=\"16\" \/> \u00a0<\/span>Si nun sabes c\u00f3mo, preg\u00fantanos:<span style=\"color: #008080\"> conseyeriadecultura@asturias.org.<\/span><\/div>\n<div dir=\"auto\"><strong><!--more--><\/strong><\/div>\n<\/div>\n<div class=\"x11i5rnm xat24cr x1mh8g0r x1vvkbs xtlvy1s x126k92a\">\n<ul>\n<li dir=\"auto\">M\u00e1s <span class=\"html-span xexx8yu x4uap5 x18d9i69 xkhd6sd x1hl2dhg x16tdsg8 x1vvkbs x3nfvp2 x1j61x8r x1fcty0u xdj266r xat24cr xgzva0m xhhsvwb xxymvpz xlup9mm x1kky2od\"><img loading=\"lazy\" decoding=\"async\" class=\"xz74otr\" src=\"https:\/\/static.xx.fbcdn.net\/images\/emoji.php\/v9\/t8e\/1\/16\/2139.png\" alt=\"\u2139\" width=\"16\" height=\"16\" \/><\/span> en <span class=\"html-span xdj266r x11i5rnm xat24cr x1mh8g0r xexx8yu x4uap5 x18d9i69 xkhd6sd x1hl2dhg x16tdsg8 x1vvkbs\"><a class=\"x1i10hfl xjbqb8w x1ejq31n xd10rxx x1sy0etr x17r0tee x972fbf xcfux6l x1qhh985 xm0m39n x9f619 x1ypdohk xt0psk2 xe8uvvx xdj266r x11i5rnm xat24cr x1mh8g0r xexx8yu x4uap5 x18d9i69 xkhd6sd x16tdsg8 x1hl2dhg xggy1nq x1a2a7pz x1sur9pj xkrqix3 x1fey0fg x1s688f\" role=\"link\" href=\"https:\/\/actualidad.asturias.es\/?fbclid=IwZXh0bgNhZW0CMTAAAR1ZJ0AUz7A6FX5_4nYc-V2nQlgwJw_WAPaCm-XehTlbLuKpXoua9m_EvPg_aem_ToJvMJhvjKEaAW3arS9jkg\" target=\"_blank\" rel=\"nofollow noopener noreferrer\">https:\/\/actualidad.asturias.es<\/a><\/span><\/li>\n<li>L\u2019Executivu auton\u00f3micu invita a los ayuntamientos y organizaciones a sumase a la iniciativa, que se va llevar a cabu ente\u2019l 2 y el 8 d\u2019avientu<\/li>\n<li>La conseyera de Cultura y el director xeneral de Patrimoniu Cultural integren la delegaci\u00f3n que va viaxar a Paragu\u00e1i pa defender la propuesta<\/li>\n<\/ul>\n<p>El Gobiernu d\u2019Asturies va illuminar de verde <span style=\"color: #008080\"><strong>los principales edificios y equipamientos del Princip\u00e1u del 2 al 8 d\u2019avientu<\/strong><\/span> pa sofitar la candidatura de la cultura sidrera asturiana a <em><span style=\"color: #008080\"><strong>Patrimoniu Cultural Inmaterial de la Humanid\u00e1 de la UNESCO<\/strong><\/span><\/em>, un xestu simb\u00f3licu al qu\u2019inviten a los ayuntamientos, instituciones p\u00fabliques y privaes, organizaciones y socied\u00e1 civil a sumase.<\/p>\n<p>eEl color verde simboliza tanto los paisaxes d\u2019Asturies como la mazana cola que s\u2019ellabora la bebida identitaria m\u00e1s se\u00f1alada de la nuestra comunid\u00e1 aut\u00f3noma. Tami\u00e9n la tradicional botella de vidru verde dende la que s\u2019echa la sidra. Am\u00e1s, representa la esperanza de llograr esti reconocimientu mundial, que va tener un impactu importante pal Princip\u00e1u.<\/p>\n<p>Pa resolver les duldes sobre esta iniciativa, les persones interesaes pueden unviar les sos consultes a la direcci\u00f3n de corr\u00e9u electr\u00f3nicu <a href=\"mailto:conseyeriadecultura@asturias.org\">conseyeriadecultura@asturias.org<\/a>.<\/p>\n<p>La conseyera de Cultura, Pol\u00edtica Lling\u00fc\u00edstica y Deporte, Vanessa Guti\u00e9rrez, y el director xeneral de Patrimoniu Cultural, Pablo Le\u00f3n, van viaxar cola delegaci\u00f3n espa\u00f1ola que coordina\u2019l Ministeriu de Cultura a la ciud\u00e1 d\u2019Asunci\u00f3n, en Paragu\u00e1i, pa defender la candidatura asturiana.<\/p>\n<p>La inclusi\u00f3n de la cultura sidrera asturiana na Llista del Patrimoniu Cultural Inmaterial de la Humanid\u00e1 de la UNESCO va decidise na 19\u00aa reuni\u00f3n del Comit\u00e9 Intergubernamental pa la Salvaguardia del Patrimoniu Cultural Inmaterial.<\/p>\n<\/div>\n<\/div>\n<\/div>\n<\/div>\n<\/div>\n<\/div>\n<\/div>\n<\/div>\n<\/div>\n<\/div>\n<\/div>\n<\/div>\n<\/div>\n<\/div>\n<\/div>\n<\/div>\n<\/div>\n<\/div>\n<\/div>\n<\/div>\n<\/div>\n<\/div>\n<\/div>\n<\/div>\n<\/div>\n<\/div>\n<\/div>\n<\/div>\n<\/div>\n<p>&nbsp;<\/p>\n","protected":false},"excerpt":{"rendered":"<p>El Gobiernu d\u2019Asturies va illuminar de verde los principales edificios y equipamientos p\u00fablicos p\u2019apoyar la candidatura de la cultura sidrera a Patrimoniu Inmaterial de la Humanid\u00e1. Princip\u00e1u d&#8217;Asturies\/ Nota de prensa n&#8217;asturianu Del 2 al 8 d&#8217;avientu, vamos\u00a0 iluminar #AsturiesDeVerde pa que la cultura sidrera asturiana seya Patrimoniu Cultural Inmaterial de la Humanid\u00e1 de la [&hellip;]<\/p>\n","protected":false},"author":117,"featured_media":0,"comment_status":"open","ping_status":"open","sticky":false,"template":"","format":"standard","meta":{"footnotes":""},"categories":[388,156],"tags":[],"class_list":["post-36202","post","type-post","status-publish","format-standard","hentry","category-patrimoniu-de-la-humanida","category-sidre"],"_links":{"self":[{"href":"https:\/\/edublog.educastur.es\/ixuxu\/wp-json\/wp\/v2\/posts\/36202","targetHints":{"allow":["GET"]}}],"collection":[{"href":"https:\/\/edublog.educastur.es\/ixuxu\/wp-json\/wp\/v2\/posts"}],"about":[{"href":"https:\/\/edublog.educastur.es\/ixuxu\/wp-json\/wp\/v2\/types\/post"}],"author":[{"embeddable":true,"href":"https:\/\/edublog.educastur.es\/ixuxu\/wp-json\/wp\/v2\/users\/117"}],"replies":[{"embeddable":true,"href":"https:\/\/edublog.educastur.es\/ixuxu\/wp-json\/wp\/v2\/comments?post=36202"}],"version-history":[{"count":5,"href":"https:\/\/edublog.educastur.es\/ixuxu\/wp-json\/wp\/v2\/posts\/36202\/revisions"}],"predecessor-version":[{"id":36245,"href":"https:\/\/edublog.educastur.es\/ixuxu\/wp-json\/wp\/v2\/posts\/36202\/revisions\/36245"}],"wp:attachment":[{"href":"https:\/\/edublog.educastur.es\/ixuxu\/wp-json\/wp\/v2\/media?parent=36202"}],"wp:term":[{"taxonomy":"category","embeddable":true,"href":"https:\/\/edublog.educastur.es\/ixuxu\/wp-json\/wp\/v2\/categories?post=36202"},{"taxonomy":"post_tag","embeddable":true,"href":"https:\/\/edublog.educastur.es\/ixuxu\/wp-json\/wp\/v2\/tags?post=36202"}],"curies":[{"name":"wp","href":"https:\/\/api.w.org\/{rel}","templated":true}]}}