{"id":36345,"date":"2024-11-25T16:40:51","date_gmt":"2024-11-25T14:40:51","guid":{"rendered":"https:\/\/edublog.educastur.es\/ixuxu\/?p=36345"},"modified":"2024-11-26T15:47:31","modified_gmt":"2024-11-26T13:47:31","slug":"asturies-ye-tierra-digualda","status":"publish","type":"post","link":"https:\/\/edublog.educastur.es\/ixuxu\/2024\/11\/asturies-ye-tierra-digualda\/","title":{"rendered":"Asturies ye tierra d&#8217;iguald\u00e1: Premiu Menina 2024"},"content":{"rendered":"<p style=\"text-align: center\"><a href=\"https:\/\/fusionasturias.com\/wp-content\/uploads\/2024\/11\/editorial-asturias-tierra-de-igualdad-min.jpg\"><img loading=\"lazy\" decoding=\"async\" class=\"aligncenter \" src=\"https:\/\/fusionasturias.com\/wp-content\/uploads\/2024\/11\/editorial-asturias-tierra-de-igualdad-min.jpg\" width=\"475\" height=\"317\" \/><\/a><\/p>\n<ul>\n<li>Fonte: <a href=\"https:\/\/fusionasturias.com\/editorial\/asturias-es-tierra-de-igualdad.htm\">revista <strong>Fusi\u00f3n Asturias<\/strong><\/a> \/<\/li>\n<\/ul>\n<p><em><strong> \u00abAsturies ye tierra d&#8217;iguald\u00e1<\/strong>. Apostamos pola coeducaci\u00f3n fai m\u00e1s de tr\u00e9s d\u00e9cades y nesti cursu enllant\u00f3se&#8217;l proyectu nes etapes d&#8217;Infantil, Primaria y Secundaria, seg\u00fan en Formaci\u00f3n Profesional y nos centros d&#8217;educaci\u00f3n especial. Di\u00e9ronse nuevos pasos con rutes formatives para implicar a tola comunid\u00e1 educativa, dende&#8217;l serviciu d&#8217;inspecci\u00f3n hasta les families. Asturies quier faer bandera de la coeducaci\u00f3n porque non solo ye xustu, sin\u00f3n imprescindible. Desgraciadamente, la emporfiada realid\u00e1 demu\u00e9stranos qu&#8217;<strong>ent\u00e1 queda cam\u00edn y que les bases para esti camb\u00e9u tienen de sentase dende la escuela.<\/strong> Ese ye&#8217;l primer pasu y n&#8217;Asturies y\u00e1 tamos construy\u00e9ndolo\u00bb.<\/em><\/p>\n<ul>\n<li><a href=\"https:\/\/www.rtpa.es\/noticias-sociedad-ast\/2024-11-24\/Marian-Moreno,-premiu-'Menina-2024'-pol-so-compromisu-cola-igualda_111732448113.html\"><strong>RTPA \/ Mari\u00e1n Moreno, premiu &#8216;Menina 2024&#8217; pol so compromisu cola iguald\u00e1<\/strong><\/a><\/li>\n<li><a href=\"https:\/\/www.eldiario.es\/asturias\/marian-moreno-meninas-2024-asturias-optimista-si-hay-denuncias-hay-conciencia-feminista_1_11835382.amp.html\">El Diario<\/a> \/ <a href=\"https:\/\/www.instagram.com\/marianmorenollaneza\/?hl=es\">Marian Moreno: IG<\/a> \/<\/li>\n<\/ul>\n<p><!--more--><\/p>\n<p><em><strong>La profesora y escritora Marian Moreno acaba de ser reconocida col Premiu Menina 2024 otorg\u00e1u pola Delegaci\u00f3n de Gobiernu d&#8217;Asturies pol so compromisu cola iguald\u00e1 ente muyeres y homes y la llucha contra la violencia de x\u00e9neru desenvueltu a lo llargo de la so trayectoria vital y profesional\u201d. \u00a1Dende equ\u00ed, la nuesa norabona!<\/strong><\/em><\/p>\n<h2 style=\"text-align: center\">\n<!-- iframe plugin v.6.0 wordpress.org\/plugins\/iframe\/ -->\n<iframe loading=\"lazy\" src=\"https:\/\/www.instagram.com\/reel\/DCTxcdvtrJF\/embed\" width=\"480\" height=\"460\" 0=\"\/iframe\" scrolling=\"yes\" class=\"iframe-class\" frameborder=\"0\"><\/iframe>\n<\/h2>\n<h2 class=\"font-size-m padding-b-20 font-weight-b margin-t-16\"><em><span style=\"color: #800080\">El reconocimientu pon en valir una trayectoria de trabayu de m\u00e1s de tres d\u00e9cades<\/span><\/em><\/h2>\n<p><em><span style=\"color: #800080\">Profesora, escritora y esperta en coeducaci\u00f3n. Ye\u2019l perfil profesional de Mari\u00e1n Moreno, qu\u2019acaba de recibir el galard\u00f3n &#8216;Menina 2024&#8217;. Un reconocimientu que pon en valir el so compromisu cola iguald\u00e1 y una trayectoria trabayu de m\u00e1s de tres d\u00e9cades.<\/span><\/em><\/p>\n<p><em><span style=\"color: #800080\">A pesar de los avances de los \u00faltimos a\u00f1os, la galardonada asegura qu\u2019ent\u00e1 queda trabayu por facer. Defende la educaci\u00f3n n\u2019iguald\u00e1 como pegoyu necesariu p\u2019algamar una socied\u00e1 m\u00e1s xusta, na que la violencia de x\u00e9neru nun tenga sitiu.<\/span><\/em><\/p>\n<p><em><span style=\"color: #800080\">Otru de los desaf\u00edos ye algamar que les v\u00edctimes pierdan el mieu a denunciar les agresiones que sufren y que, munches vegaes, normalicen.<\/span><\/em><\/p>\n<p><em><span style=\"color: #800080\">La esperta ve con bonos g\u00fceyos l\u2019apaici\u00f3n de les canales de denuncies an\u00f3nimes en redes sociales, pero anima a les v\u00edctimes a pidir ayuda.<\/span><\/em><\/p>\n<p><em><span style=\"color: #800080\">Mari\u00e1n Moreno recuerda que\u2019l centru de crisis pa v\u00edctimes d\u2019agresiones sexuales del Princip\u00e1u d\u2019Asturies ufierta atenci\u00f3n de sigu\u00edo, les 24 hores del d\u00eda.<\/span><\/em><\/p>\n<p style=\"text-align: center\"><a href=\"https:\/\/estaticos-cdn.prensaiberica.es\/clip\/e90c7d0a-f9eb-4566-ac98-8619502ee7c4_16-9-discover-aspect-ratio_default_0.webp\"><img loading=\"lazy\" decoding=\"async\" class=\"aligncenter \" src=\"https:\/\/estaticos-cdn.prensaiberica.es\/clip\/e90c7d0a-f9eb-4566-ac98-8619502ee7c4_16-9-discover-aspect-ratio_default_0.webp\" width=\"396\" height=\"223\" \/><\/a><\/p>\n","protected":false},"excerpt":{"rendered":"<p>Fonte: revista Fusi\u00f3n Asturias \/ \u00abAsturies ye tierra d&#8217;iguald\u00e1. Apostamos pola coeducaci\u00f3n fai m\u00e1s de tr\u00e9s d\u00e9cades y nesti cursu enllant\u00f3se&#8217;l proyectu nes etapes d&#8217;Infantil, Primaria y Secundaria, seg\u00fan en Formaci\u00f3n Profesional y nos centros d&#8217;educaci\u00f3n especial. Di\u00e9ronse nuevos pasos con rutes formatives para implicar a tola comunid\u00e1 educativa, dende&#8217;l serviciu d&#8217;inspecci\u00f3n hasta les families. [&hellip;]<\/p>\n","protected":false},"author":117,"featured_media":0,"comment_status":"open","ping_status":"open","sticky":false,"template":"","format":"standard","meta":{"footnotes":""},"categories":[137,49,59],"tags":[],"class_list":["post-36345","post","type-post","status-publish","format-standard","hentry","category-igualda","category-revistes","category-rtpa"],"_links":{"self":[{"href":"https:\/\/edublog.educastur.es\/ixuxu\/wp-json\/wp\/v2\/posts\/36345","targetHints":{"allow":["GET"]}}],"collection":[{"href":"https:\/\/edublog.educastur.es\/ixuxu\/wp-json\/wp\/v2\/posts"}],"about":[{"href":"https:\/\/edublog.educastur.es\/ixuxu\/wp-json\/wp\/v2\/types\/post"}],"author":[{"embeddable":true,"href":"https:\/\/edublog.educastur.es\/ixuxu\/wp-json\/wp\/v2\/users\/117"}],"replies":[{"embeddable":true,"href":"https:\/\/edublog.educastur.es\/ixuxu\/wp-json\/wp\/v2\/comments?post=36345"}],"version-history":[{"count":7,"href":"https:\/\/edublog.educastur.es\/ixuxu\/wp-json\/wp\/v2\/posts\/36345\/revisions"}],"predecessor-version":[{"id":36352,"href":"https:\/\/edublog.educastur.es\/ixuxu\/wp-json\/wp\/v2\/posts\/36345\/revisions\/36352"}],"wp:attachment":[{"href":"https:\/\/edublog.educastur.es\/ixuxu\/wp-json\/wp\/v2\/media?parent=36345"}],"wp:term":[{"taxonomy":"category","embeddable":true,"href":"https:\/\/edublog.educastur.es\/ixuxu\/wp-json\/wp\/v2\/categories?post=36345"},{"taxonomy":"post_tag","embeddable":true,"href":"https:\/\/edublog.educastur.es\/ixuxu\/wp-json\/wp\/v2\/tags?post=36345"}],"curies":[{"name":"wp","href":"https:\/\/api.w.org\/{rel}","templated":true}]}}