{"id":36572,"date":"2024-11-27T21:40:35","date_gmt":"2024-11-27T19:40:35","guid":{"rendered":"https:\/\/edublog.educastur.es\/ixuxu\/?p=36572"},"modified":"2024-11-27T21:40:35","modified_gmt":"2024-11-27T19:40:35","slug":"faer-rellumar-la-to-lluz-mas-brilloso-ye-ser-quien-realmente-yes","status":"publish","type":"post","link":"https:\/\/edublog.educastur.es\/ixuxu\/2024\/11\/faer-rellumar-la-to-lluz-mas-brilloso-ye-ser-quien-realmente-yes\/","title":{"rendered":"\u00abFaer rellumar la to lluz m\u00e1s brilloso ye ser quien realmente yes\u00bb."},"content":{"rendered":"<p><span style=\"font-size: 20px;color: #008080\"><strong><em>Agora, m\u00e1s que nunca, precisamos traer la lluz.<\/em><\/strong><\/span><br \/>\n<span style=\"font-size: 20px;color: #008080\"><strong><em>La lluz acom\u00fa\u00f1ase com\u00fanmente cola calid\u00e1 de vida. <\/em><\/strong><\/span><br \/>\n<span style=\"font-size: 20px;color: #008080\"><strong><em>Puede atopase nel rellumu de los g\u00fceyos, <\/em><\/strong><\/span><br \/>\n<span style=\"font-size: 20px;color: #008080\"><strong><em>na calidez d&#8217;una sorrisa ya inclusive na alma.<\/em><\/strong><\/span><\/p>\n<p><span style=\"font-size: 20px;color: #008080\"><strong><em>La lluz dientro del nuesu coraz\u00f3n puede dar vida<\/em><\/strong><\/span><br \/>\n<span style=\"font-size: 20px;color: #008080\"><strong><em> a cualquier cosa que toque, <\/em><\/strong><\/span><br \/>\n<span style=\"font-size: 20px;color: #008080\"><strong><em>y\u00e1 s\u00edan los nuesos pensamientos, sentimientos, <\/em><\/strong><\/span><br \/>\n<span style=\"font-size: 20px;color: #008080\"><strong><em>les coses que faemos o les persones que conocemos.<\/em><\/strong><\/span><\/p>\n<p><span style=\"font-size: 20px;color: #008080\"><strong><em>L&#8217;allegr\u00eda de guardar l&#8217;amanecer, <\/em><\/strong><\/span><br \/>\n<span style=\"font-size: 20px;color: #008080\"><strong><em>los fueos artificiales, les estrelles<\/em><\/strong><\/span><br \/>\n<span style=\"font-size: 20px;color: #008080\"><strong><em>y la lluz de les veles dan vida a la vasta escurid\u00e1.<\/em><\/strong><\/span><\/p>\n<p><span style=\"font-size: 20px;color: #008080\"><strong><em>Vien dicir que nun podemos apreciar<br \/>\nla lluz si nun hai escurid\u00e1, <\/em><\/strong><\/span><br \/>\n<span style=\"font-size: 20px;color: #008080\"><strong><em>como la felicid\u00e1 ensin conocer la murnia.<\/em><\/strong><\/span><br \/>\n<span style=\"font-size: 20px;color: #008080\"><strong><em>\u00abFaer rellumar la to lluz m\u00e1s brilloso<br \/>\nye ser quien realmente yes\u00bb.<\/em><\/strong><\/span><\/p>\n<p><em>Roy T. Bennett \u2728 Serendipity Corner<\/em><\/p>\n<p><!--more--><\/p>\n<p style=\"text-align: center\">\n<!-- iframe plugin v.6.0 wordpress.org\/plugins\/iframe\/ -->\n<iframe loading=\"lazy\" src=\"https:\/\/www.facebook.com\/plugins\/post.php?href=https%3A%2F%2Fwww.facebook.com%2Fcienciadelamenteargentina%2Fposts%2Fpfbid02wP21Q1i1Juyiq8y3zPihSH6YV2xMpvJQxP99vfmpYhbysuGh4k5iyMDX7T3KxJnpl&#038;show_text=false&#038;width=500\" width=\"500\" height=\"498\" style=\"border:none;overflow:hidden\" scrolling=\"no\" frameborder=\"0\" allowfullscreen=\"true\" allow=\"autoplay; clipboard-write; encrypted-media; picture-in-picture; web-share\" 0=\"\/iframe\" class=\"iframe-class\"><\/iframe>\n<\/p>\n","protected":false},"excerpt":{"rendered":"<p>Agora, m\u00e1s que nunca, precisamos traer la lluz. La lluz acom\u00fa\u00f1ase com\u00fanmente cola calid\u00e1 de vida. Puede atopase nel rellumu de los g\u00fceyos, na calidez d&#8217;una sorrisa ya inclusive na alma. La lluz dientro del nuesu coraz\u00f3n puede dar vida a cualquier cosa que toque, y\u00e1 s\u00edan los nuesos pensamientos, sentimientos, les coses que faemos [&hellip;]<\/p>\n","protected":false},"author":117,"featured_media":0,"comment_status":"open","ping_status":"open","sticky":false,"template":"","format":"standard","meta":{"footnotes":""},"categories":[295],"tags":[],"class_list":["post-36572","post","type-post","status-publish","format-standard","hentry","category-pa-reflexonar"],"_links":{"self":[{"href":"https:\/\/edublog.educastur.es\/ixuxu\/wp-json\/wp\/v2\/posts\/36572","targetHints":{"allow":["GET"]}}],"collection":[{"href":"https:\/\/edublog.educastur.es\/ixuxu\/wp-json\/wp\/v2\/posts"}],"about":[{"href":"https:\/\/edublog.educastur.es\/ixuxu\/wp-json\/wp\/v2\/types\/post"}],"author":[{"embeddable":true,"href":"https:\/\/edublog.educastur.es\/ixuxu\/wp-json\/wp\/v2\/users\/117"}],"replies":[{"embeddable":true,"href":"https:\/\/edublog.educastur.es\/ixuxu\/wp-json\/wp\/v2\/comments?post=36572"}],"version-history":[{"count":1,"href":"https:\/\/edublog.educastur.es\/ixuxu\/wp-json\/wp\/v2\/posts\/36572\/revisions"}],"predecessor-version":[{"id":36573,"href":"https:\/\/edublog.educastur.es\/ixuxu\/wp-json\/wp\/v2\/posts\/36572\/revisions\/36573"}],"wp:attachment":[{"href":"https:\/\/edublog.educastur.es\/ixuxu\/wp-json\/wp\/v2\/media?parent=36572"}],"wp:term":[{"taxonomy":"category","embeddable":true,"href":"https:\/\/edublog.educastur.es\/ixuxu\/wp-json\/wp\/v2\/categories?post=36572"},{"taxonomy":"post_tag","embeddable":true,"href":"https:\/\/edublog.educastur.es\/ixuxu\/wp-json\/wp\/v2\/tags?post=36572"}],"curies":[{"name":"wp","href":"https:\/\/api.w.org\/{rel}","templated":true}]}}