{"id":36760,"date":"2024-11-29T16:52:20","date_gmt":"2024-11-29T14:52:20","guid":{"rendered":"https:\/\/edublog.educastur.es\/ixuxu\/?p=36760"},"modified":"2024-11-29T16:52:36","modified_gmt":"2024-11-29T14:52:36","slug":"taller-lliterariu-creacion-y-interpretacion-de-poesia","status":"publish","type":"post","link":"https:\/\/edublog.educastur.es\/ixuxu\/2024\/11\/taller-lliterariu-creacion-y-interpretacion-de-poesia\/","title":{"rendered":"Taller lliterariu \u00abCreaci\u00f3n y interpretaci\u00f3n de poes\u00eda\u00bb"},"content":{"rendered":"<div class=\"x78zum5 xdt5ytf xz62fqu x16ldp7u\">\n<div class=\"xu06os2 x1ok221b\">\n<div class=\"html-div xdj266r x11i5rnm xat24cr x1mh8g0r xexx8yu x4uap5 x18d9i69 xkhd6sd\" data-ad-rendering-role=\"profile_name\">\n<ul>\n<li class=\"x6prxxf xk50ysn xvq8zen\" dir=\"ltr\"><span class=\"xt0psk2\"><a class=\"x1i10hfl xjbqb8w x1ejq31n xd10rxx x1sy0etr x17r0tee x972fbf xcfux6l x1qhh985 xm0m39n x9f619 x1ypdohk xt0psk2 xe8uvvx xdj266r x11i5rnm xat24cr x1mh8g0r xexx8yu x4uap5 x18d9i69 xkhd6sd x16tdsg8 x1hl2dhg xggy1nq x1a2a7pz x1sur9pj xkrqix3 xzsf02u x1s688f\" role=\"link\" href=\"https:\/\/www.facebook.com\/groups\/264523817055130\/?hoisted_section_header_type=recently_seen&amp;multi_permalinks=2747705275403626&amp;__cft__[0]=AZVQDEORGHqOoNspmI8e9qDBQ_yuprBoxxEuVfxnVJtp6x7E76lhFuUG0q3JHhpUf_Pcsy08BlGD7HQeN6lp2JYU5nc0Y1Fnr5x1uAB9hGcWqOEGWyacLlehA9OKP8zLXb1RVtjyvmUbyE-23-spgo6-VKrJJQcIWfQQouuJo1C2ukZIpE_DQ2mzfVj9-40pjNXMkC_nn3kvUMv9XiOyE-4wy5DCVzX5Al8pYfFoZ0fzRQ&amp;__tn__=-UC%2CP-R\"><span class=\"html-span xdj266r x11i5rnm xat24cr x1mh8g0r xexx8yu x4uap5 x18d9i69 xkhd6sd x1hl2dhg x16tdsg8 x1vvkbs\">LLINGUA ASTURIANA<\/span><\/a><\/span><span class=\"\"><span class=\"xt0psk2\"><span class=\"x193iq5w xeuugli x13faqbe x1vvkbs x1xmvt09 x1pg5gke x1sibtaa x1s688f xi81zsa\">\/<a href=\"https:\/\/scontent-bcn1-1.xx.fbcdn.net\/v\/t39.30808-6\/468505315_1145782397547849_1526833562205163033_n.jpg?_nc_cat=102&amp;ccb=1-7&amp;_nc_sid=aa7b47&amp;_nc_ohc=oSJHxVN9wQcQ7kNvgHIoogL&amp;_nc_zt=23&amp;_nc_ht=scontent-bcn1-1.xx&amp;_nc_gid=AjPazq0d5HitAFFzoIz_YhJ&amp;oh=00_AYCuZVKh4Dn-qVAKU2Q7ckK_O7Bmb4EgWDlkfC-WWCNJaQ&amp;oe=674FB91A\"> imaxe<\/a><\/span><\/span><\/span><\/li>\n<\/ul>\n<\/div>\n<\/div>\n<\/div>\n<div class=\"xqcrz7y x78zum5 x1qx5ct2 x1y1aw1k x1sxyh0 xwib8y2 xurb0ha xw4jnvo\">\n<div style=\"text-align: center\"><a href=\"https:\/\/drupal.gijon.es\/sites\/default\/files\/styles\/imagen_4_3\/public\/2019-07\/Fachada%20nocturna%20Morilla.JPG\"><img loading=\"lazy\" decoding=\"async\" class=\"aligncenter \" src=\"https:\/\/drupal.gijon.es\/sites\/default\/files\/styles\/imagen_4_3\/public\/2019-07\/Fachada%20nocturna%20Morilla.JPG\" width=\"360\" height=\"269\" \/><\/a><\/div>\n<\/div>\n<div class=\"html-div xdj266r x11i5rnm xat24cr x1mh8g0r xexx8yu x4uap5 x18d9i69 xkhd6sd\" dir=\"auto\">\n<div class=\"html-div xdj266r x11i5rnm xat24cr x1mh8g0r xexx8yu x4uap5 x18d9i69 xkhd6sd\" data-ad-rendering-role=\"story_message\">\n<div id=\":rav:\" class=\"x1l90r2v x1iorvi4 x1ye3gou xn6708d\" data-ad-comet-preview=\"message\" data-ad-preview=\"message\">\n<div class=\"x78zum5 xdt5ytf xz62fqu x16ldp7u\">\n<div class=\"xu06os2 x1ok221b\">\n<div class=\"xdj266r x11i5rnm xat24cr x1mh8g0r x1vvkbs x126k92a\">\n<ul>\n<li dir=\"auto\">La Residencia Lliteraria Xix\u00f3n entama&#8217;l <strong>taller lliterariu \u00abCreaci\u00f3n y interpretaci\u00f3n de poes\u00eda\u00bb<\/strong> col escritor Miguel Rodr\u00edguez Monteavaro.<\/li>\n<li dir=\"auto\"><strong>L&#8217;activid\u00e1 va celebrase&#8217;l<\/strong> domingu 22 d&#8217;avientu de 11 a 13 hores nel LABShop, merc\u00e1u d&#8217;arte y cultura de la LLABoral Centru d&#8217;Arte y Creaci\u00f3n Industrial de Xix\u00f3n.<\/li>\n<li dir=\"auto\"><strong>Les inscripcione<\/strong>s, a 30 euros por persona, t\u00e1n abiertes nel corr\u00e9u info@lliterariaxixon.com.<\/li>\n<\/ul>\n<p><!--more--><\/p>\n<div class=\"html-div xdj266r x11i5rnm xat24cr x1mh8g0r xexx8yu x4uap5 x18d9i69 xkhd6sd\" dir=\"auto\">\n<div class=\"html-div xdj266r x11i5rnm xat24cr x1mh8g0r xexx8yu x4uap5 x18d9i69 xkhd6sd\" data-ad-rendering-role=\"story_message\">\n<div id=\":rav:\" class=\"x1l90r2v x1iorvi4 x1ye3gou xn6708d\" data-ad-comet-preview=\"message\" data-ad-preview=\"message\">\n<div class=\"x78zum5 xdt5ytf xz62fqu x16ldp7u\">\n<div class=\"xu06os2 x1ok221b\">\n<div class=\"x11i5rnm xat24cr x1mh8g0r x1vvkbs xtlvy1s x126k92a\">\n<ul>\n<li dir=\"auto\"><strong>La poes\u00eda tien una vertiente esc\u00e9nica<\/strong> que se vieno desarrollando y adaptando dende los sos empiezos. Actualmente la presentaci\u00f3n oral de la poes\u00eda puede mezclase con recursos modernos como la tecnolox\u00eda sonora electr\u00f3nica o otros elementos contempor\u00e1neos como les im\u00e1xenes proyectaes o les nueves formes testuales. Esti taller pretende dar al alumn\u00e1u una serie de recursos de creaci\u00f3n de poemes que depu\u00e9s podr\u00e1n ser interpretaos \u00e9nte un p\u00fablicu.<\/li>\n<li dir=\"auto\"><strong>Los oxetivos son<\/strong> proporcionar a les personas participantes ferramientes de creaci\u00f3n de poemes orientaos a la oralid\u00e1, esplicar los rudimentos b\u00e1sicos de la composici\u00f3n po\u00e9tica contempor\u00e1nea, dar claves pa entender la propiocepci\u00f3n de los y les poetes y la so situaci\u00f3n nel escenariu, deprender a interpretar testos propios o ayenos con p\u00fablicu y crear una performance po\u00e9tica individual o colectiva a partir de les creaciones que salgan del taller.\n<div dir=\"auto\"><\/div>\n<\/li>\n<li dir=\"auto\">\n<div dir=\"auto\"><strong>Miguel Rodr\u00edguez Monteavaro<\/strong> ye poeta, m\u00fasicu y doctor n\u2019Investigaciones human\u00edstiques pola Universid\u00e1 d\u2019Uvi\u00e9u. Vincul\u00e1u a la lliteratura, sobre too, gan\u00f3 dellos premios de creaci\u00f3n po\u00e9tica y consigui\u00f3 varies residencies art\u00edstiques polos sos proyectos multidisciplinares. Los sos testos, escritos orixinalmente en gallego-asturianu y n&#8217;asturianu, fueron traduc\u00edos y publicaos en castell\u00e1n, ingl\u00e9s, franc\u00e9s o polacu, ente otres lling\u00fces.<\/div>\n<\/li>\n<\/ul>\n<p style=\"text-align: center\"><a href=\"https:\/\/www.deconcursos.com\/wp-content\/uploads\/2024\/09\/miguelrodriguezmonteavaro.jpg\"><img loading=\"lazy\" decoding=\"async\" class=\"aligncenter size-large\" src=\"https:\/\/www.deconcursos.com\/wp-content\/uploads\/2024\/09\/miguelrodriguezmonteavaro.jpg\" width=\"770\" height=\"380\" \/><\/a><\/p>\n<p>Miguel Rodr\u00edguez Monteavaro \u00e1lzase col XXX PREMIU XUAN MAR\u00cdA ACEBAL DE POES\u00cdA N&#8217;ASTURIANU<\/p>\n<p>ASTURIASMUNDIAL.COM \/ L&#8217;escritor bual\u00e9s Miguel Rodr\u00edguez Monteavaro foi galardon\u00e1u col prestixosu <strong>XXX Premiu Xuan Mar\u00eda Acebal de poes\u00eda n&#8217;asturianu<\/strong> pola so obra Al disparar nunca parte.<\/p>\n<p>El xur\u00e1u resalt\u00f3&#8217;l calter \u00fanicu d&#8217;esti poemariu, defini\u00e9ndolo como \u201cuna biograf\u00eda emocional\u201d que destaca pola so ambici\u00f3n creativa, la so esperimentaci\u00f3n formal y uno notable unid\u00e1 tem\u00e1tica y estil\u00edstica que la convierte nun referente dientro de la poes\u00eda contemporanea en llingua asturiana.<\/p>\n<\/div>\n<\/div>\n<\/div>\n<\/div>\n<\/div>\n<\/div>\n<div id=\":rb0:\" class=\"html-div xdj266r x11i5rnm xat24cr x1mh8g0r xexx8yu x4uap5 x18d9i69 xkhd6sd x1n2onr6\">\n<div class=\"html-div xdj266r x11i5rnm xat24cr x1mh8g0r xexx8yu x4uap5 x18d9i69 xkhd6sd x1n2onr6\"><\/div>\n<\/div>\n<div class=\"html-div xdj266r x11i5rnm xat24cr x1mh8g0r xexx8yu x4uap5 x18d9i69 xkhd6sd\">\n<div id=\":rb0:\" class=\"html-div xdj266r x11i5rnm xat24cr x1mh8g0r xexx8yu x4uap5 x18d9i69 xkhd6sd x1n2onr6\">\n<div class=\"html-div xdj266r x11i5rnm xat24cr x1mh8g0r xexx8yu x4uap5 x18d9i69 xkhd6sd\">\n<div class=\"html-div xdj266r x11i5rnm xat24cr x1mh8g0r xexx8yu x4uap5 x18d9i69 xkhd6sd x6ikm8r x10wlt62\"><\/div>\n<\/div>\n<\/div>\n<\/div>\n<div>\n<div class=\"xabvvm4 xeyy32k x1ia1hqs x1a2w583 x6ikm8r x10wlt62\" data-visualcompletion=\"ignore-dynamic\">\n<div>\n<div>\n<div>\n<div class=\"xq8finb x16n37ib\">\n<div class=\"x9f619 x1ja2u2z x78zum5 x2lah0s x1n2onr6 x1qughib x1qjc9v5 xozqiw3 x1q0g3np xjkvuk6 x1iorvi4 xwrv7xz x8182xy x4cne27 xifccgj\">\n<div class=\"x9f619 x1n2onr6 x1ja2u2z x78zum5 xdt5ytf x193iq5w xeuugli x1r8uery x1iyjqo2 xs83m0k xg83lxy x1h0ha7o x10b6aqq x1yrsyyn\"><\/div>\n<\/div>\n<\/div>\n<\/div>\n<\/div>\n<\/div>\n<\/div>\n<\/div>\n<div class=\"x9f619 x1n2onr6 x1ja2u2z x78zum5 xdt5ytf x193iq5w xeuugli x1r8uery x1iyjqo2 xs83m0k xg83lxy x1h0ha7o x10b6aqq x1yrsyyn\"><\/div>\n<\/div>\n<\/div>\n<\/div>\n<\/div>\n<\/div>\n<\/div>\n<p>&nbsp;<\/p>\n","protected":false},"excerpt":{"rendered":"<p>LLINGUA ASTURIANA\/ imaxe La Residencia Lliteraria Xix\u00f3n entama&#8217;l taller lliterariu \u00abCreaci\u00f3n y interpretaci\u00f3n de poes\u00eda\u00bb col escritor Miguel Rodr\u00edguez Monteavaro. L&#8217;activid\u00e1 va celebrase&#8217;l domingu 22 d&#8217;avientu de 11 a 13 hores nel LABShop, merc\u00e1u d&#8217;arte y cultura de la LLABoral Centru d&#8217;Arte y Creaci\u00f3n Industrial de Xix\u00f3n. Les inscripciones, a 30 euros por persona, t\u00e1n [&hellip;]<\/p>\n","protected":false},"author":117,"featured_media":0,"comment_status":"open","ping_status":"open","sticky":false,"template":"","format":"standard","meta":{"footnotes":""},"categories":[39],"tags":[],"class_list":["post-36760","post","type-post","status-publish","format-standard","hentry","category-poesia"],"_links":{"self":[{"href":"https:\/\/edublog.educastur.es\/ixuxu\/wp-json\/wp\/v2\/posts\/36760","targetHints":{"allow":["GET"]}}],"collection":[{"href":"https:\/\/edublog.educastur.es\/ixuxu\/wp-json\/wp\/v2\/posts"}],"about":[{"href":"https:\/\/edublog.educastur.es\/ixuxu\/wp-json\/wp\/v2\/types\/post"}],"author":[{"embeddable":true,"href":"https:\/\/edublog.educastur.es\/ixuxu\/wp-json\/wp\/v2\/users\/117"}],"replies":[{"embeddable":true,"href":"https:\/\/edublog.educastur.es\/ixuxu\/wp-json\/wp\/v2\/comments?post=36760"}],"version-history":[{"count":2,"href":"https:\/\/edublog.educastur.es\/ixuxu\/wp-json\/wp\/v2\/posts\/36760\/revisions"}],"predecessor-version":[{"id":36764,"href":"https:\/\/edublog.educastur.es\/ixuxu\/wp-json\/wp\/v2\/posts\/36760\/revisions\/36764"}],"wp:attachment":[{"href":"https:\/\/edublog.educastur.es\/ixuxu\/wp-json\/wp\/v2\/media?parent=36760"}],"wp:term":[{"taxonomy":"category","embeddable":true,"href":"https:\/\/edublog.educastur.es\/ixuxu\/wp-json\/wp\/v2\/categories?post=36760"},{"taxonomy":"post_tag","embeddable":true,"href":"https:\/\/edublog.educastur.es\/ixuxu\/wp-json\/wp\/v2\/tags?post=36760"}],"curies":[{"name":"wp","href":"https:\/\/api.w.org\/{rel}","templated":true}]}}