{"id":36861,"date":"2024-11-30T18:50:27","date_gmt":"2024-11-30T16:50:27","guid":{"rendered":"https:\/\/edublog.educastur.es\/ixuxu\/?p=36861"},"modified":"2024-11-30T18:55:05","modified_gmt":"2024-11-30T16:55:05","slug":"entrega-premiu-de-poesia-de-afundacion","status":"publish","type":"post","link":"https:\/\/edublog.educastur.es\/ixuxu\/2024\/11\/entrega-premiu-de-poesia-de-afundacion\/","title":{"rendered":"Entrega XXII Premio de poes\u00eda Afundaci\u00f3n"},"content":{"rendered":"<p>O poeta asturiano <span class=\"html-span xdj266r x11i5rnm xat24cr x1mh8g0r xexx8yu x4uap5 x18d9i69 xkhd6sd x1hl2dhg x16tdsg8 x1vvkbs\"><a class=\"x1i10hfl xjbqb8w x1ejq31n xd10rxx x1sy0etr x17r0tee x972fbf xcfux6l x1qhh985 xm0m39n x9f619 x1ypdohk xt0psk2 xe8uvvx xdj266r x11i5rnm xat24cr x1mh8g0r xexx8yu x4uap5 x18d9i69 xkhd6sd x16tdsg8 x1hl2dhg xggy1nq x1a2a7pz x1sur9pj xkrqix3 x1fey0fg x1s688f\" role=\"link\" href=\"https:\/\/www.facebook.com\/monteavaro?__cft__[0]=AZUMcr9AQZiTrns1YvyDJNYneDpVFzD0vlhJLFiU80WrSFCSgj_B8myk-f8fqh3xAvvkL10An5V746lfz_5PlTmK34A5qNFTaolxxxMtK3EAyIkRzl_m1_Jn24KP-e97xKNSJqOiqFAzsEO3JU-isI264eNYsXSuhdPOBOWLYF17Fjj93bLzQh1P9SXdSdrAhGo&amp;__tn__=-]K-R\"><span class=\"xt0psk2\">Miguel Rodr\u00edguez Monteavaro<\/span><\/a><\/span>, <strong><span style=\"color: #008080\">da comarca do Eo-Navia<\/span><\/strong>, recibe o galard\u00f3n do<strong> XXII Premio de Poes\u00eda<\/strong> <span class=\"html-span xdj266r x11i5rnm xat24cr x1mh8g0r xexx8yu x4uap5 x18d9i69 xkhd6sd x1hl2dhg x16tdsg8 x1vvkbs\"><a class=\"x1i10hfl xjbqb8w x1ejq31n xd10rxx x1sy0etr x17r0tee x972fbf xcfux6l x1qhh985 xm0m39n x9f619 x1ypdohk xt0psk2 xe8uvvx xdj266r x11i5rnm xat24cr x1mh8g0r xexx8yu x4uap5 x18d9i69 xkhd6sd x16tdsg8 x1hl2dhg xggy1nq x1a2a7pz x1sur9pj xkrqix3 x1fey0fg x1s688f\" role=\"link\" href=\"https:\/\/www.facebook.com\/Afundacion?__cft__[0]=AZUMcr9AQZiTrns1YvyDJNYneDpVFzD0vlhJLFiU80WrSFCSgj_B8myk-f8fqh3xAvvkL10An5V746lfz_5PlTmK34A5qNFTaolxxxMtK3EAyIkRzl_m1_Jn24KP-e97xKNSJqOiqFAzsEO3JU-isI264eNYsXSuhdPOBOWLYF17Fjj93bLzQh1P9SXdSdrAhGo&amp;__tn__=-]K-R\"><span class=\"xt0psk2\">Afundaci\u00f3n<\/span><\/a><\/span> polo poemario <span style=\"text-decoration: underline\"><span style=\"color: #008080;text-decoration: underline\"><em>\u201cCortar pescado en Manila\u201d<\/em><\/span><\/span>, co apoio da <span class=\"html-span xdj266r x11i5rnm xat24cr x1mh8g0r xexx8yu x4uap5 x18d9i69 xkhd6sd x1hl2dhg x16tdsg8 x1vvkbs\"><a class=\"x1i10hfl xjbqb8w x1ejq31n xd10rxx x1sy0etr x17r0tee x972fbf xcfux6l x1qhh985 xm0m39n x9f619 x1ypdohk xt0psk2 xe8uvvx xdj266r x11i5rnm xat24cr x1mh8g0r xexx8yu x4uap5 x18d9i69 xkhd6sd x16tdsg8 x1hl2dhg xggy1nq x1a2a7pz x1sur9pj xkrqix3 x1fey0fg x1s688f\" role=\"link\" href=\"https:\/\/www.facebook.com\/@xuntadegalicia\/?__cft__[0]=AZUMcr9AQZiTrns1YvyDJNYneDpVFzD0vlhJLFiU80WrSFCSgj_B8myk-f8fqh3xAvvkL10An5V746lfz_5PlTmK34A5qNFTaolxxxMtK3EAyIkRzl_m1_Jn24KP-e97xKNSJqOiqFAzsEO3JU-isI264eNYsXSuhdPOBOWLYF17Fjj93bLzQh1P9SXdSdrAhGo&amp;__tn__=-]K-R\"><span class=\"xt0psk2\">Xunta de Galicia<\/span><\/a><\/span>.<\/p>\n<p style=\"text-align: center\">\n<!-- iframe plugin v.6.0 wordpress.org\/plugins\/iframe\/ -->\n<iframe loading=\"lazy\" src=\"https:\/\/www.facebook.com\/plugins\/video.php?height=476&#038;href=https%3A%2F%2Fwww.facebook.com%2Freel%2F1279263656559890%2F&#038;show_text=false&#038;width=267&#038;t=0\" width=\"267\" height=\"476\" style=\"border:none;overflow:hidden\" scrolling=\"no\" frameborder=\"0\" allowfullscreen=\"true\" allow=\"autoplay; clipboard-write; encrypted-media; picture-in-picture; web-share\" 0=\"\/iframe\" class=\"iframe-class\"><\/iframe>\n<\/p>\n<ul>\n<li><a href=\"https:\/\/www.facebook.com\/reel\/1279263656559890\">Videu<\/a> \/ <a class=\"x1i10hfl xjbqb8w x1ejq31n xd10rxx x1sy0etr x17r0tee x972fbf xcfux6l x1qhh985 xm0m39n x9f619 x1ypdohk xt0psk2 xe8uvvx xdj266r x11i5rnm xat24cr x1mh8g0r xexx8yu x4uap5 x18d9i69 xkhd6sd x16tdsg8 x1hl2dhg xggy1nq x1a2a7pz x1sur9pj xkrqix3 xzsf02u x1s688f\" role=\"link\" href=\"https:\/\/www.facebook.com\/monteavaro?__tn__=-UC*F\">Miguel Rodr\u00edguez Monteavaro<\/a><\/li>\n<li>Dellos recortes de prensa da entrega del Premio de poes\u00eda de Afundaci\u00f3n (<span class=\"html-span xdj266r x11i5rnm xat24cr x1mh8g0r xexx8yu x4uap5 x18d9i69 xkhd6sd x1hl2dhg x16tdsg8 x1vvkbs\"><a class=\"x1i10hfl xjbqb8w x1ejq31n xd10rxx x1sy0etr x17r0tee x972fbf xcfux6l x1qhh985 xm0m39n x9f619 x1ypdohk xt0psk2 xe8uvvx xdj266r x11i5rnm xat24cr x1mh8g0r xexx8yu x4uap5 x18d9i69 xkhd6sd x16tdsg8 x1hl2dhg xggy1nq x1a2a7pz x1sur9pj xkrqix3 x1fey0fg x1s688f\" role=\"link\" href=\"https:\/\/l.facebook.com\/l.php?u=https%3A%2F%2Fwww.instagram.com%2F_u%2Fafundacion_org%3Ffbclid%3DIwZXh0bgNhZW0CMTAAAR1XuQLKmzwoElOJGxHkXKv2MtQjAaiKIAICun1Tx76GVZeb9pfPVoflyc4_aem_0ypoLIASgLJyLMRWbxnMpA&amp;h=AT1cQzysN8CTcIAHnAcJk9mwJItSMZbTIS_dTOwLCUyo0bbTZC1YJoh_7CbCusm3bSTx2ztfjRTPDq6Bszy90T4joT52zHWsf2UUR-uOd2UiQJjPWv0zn4ya68xMg6-t5LiUXb_73E_PZPPjUA&amp;__tn__=-UK-R&amp;c[0]=AT3wLaMngkh9BZTxsZbxN7gy1fPc-rKH_d295a1EmSGOrwKYcv8dMcGlZIGpfdmSrKQIQfUN2fX6ABv40KdbL-IhJCBz3VQMaEWelpA4b12niXHs7rslfzfCdZRP6QT3fiSNt3_7ufrr8MsKwYgoHjkJMrTqXYKIBhhNLakvHmuCHUUvEaGy\" target=\"_blank\" rel=\"nofollow noopener noreferrer\">@afundacion_org<\/a><\/span>). \u00a0en\u00a0<strong class=\"html-strong xdj266r x11i5rnm xat24cr x1mh8g0r xexx8yu x4uap5 x18d9i69 xkhd6sd x1hl2dhg x16tdsg8 x1vvkbs x1s688f\"><span class=\"html-span xdj266r x11i5rnm xat24cr x1mh8g0r xexx8yu x4uap5 x18d9i69 xkhd6sd x1hl2dhg x16tdsg8 x1vvkbs\"><a class=\"x1i10hfl xjbqb8w x1ejq31n xd10rxx x1sy0etr x17r0tee x972fbf xcfux6l x1qhh985 xm0m39n x9f619 x1ypdohk xt0psk2 xe8uvvx xdj266r x11i5rnm xat24cr x1mh8g0r xexx8yu x4uap5 x18d9i69 xkhd6sd x16tdsg8 x1hl2dhg xggy1nq x1a2a7pz x1sur9pj xkrqix3 xzsf02u x1s688f\" role=\"link\" href=\"https:\/\/www.facebook.com\/Centro-ABANCA-Obra-Social-555964411266014\/?__tn__=kC*F\"><span class=\"xt0psk2\">Centro ABANCA Obra Social<\/span><\/a><\/span><\/strong>.<\/li>\n<\/ul>\n<p>&nbsp;<\/p>\n<blockquote><p><em>Muitas gracias a toda a xente que foi al acto da entrega del <strong>XXII Premio de poes\u00eda Afundaci\u00f3n<\/strong> (<span class=\"html-span xdj266r x11i5rnm xat24cr x1mh8g0r xexx8yu x4uap5 x18d9i69 xkhd6sd x1hl2dhg x16tdsg8 x1vvkbs\"><a class=\"x1i10hfl xjbqb8w x1ejq31n xd10rxx x1sy0etr x17r0tee x972fbf xcfux6l x1qhh985 xm0m39n x9f619 x1ypdohk xt0psk2 xe8uvvx xdj266r x11i5rnm xat24cr x1mh8g0r xexx8yu x4uap5 x18d9i69 xkhd6sd x16tdsg8 x1hl2dhg xggy1nq x1a2a7pz x1sur9pj xkrqix3 x1fey0fg x1s688f\" role=\"link\" href=\"https:\/\/www.instagram.com\/_u\/afundacion_org?fbclid=IwZXh0bgNhZW0CMTAAAR1XuQLKmzwoElOJGxHkXKv2MtQjAaiKIAICun1Tx76GVZeb9pfPVoflyc4_aem_0ypoLIASgLJyLMRWbxnMpA\" target=\"_blank\" rel=\"nofollow noopener noreferrer\">@afundacion_org<\/a><\/span>). Foi \u00faa marabilla poder celebrar coa m\u00eda xente un d\u00eda tan importante. Deixo dellas fotos del acto.<\/em><\/p><\/blockquote>\n<p><!--more--><\/p>\n<div class=\"xdj266r x11i5rnm xat24cr x1mh8g0r x1vvkbs x126k92a\">\n<ul>\n<li dir=\"auto\"><a class=\"x1i10hfl xjbqb8w x1ejq31n xd10rxx x1sy0etr x17r0tee x972fbf xcfux6l x1qhh985 xm0m39n x9f619 x1ypdohk xt0psk2 xe8uvvx xdj266r x11i5rnm xat24cr x1mh8g0r xexx8yu x4uap5 x18d9i69 xkhd6sd x16tdsg8 x1hl2dhg xggy1nq x1a2a7pz x1sur9pj xkrqix3 x1fey0fg x1s688f\" role=\"link\" href=\"https:\/\/www.xunta.gal\/notas-de-prensa\/-\/nova\/007604\/anxo-lorenzo-salienta-contribucion-prestixio-producion-poetica-galego-dos-premios?fbclid=IwZXh0bgNhZW0CMTAAAR11iuY6AJnq2DtXL69whNq253dRKWAzQqv5_QS7KHlq5C2_c-cLqc-Qc6k_aem_Jvc4F9tWmUpm0Wu6raVujg\" target=\"_blank\" rel=\"nofollow noopener noreferrer\">https:\/\/www.xunta.gal\/&#8230;\/anxo-lorenzo-salienta&#8230;<\/a><\/li>\n<\/ul>\n<\/div>\n<p style=\"text-align: center\">\n<!-- iframe plugin v.6.0 wordpress.org\/plugins\/iframe\/ -->\n<iframe loading=\"lazy\" src=\"https:\/\/www.facebook.com\/plugins\/post.php?href=https%3A%2F%2Fwww.facebook.com%2Fmonteavaro%2Fposts%2Fpfbid02D3DEaKuGagkuPaYHHmMgzJCqrtcC7vCRzrLDVkuk2muu5Wm8UcUdSWwXhfBJqZtHl&#038;show_text=true&#038;width=500\" width=\"500\" height=\"645\" style=\"border:none;overflow:hidden\" scrolling=\"no\" frameborder=\"0\" allowfullscreen=\"true\" allow=\"autoplay; clipboard-write; encrypted-media; picture-in-picture; web-share\" 0=\"\/iframe\" class=\"iframe-class\"><\/iframe>\n<\/p>\n<p>&nbsp;<\/p>\n","protected":false},"excerpt":{"rendered":"<p>O poeta asturiano Miguel Rodr\u00edguez Monteavaro, da comarca do Eo-Navia, recibe o galard\u00f3n do XXII Premio de Poes\u00eda Afundaci\u00f3n polo poemario \u201cCortar pescado en Manila\u201d, co apoio da Xunta de Galicia. Videu \/ Miguel Rodr\u00edguez Monteavaro Dellos recortes de prensa da entrega del Premio de poes\u00eda de Afundaci\u00f3n (@afundacion_org). \u00a0en\u00a0Centro ABANCA Obra Social. &nbsp; Muitas [&hellip;]<\/p>\n","protected":false},"author":117,"featured_media":0,"comment_status":"open","ping_status":"open","sticky":false,"template":"","format":"standard","meta":{"footnotes":""},"categories":[39,58],"tags":[],"class_list":["post-36861","post","type-post","status-publish","format-standard","hentry","category-poesia","category-premios"],"_links":{"self":[{"href":"https:\/\/edublog.educastur.es\/ixuxu\/wp-json\/wp\/v2\/posts\/36861","targetHints":{"allow":["GET"]}}],"collection":[{"href":"https:\/\/edublog.educastur.es\/ixuxu\/wp-json\/wp\/v2\/posts"}],"about":[{"href":"https:\/\/edublog.educastur.es\/ixuxu\/wp-json\/wp\/v2\/types\/post"}],"author":[{"embeddable":true,"href":"https:\/\/edublog.educastur.es\/ixuxu\/wp-json\/wp\/v2\/users\/117"}],"replies":[{"embeddable":true,"href":"https:\/\/edublog.educastur.es\/ixuxu\/wp-json\/wp\/v2\/comments?post=36861"}],"version-history":[{"count":6,"href":"https:\/\/edublog.educastur.es\/ixuxu\/wp-json\/wp\/v2\/posts\/36861\/revisions"}],"predecessor-version":[{"id":36867,"href":"https:\/\/edublog.educastur.es\/ixuxu\/wp-json\/wp\/v2\/posts\/36861\/revisions\/36867"}],"wp:attachment":[{"href":"https:\/\/edublog.educastur.es\/ixuxu\/wp-json\/wp\/v2\/media?parent=36861"}],"wp:term":[{"taxonomy":"category","embeddable":true,"href":"https:\/\/edublog.educastur.es\/ixuxu\/wp-json\/wp\/v2\/categories?post=36861"},{"taxonomy":"post_tag","embeddable":true,"href":"https:\/\/edublog.educastur.es\/ixuxu\/wp-json\/wp\/v2\/tags?post=36861"}],"curies":[{"name":"wp","href":"https:\/\/api.w.org\/{rel}","templated":true}]}}