{"id":3687,"date":"2021-02-10T15:29:45","date_gmt":"2021-02-10T13:29:45","guid":{"rendered":"https:\/\/edublog.educastur.es\/ixuxu\/?p=3687"},"modified":"2021-02-13T20:56:27","modified_gmt":"2021-02-13T18:56:27","slug":"les-praderies-marines-capturen-y-prinden-casil-de-les-emisiones-anales-de-co2-de-toa-espana","status":"publish","type":"post","link":"https:\/\/edublog.educastur.es\/ixuxu\/2021\/02\/les-praderies-marines-capturen-y-prinden-casil-de-les-emisiones-anales-de-co2-de-toa-espana\/","title":{"rendered":"Les prader\u00edes marines capturen\u00a0 y prinden casi&#8217;l % de les emisiones a\u00f1ales de CO2  de toa Espa\u00f1a."},"content":{"rendered":"<p style=\"text-align: center\"><a href=\"https:\/\/scontent.fmad7-1.fna.fbcdn.net\/v\/t1.0-9\/149984585_10158414502943705_7831551178522356747_o.jpg?_nc_cat=104&amp;ccb=3&amp;_nc_sid=730e14&amp;_nc_ohc=4VFjMMT1f4EAX-uL63D&amp;_nc_ht=scontent.fmad7-1.fna&amp;oh=079f54b4b3c0cb076405ffcafd16d8e7&amp;oe=604DB585\"><img loading=\"lazy\" decoding=\"async\" class=\"alignnone\" src=\"https:\/\/scontent.fmad7-1.fna.fbcdn.net\/v\/t1.0-9\/149984585_10158414502943705_7831551178522356747_o.jpg?_nc_cat=104&amp;ccb=3&amp;_nc_sid=730e14&amp;_nc_ohc=4VFjMMT1f4EAX-uL63D&amp;_nc_ht=scontent.fmad7-1.fna&amp;oh=079f54b4b3c0cb076405ffcafd16d8e7&amp;oe=604DB585\" alt=\"\" width=\"546\" height=\"546\" \/><\/a><\/p>\n<p style=\"text-align: center\">Les prader\u00edes marines capturen\u00a0 y prinden casi&#8217;l 7\u20e30\u20e3% de les emisiones a\u00f1ales de CO2 ? de toa Espa\u00f1a.<br \/>\n?? Estes plantes tapicen m\u00e1s de 1.618 kil\u00f3metros cuadraos de les costes y mari\u00f1es del nuesu pa\u00eds.<br \/>\nProtexer la biodiversid\u00e1 ye protexer la sal\u00fa del planeta y nuesa sal\u00fa ?<\/p>\n","protected":false},"excerpt":{"rendered":"<p>Les prader\u00edes marines capturen\u00a0 y prinden casi&#8217;l 7\u20e30\u20e3% de les emisiones a\u00f1ales de CO2 ? de toa Espa\u00f1a. ?? Estes plantes tapicen m\u00e1s de 1.618 kil\u00f3metros cuadraos de les costes y mari\u00f1es del nuesu pa\u00eds. Protexer la biodiversid\u00e1 ye protexer la sal\u00fa del planeta y nuesa sal\u00fa ?<\/p>\n","protected":false},"author":117,"featured_media":0,"comment_status":"open","ping_status":"open","sticky":false,"template":"","format":"image","meta":{"footnotes":""},"categories":[4],"tags":[],"class_list":["post-3687","post","type-post","status-publish","format-image","hentry","category-natura","post_format-post-format-image"],"_links":{"self":[{"href":"https:\/\/edublog.educastur.es\/ixuxu\/wp-json\/wp\/v2\/posts\/3687","targetHints":{"allow":["GET"]}}],"collection":[{"href":"https:\/\/edublog.educastur.es\/ixuxu\/wp-json\/wp\/v2\/posts"}],"about":[{"href":"https:\/\/edublog.educastur.es\/ixuxu\/wp-json\/wp\/v2\/types\/post"}],"author":[{"embeddable":true,"href":"https:\/\/edublog.educastur.es\/ixuxu\/wp-json\/wp\/v2\/users\/117"}],"replies":[{"embeddable":true,"href":"https:\/\/edublog.educastur.es\/ixuxu\/wp-json\/wp\/v2\/comments?post=3687"}],"version-history":[{"count":2,"href":"https:\/\/edublog.educastur.es\/ixuxu\/wp-json\/wp\/v2\/posts\/3687\/revisions"}],"predecessor-version":[{"id":3689,"href":"https:\/\/edublog.educastur.es\/ixuxu\/wp-json\/wp\/v2\/posts\/3687\/revisions\/3689"}],"wp:attachment":[{"href":"https:\/\/edublog.educastur.es\/ixuxu\/wp-json\/wp\/v2\/media?parent=3687"}],"wp:term":[{"taxonomy":"category","embeddable":true,"href":"https:\/\/edublog.educastur.es\/ixuxu\/wp-json\/wp\/v2\/categories?post=3687"},{"taxonomy":"post_tag","embeddable":true,"href":"https:\/\/edublog.educastur.es\/ixuxu\/wp-json\/wp\/v2\/tags?post=3687"}],"curies":[{"name":"wp","href":"https:\/\/api.w.org\/{rel}","templated":true}]}}