{"id":36909,"date":"2024-12-01T10:58:38","date_gmt":"2024-12-01T08:58:38","guid":{"rendered":"https:\/\/edublog.educastur.es\/ixuxu\/?p=36909"},"modified":"2024-12-03T15:04:19","modified_gmt":"2024-12-03T13:04:19","slug":"asturiesderestallu-papoyar-la-candidatura-de-la-cultura-sidrera","status":"publish","type":"post","link":"https:\/\/edublog.educastur.es\/ixuxu\/2024\/12\/asturiesderestallu-papoyar-la-candidatura-de-la-cultura-sidrera\/","title":{"rendered":"#AsturiesDeRestallu pa sofitar la candidatura de la Cultura Sidrera"},"content":{"rendered":"<div class=\"description\">\n<ul>\n<li>Fonte: <a href=\"https:\/\/actualidad.asturias.es\/-\/el-principado-iluminar\u00e1-de-verde-algunos-de-sus-edificios-p\u00fablicos-y-lanza-una-campa\u00f1a-en-redes-para-apoyar-la-candidatura-de-la-cultura-sidrera-a-la-unesco?redirect=%2Finicio\">Actualid\u00e1 Asturies<\/a> \/ <a href=\"https:\/\/www.lne.es\/asturias\/2024\/12\/03\/asturias-envia-energia-verde-iluminando-112271832.html\">LNE<\/a> \/ El Princip\u00e1u va illuminase de verde esta selmana baxo\u2019l lema <strong><span style=\"color: #008080\">#AsturiesDeRestallu<\/span> <\/strong>p\u2019apoyar la candidatura de la Cultura Sidrera<\/li>\n<\/ul>\n<p style=\"text-align: center\">\n<!-- iframe plugin v.6.0 wordpress.org\/plugins\/iframe\/ -->\n<iframe loading=\"lazy\" src=\"https:\/\/www.facebook.com\/plugins\/post.php?href=https%3A%2F%2Fwww.facebook.com%2Fgobiernodeasturias%2Fposts%2Fpfbid027EC1Ybi59fuPyuirpaaPUj2qAFGqC77eio3r41FxGPT8xc7EsQpEMXSQmpJY2Yk4l&#038;show_text=false&#038;width=500\" width=\"500\" height=\"332\" style=\"border:none;overflow:hidden\" scrolling=\"no\" frameborder=\"0\" allowfullscreen=\"true\" allow=\"autoplay; clipboard-write; encrypted-media; picture-in-picture; web-share\" 0=\"\/iframe\" class=\"iframe-class\"><\/iframe>\n<\/p>\n<p><strong>El Gobiernu d\u2019Asturies va illuminar los sos edificios principales de verde del 2 al 8 d\u2019avientu.<\/strong> Va facelo como acci\u00f3n de sofitu a la candidatura de la Cultura Sidrera Asturiana a Patrimoniu Cultural Inmaterial de la Humanid\u00e1, declaraci\u00f3n que se decide esta selmana en Paragu\u00e1i.<\/p>\n<p><!--more--><\/p>\n<p class=\"Ttulo1CxSpLast\"><img loading=\"lazy\" decoding=\"async\" class=\"alignnone \" src=\"https:\/\/actualidad.asturias.es\/documents\/537115\/2255965\/2024_12_01+Iluminaci%C3%B3n+por+campa%C3%B1a+de+la+sidra.jpeg\/03ad41cd-b194-6555-e544-8314309fd4ec?t=1733040174777\" width=\"239\" height=\"319\" \/> \/ <img loading=\"lazy\" decoding=\"async\" class=\"alignnone \" src=\"https:\/\/actualidad.asturias.es\/documents\/537115\/2255965\/2024_12_01+Iluminaci%C3%B3n+por+campa%C3%B1a+de+la+sidra+%281%29.jpeg\/49292268-8c23-cbaa-ee16-a6a26d695ad2?t=1733040174902\" width=\"238\" height=\"317\" \/><\/p>\n<p>&nbsp;<\/p>\n<ul>\n<li class=\"Entradilla\">L\u2019Executivu invita a tolos conceyos, entidaes y socied\u00e1 civil a sumase la illuminaci\u00f3n en verde de les fachaes y compartilo en redes cola etiqueta<\/li>\n<li class=\"Entradilla\">La conseyera de Cultura va defender la candidatura, previsiblemente, esti mi\u00e9rcoles n\u2019horariu de tarde n\u2019Asunci\u00f3n (Paragu\u00e1i)<\/li>\n<\/ul>\n<p>La conseyera de Cultura, Pol\u00edtica Lling\u00fc\u00edstica y Deporte, Vanessa Guti\u00e9rrez, y el director xeneral de Patrimoniu Cultural, Pablo Le\u00f3n, van tar na capital paraguaya pa defender la candidatura asturiana ante los Estaos miembros de la UNESCO. Faenlo dientro de la delegaci\u00f3n espa\u00f1ola que coordina\u2019l Ministeriu de Cultura.<\/p>\n<p style=\"text-align: center\"><a href=\"https:\/\/estaticos-cdn.prensaiberica.es\/clip\/a5b2b182-bea9-43aa-9781-a808e2476bed_source-aspect-ratio_default_0.jpg\"><img loading=\"lazy\" decoding=\"async\" class=\"aligncenter size-large\" src=\"https:\/\/estaticos-cdn.prensaiberica.es\/clip\/a5b2b182-bea9-43aa-9781-a808e2476bed_source-aspect-ratio_default_0.jpg\" width=\"2000\" height=\"1500\" \/><\/a><\/p>\n<p>D\u2019esta manera, la illuminaci\u00f3n de color verde que va llucir na fachada de bien de llugares se\u00f1alaos del Princip\u00e1u sirvir de sofitu al actu de defensa que, previsiblemente, va desarrollase\u2019l mi\u00e9rcoles, 4 d\u2019avientu, n\u2019horariu de tarde.<\/p>\n<p>Dalgunos de los equipamientos m\u00e1s destacaos que se van vistir de verde sidra son l\u2019edificiu de la Presidencia del Princip\u00e1u, el Mus\u00e9u de Belles Artes d\u2019Asturies, la torre de La Llaboral, la Quinta Guadalupe de Colombres o\u2019l Centru Niemeyer, ente otros. A esta iniciativa, impulsada pola Conseyer\u00eda de Cultura, tami\u00e9n sumaron bien de conceyos, instituciones p\u00fabliques y privaes y centros asturianos nel esterior.<\/p>\n<p style=\"text-align: center\"><a href=\"https:\/\/estaticos-cdn.prensaiberica.es\/clip\/f45006aa-136a-4ef4-8aba-3616811a226b_source-aspect-ratio_default_0.jpg\"><img loading=\"lazy\" decoding=\"async\" class=\"aligncenter size-large\" src=\"https:\/\/estaticos-cdn.prensaiberica.es\/clip\/f45006aa-136a-4ef4-8aba-3616811a226b_source-aspect-ratio_default_0.jpg\" width=\"1879\" height=\"970\" \/><\/a><\/p>\n<p>Pa unir esfuerzos, l\u2019Executivu llanz\u00f3 la etiqueta #AsturiesDeRestallu al travi\u00e9s de la qu\u2019invita a toes aquelles entidaes que s\u2019illuminen de verde esta selmana a compartir en redes sociales les semeyes y videos con ella, unviales a\u00a0<a href=\"mailto:conseyeriadecultura@asturias.org\">conseyeriadecultura@asturias.org<\/a> y mencionar a la conseyer\u00eda nes publicaciones (@culturaAST).<\/p>\n<\/div>\n<div class=\"contenido-article documentacion\">\n<ul>\n<li><a class=\"pdf\" title=\"NP Iluminaci\u00f3n por la campa\u00f1a de la Cultura Sidrera. Abre una nueva ventana\" href=\"https:\/\/actualidad.asturias.es\/documents\/533407\/0\/2024_12_01+NP+Iluminacion+verde+y+fecha+Cultura+Sidrera_billingu%CC%88e.pdf\/0851fe55-3622-6ab0-11a8-5daf849cac9f?t=1733040129420\" target=\"_blank\" rel=\"noopener\">\u00a0NP Iluminaci\u00f3n por la campa\u00f1a de la Cultura Sidrera<\/a><\/li>\n<\/ul>\n<\/div>\n","protected":false},"excerpt":{"rendered":"<p>Fonte: Actualid\u00e1 Asturies \/ LNE \/ El Princip\u00e1u va illuminase de verde esta selmana baxo\u2019l lema #AsturiesDeRestallu p\u2019apoyar la candidatura de la Cultura Sidrera El Gobiernu d\u2019Asturies va illuminar los sos edificios principales de verde del 2 al 8 d\u2019avientu. Va facelo como acci\u00f3n de sofitu a la candidatura de la Cultura Sidrera Asturiana a [&hellip;]<\/p>\n","protected":false},"author":117,"featured_media":0,"comment_status":"open","ping_status":"open","sticky":false,"template":"","format":"standard","meta":{"footnotes":""},"categories":[19,156],"tags":[],"class_list":["post-36909","post","type-post","status-publish","format-standard","hentry","category-asturies","category-sidre"],"_links":{"self":[{"href":"https:\/\/edublog.educastur.es\/ixuxu\/wp-json\/wp\/v2\/posts\/36909","targetHints":{"allow":["GET"]}}],"collection":[{"href":"https:\/\/edublog.educastur.es\/ixuxu\/wp-json\/wp\/v2\/posts"}],"about":[{"href":"https:\/\/edublog.educastur.es\/ixuxu\/wp-json\/wp\/v2\/types\/post"}],"author":[{"embeddable":true,"href":"https:\/\/edublog.educastur.es\/ixuxu\/wp-json\/wp\/v2\/users\/117"}],"replies":[{"embeddable":true,"href":"https:\/\/edublog.educastur.es\/ixuxu\/wp-json\/wp\/v2\/comments?post=36909"}],"version-history":[{"count":6,"href":"https:\/\/edublog.educastur.es\/ixuxu\/wp-json\/wp\/v2\/posts\/36909\/revisions"}],"predecessor-version":[{"id":37051,"href":"https:\/\/edublog.educastur.es\/ixuxu\/wp-json\/wp\/v2\/posts\/36909\/revisions\/37051"}],"wp:attachment":[{"href":"https:\/\/edublog.educastur.es\/ixuxu\/wp-json\/wp\/v2\/media?parent=36909"}],"wp:term":[{"taxonomy":"category","embeddable":true,"href":"https:\/\/edublog.educastur.es\/ixuxu\/wp-json\/wp\/v2\/categories?post=36909"},{"taxonomy":"post_tag","embeddable":true,"href":"https:\/\/edublog.educastur.es\/ixuxu\/wp-json\/wp\/v2\/tags?post=36909"}],"curies":[{"name":"wp","href":"https:\/\/api.w.org\/{rel}","templated":true}]}}