{"id":36945,"date":"2024-12-01T14:02:08","date_gmt":"2024-12-01T12:02:08","guid":{"rendered":"https:\/\/edublog.educastur.es\/ixuxu\/?p=36945"},"modified":"2024-12-02T10:42:24","modified_gmt":"2024-12-02T08:42:24","slug":"36945","status":"publish","type":"post","link":"https:\/\/edublog.educastur.es\/ixuxu\/2024\/12\/36945\/","title":{"rendered":"Asturies va introducir nel cursu 25-26 la ense\u00f1anza voluntaria d&#8217;asturianu nel segundu ciclu d&#8217;Infantil"},"content":{"rendered":"<div class=\"x78zum5 xdt5ytf xz62fqu x16ldp7u\">\n<div class=\"xu06os2 x1ok221b\">\n<div class=\"html-div xdj266r x11i5rnm xat24cr x1mh8g0r xexx8yu x4uap5 x18d9i69 xkhd6sd\" data-ad-rendering-role=\"profile_name\">\n<ul>\n<li class=\"html-h3 x11i5rnm xat24cr x1mh8g0r xexx8yu x4uap5 x18d9i69 xkhd6sd x1vvkbs x1heor9g x1qlqyl8 x1pd3egz x1a2a7pz x1gslohp x1yc453h\"><span class=\"x1lliihq x6ikm8r x10wlt62 x1n2onr6\"><span class=\"xt0psk2\"><a class=\"x1i10hfl xjbqb8w x1ejq31n xd10rxx x1sy0etr x17r0tee x972fbf xcfux6l x1qhh985 xm0m39n x9f619 x1ypdohk xt0psk2 xe8uvvx xdj266r x11i5rnm xat24cr x1mh8g0r xexx8yu x4uap5 x18d9i69 xkhd6sd x16tdsg8 x1hl2dhg xggy1nq x1a2a7pz x1sur9pj xkrqix3 xzsf02u x1s688f\" role=\"link\" href=\"https:\/\/www.facebook.com\/educastur?__cft__[0]=AZWIZzqKJNFuEAeNiv3ZytnUN2BIt9ZrYS8vvhMcF0m4e0Ei_wG1xDCXbRXC16pHKtKdBijVgd8U2KjyAFmtO9nXhX7iBstvJ6fRa3xw9SBEvzxgGQhgJLdL54CtM7GOOC0xv8b3Tpg07hTqnKMbvHL06a1fp8b_HwazkUMH_CdrA_zi_jVPlZ-cg7Jon4FUGouXKMizE424YXbuX1WQr6bwYW0jKsYp5a0miNq98gWFdg&amp;__tn__=-UC%2CP-y-R\"><strong class=\"html-strong xdj266r x11i5rnm xat24cr x1mh8g0r xexx8yu x4uap5 x18d9i69 xkhd6sd x1hl2dhg x16tdsg8 x1vvkbs x1s688f\"><span class=\"html-span xdj266r x11i5rnm xat24cr x1mh8g0r xexx8yu x4uap5 x18d9i69 xkhd6sd x1hl2dhg x16tdsg8 x1vvkbs\">Conseyer\u00eda d&#8217;Educaci\u00f3n del Princip\u00e1u<\/span><\/strong><\/a><\/span><\/span>\/<a href=\"https:\/\/actualidad.asturias.es\/-\/educaci%C3%B3n-contar%C3%A1-con-41-5-millones-para-dar-un-impulso-definitivo-al-proyecto-estrella-de-les-escuelines-16-nuevos-centros-e-inicio-de-la-integraci%C3%B3n-de-las-escuelas-municipales-1?redirect=%2Falertas\"> Actualid\u00e1 Asturies<\/a>\/<\/li>\n<\/ul>\n<p style=\"text-align: center\"><a href=\"https:\/\/actualidad.asturias.es\/documents\/537115\/2256107\/2024_12_01+rueda+prensa+persupuestos+salud+y+educacion+4+%281%29.jpg\/3aa0b453-f79a-2833-8482-f802bc67b2d0?t=1733050936770\"><img loading=\"lazy\" decoding=\"async\" class=\"aligncenter size-large\" src=\"https:\/\/actualidad.asturias.es\/documents\/537115\/2256107\/2024_12_01+rueda+prensa+persupuestos+salud+y+educacion+4+%281%29.jpg\/3aa0b453-f79a-2833-8482-f802bc67b2d0?t=1733050936770\" width=\"1744\" height=\"1210\" \/><\/a><\/p>\n<ul>\n<li class=\"html-h3 x11i5rnm xat24cr x1mh8g0r xexx8yu x4uap5 x18d9i69 xkhd6sd x1vvkbs x1heor9g x1qlqyl8 x1pd3egz x1a2a7pz x1gslohp x1yc453h\"><a href=\"https:\/\/actualidad.asturias.es\/documents\/537115\/2256107\/2024_12_01+rueda+prensa+persupuestos+salud+y+educacion+4+%281%29.jpg\/3aa0b453-f79a-2833-8482-f802bc67b2d0?t=1733050936770\">imaxe<\/a> \/<span class=\"html-span xexx8yu x4uap5 x18d9i69 xkhd6sd x1hl2dhg x16tdsg8 x1vvkbs x3nfvp2 x1j61x8r x1fcty0u xdj266r xat24cr xgzva0m xhhsvwb xxymvpz xlup9mm x1kky2od\"><img loading=\"lazy\" decoding=\"async\" class=\"xz74otr\" src=\"https:\/\/static.xx.fbcdn.net\/images\/emoji.php\/v9\/ta2\/1\/16\/1f9f7.png\" alt=\"?\" width=\"16\" height=\"16\" \/><\/span> <span class=\"html-span xdj266r x11i5rnm xat24cr x1mh8g0r xexx8yu x4uap5 x18d9i69 xkhd6sd x1hl2dhg x16tdsg8 x1vvkbs\"><a class=\"x1i10hfl xjbqb8w x1ejq31n xd10rxx x1sy0etr x17r0tee x972fbf xcfux6l x1qhh985 xm0m39n x9f619 x1ypdohk xt0psk2 xe8uvvx xdj266r x11i5rnm xat24cr x1mh8g0r xexx8yu x4uap5 x18d9i69 xkhd6sd x16tdsg8 x1hl2dhg xggy1nq x1a2a7pz x1sur9pj xkrqix3 x1fey0fg x1s688f\" role=\"link\" href=\"https:\/\/acortar.link\/s3XiBe?fbclid=IwZXh0bgNhZW0CMTAAAR3qc2WGG0q9vpSkIpqo_GhF1hginLp-Th7H6QB_MgNryIcaGbs4wlZeA6g_aem_aCEe9vp_AcWpTrIYUa-b1g\" target=\"_blank\" rel=\"nofollow noopener noreferrer\">https:\/\/acortar.link\/s3XiBe<\/a><\/span><\/li>\n<li>La Conseyer\u00eda d&#8217;Educaci\u00f3n va introducir nel <strong>cursu 2025-2026 la ense\u00f1anza voluntaria d&#8217;asturianu y eonaviego nel segundu ciclu d&#8217;Infantil<\/strong> (3 a 6 a\u00f1os). Tami\u00e9n se va enllantar de manera progresiva nes escueles oficiales d&#8217;idiomes.<\/li>\n<li>Para ello, van contratase docentes: 103 para Infantil y 1 para les EOI.<\/li>\n<li>Asina lo anunci\u00f3 esta ma\u00f1ana la conseyera Lydia Espina mientres la <strong>presentaci\u00f3n del proyectu de presupuestu d&#8217;educaci\u00f3n para 2025.<\/strong><\/li>\n<\/ul>\n<p><!--more--><\/p>\n<\/div>\n<ul>\n<li>Educaci\u00f3n va cuntar con 41,5 millones para dar un impulsu definitivu al proyectu estrella de Les Escuelines: 16 nuevos centros y entamu de la integraci\u00f3n de les escueles municipales<\/li>\n<li>El Princip\u00e1u va incorporar a 104 docentes para estender la ense\u00f1anza d&#8217;asturianu y eonaviego a Infantil y a les escueles oficiales d&#8217;idiomes<\/li>\n<\/ul>\n<p>Les cuentes van dexar rematar l&#8217;institutu de La *Corredoria, n&#8217;Uvi\u00e9u\/Uvi\u00e9u, la mayor inversi\u00f3n n&#8217;infraestructures educatives<\/p>\n<p><strong>Lydia<\/strong> <strong>Espina<\/strong> defende&#8217;l proyectu del so departamentu,<strong> \u201cque sirve para esplegar pol\u00edtiques que nos asitien en cabeza en tolos estudios internacionales nos que participamos\u201d<\/strong><\/p>\n<p>La conseyer\u00eda alza&#8217;l presupuestu para 2025 a 897 millones, <strong>un 5% m\u00e1s qu&#8217;angua\u00f1o<\/strong> pese al descensu del alumn\u00e1u.<\/p>\n<p>La Conseyer\u00eda d&#8217;Educaci\u00f3n va potenciar el ciclu de 0 a 3 a\u00f1os con 41,5 millones en 2025. Esta cuant\u00eda va destinase a caltener la gratuid\u00e1 nes 77 escueles qu&#8217;angua\u00f1o dependen de los conceyos y a siguir estendiendo&#8217;l n\u00famberu de places na rede p\u00fablica, auton\u00f3mica y gratuita de Les Escuelines\/As Escol\u00edas, unu de los proyectos sobresalientes de la llexislatura. Los fondos van sirvir tami\u00e9n para empecipiar la integraci\u00f3n de los centros municipales na rede auton\u00f3mica.<\/p>\n<p><strong>El presupuestu d&#8217;Educaci\u00f3n xube a 897 millones, 43,5 m\u00e1s qu&#8217;angua\u00f1o.<\/strong> La xubida supon un 5,08% y tien especial relevancia dada l&#8217;encl\u00edn descendente del alumn\u00e1u: magar que baxa el n\u00famberu d&#8217;escolares, el Gobiernu d&#8217;Asturies alza los recursos para l&#8217;ascensor social.<\/p>\n<p>Espina resumi\u00f3 g\u00fcei los datos xenerales del proyectu. <strong>\u201cEstes cuant\u00edes s\u00edrvennos para cumplir los nuesos compromisos y para siguir construyendo un sistema educativu calidable. Para executar obres y esplegar pol\u00edtiques que nos asitien en cabeza en tolos estudios internacionales nos que participamos. Para ameyorar condiciones del profesor\u00e1u o cumplir col asturianu<\/strong>\u201d, esplic\u00f3.<\/p>\n<p>Nel so defensa de les cuentes, la conseyera enfatiz\u00f3 la necesid\u00e1 d&#8217;ameyorar l&#8217;est\u00e1u de bienestar: \u201c\u00bfPara qu\u00e9 sirven los presupuestos? Para crear unidaes ell\u00ed onde hai un ne\u00f1u o una ne\u00f1a que quier escolarizase; para demostrar que la escuela ye&#8217;l gran igualador social y que nun importa onde nazas y crezas si tienes a mano bonos servicios p\u00fablicos\u201d.<\/p>\n<p>Nel contestu presupuestariu destaca&#8217;l respaldu que van recibir Les Escuelines\/As Escol\u00edas: del total de 41,5 millones,<strong> 27,8 destinaranse al funcionamientu de les 77 escueles municipales, que la so matr\u00edcula y\u00e1 ye totalmente gratuita<\/strong> dende setiembre. Los 13,6 millones restantes van invertise na rede auton\u00f3mica, tantu en caltener les places y\u00e1 esistentes como en crear otres nueves.<\/p>\n<p>Les Escuelines y\u00e1 empecipiaron la so primer fase. La segunda, prevista para 2025, va constar de 16 centros m\u00e1s que van sumar 31 unidaes. Tami\u00e9n se van inaugurar les obres executaes polos tr\u00e9s conceyos que recibieron subvenciones angua\u00f1o: les ampliaciones de Pravia y Villaviciosa y l&#8217;apertura d&#8217;Ayande.<\/p>\n<p>La conseyer\u00eda ta peracabando \u00f3nde se van abrir esos 16 nuevos centros. Una vegada tomada la decisi\u00f3n, va #comunicar a los conceyos. Sicas\u00ed, va haber con seguridad apertures nos conceyos d&#8217;Uvi\u00e9u, Xix\u00f3n y Avil\u00e9s, col enfotu de siguir amenorgando les llistes d&#8217;espera.<\/p>\n<p>La estensi\u00f3n de la rede va implicar la contrataci\u00f3n de m\u00e1s personal: va ser necesariu incorporar a 62 t\u00e9cniques d&#8217;educaci\u00f3n infantil y a 6 maestres que van ocupar les direcciones.<\/p>\n<p>Al respective de la integraci\u00f3n de les escueles municipales, los conceyos tienen de presentar una solicit\u00fa formal. El plazu para faelo empieza ma\u00f1ana, d\u00eda 2 d&#8217;avientu, y va rematar el 10 de xineru.<\/p>\n<p><strong>Sofitu a les lling\u00fces propies<\/strong><\/p>\n<p>Otru compromisu incluy\u00edu nel presupuestu ye la estensi\u00f3n de la ense\u00f1anza d&#8217;asturianu y eonaviego. A partir del cursu 2025-2026, <strong>van introducise nel segundu ciclu d&#8217;Infantil, para l&#8217;alumn\u00e1u de tr\u00e9s a seis a\u00f1os, dientro de la \u00e1rea d&#8217;aprendizaje Comunicaci\u00f3n y representaci\u00f3n de la realid\u00e1.<\/strong> Van tener<span style=\"text-decoration: underline\"> calter voluntariu.<\/span><\/p>\n<p>Coles mesmes, dambes lling\u00fces van ufiertase por primer vegada nes escueles oficiales d&#8217;idiomes. Nesti sent\u00edu, la conseyer\u00eda plani\u00f3 una implantaci\u00f3n progresiva. Esta pol\u00edtica, tal que s&#8217;anunciara, rique de la contrataci\u00f3n de 104 docentes: 103 para Infantil y unu para les escueles d&#8217;idiomes.<\/p>\n<p>Nel apart\u00e1u d&#8217;infraestructures,<strong> el pr\u00f3ximu cursu va inaugurase&#8217;l IES de La Corredoria, n&#8217;Uvi\u00e9u, la mayor inversi\u00f3n que ta executando Educaci\u00f3n<\/strong>. L&#8217;institutu va cuntar con 24 unidaes: 16 d&#8217;ESO y 8 de Bachilleratu; va tener el certific\u00e1u de sostenibilid\u00e1 de 4 fueyes verdes y va disponer de tolos nuevos espacios pedag\u00f3xicos (superaules, fueu de campamentu, atriu, etc\u00e9tera). La conclusi\u00f3n de les obres ta prevista para finales del primer trimestre. En paralelu, t\u00e1n d\u00e1ndose tolos pasos necesarios para inaugurar el centru, dende la so creaci\u00f3n alministrativa a la organizaci\u00f3n de la plantiya.<\/p>\n<p>Al respective de la escuela alcordada, los gastos de funcionamientu y personal algamen los 107,5 millones, lo que supon una medr\u00eda del 2,5% en comparanza con angua\u00f1o. Am\u00e1s d&#8217;encarar el pagu del m\u00f3dulu fitu pol Gobiernu central, introduci\u00e9ronse meyores, como l&#8217;alcuerdu pa favorecer la funci\u00f3n directiva. Cada cursu escolar, mientres la vixencia del alcuerdu, pueden autorizase 4 hores espec\u00edfiques en cada centru pal desenvolvimientu de les xeres propies de los equipos.<\/p>\n<p>A pidimientu de les organizaciones sindicales, tami\u00e9n apaez nel articul\u00e1u <strong>una referencia a la ratio vixente de profesor\u00e1u per unid\u00e1 n&#8217;Infantil.<\/strong><\/p>\n<div class=\"html-div xdj266r x11i5rnm xat24cr x1mh8g0r xexx8yu x4uap5 x18d9i69 xkhd6sd\" data-ad-rendering-role=\"profile_name\">\n<p>&nbsp;<\/p>\n<\/div>\n<\/div>\n<\/div>\n<p>&nbsp;<\/p>\n","protected":false},"excerpt":{"rendered":"<p>Conseyer\u00eda d&#8217;Educaci\u00f3n del Princip\u00e1u\/ Actualid\u00e1 Asturies\/ imaxe \/ https:\/\/acortar.link\/s3XiBe La Conseyer\u00eda d&#8217;Educaci\u00f3n va introducir nel cursu 2025-2026 la ense\u00f1anza voluntaria d&#8217;asturianu y eonaviego nel segundu ciclu d&#8217;Infantil (3 a 6 a\u00f1os). Tami\u00e9n se va enllantar de manera progresiva nes escueles oficiales d&#8217;idiomes. Para ello, van contratase docentes: 103 para Infantil y 1 para les EOI. [&hellip;]<\/p>\n","protected":false},"author":117,"featured_media":0,"comment_status":"open","ping_status":"open","sticky":false,"template":"","format":"standard","meta":{"footnotes":""},"categories":[341,1],"tags":[],"class_list":["post-36945","post","type-post","status-publish","format-standard","hentry","category-escuelines","category-sin-categoria"],"_links":{"self":[{"href":"https:\/\/edublog.educastur.es\/ixuxu\/wp-json\/wp\/v2\/posts\/36945","targetHints":{"allow":["GET"]}}],"collection":[{"href":"https:\/\/edublog.educastur.es\/ixuxu\/wp-json\/wp\/v2\/posts"}],"about":[{"href":"https:\/\/edublog.educastur.es\/ixuxu\/wp-json\/wp\/v2\/types\/post"}],"author":[{"embeddable":true,"href":"https:\/\/edublog.educastur.es\/ixuxu\/wp-json\/wp\/v2\/users\/117"}],"replies":[{"embeddable":true,"href":"https:\/\/edublog.educastur.es\/ixuxu\/wp-json\/wp\/v2\/comments?post=36945"}],"version-history":[{"count":6,"href":"https:\/\/edublog.educastur.es\/ixuxu\/wp-json\/wp\/v2\/posts\/36945\/revisions"}],"predecessor-version":[{"id":36983,"href":"https:\/\/edublog.educastur.es\/ixuxu\/wp-json\/wp\/v2\/posts\/36945\/revisions\/36983"}],"wp:attachment":[{"href":"https:\/\/edublog.educastur.es\/ixuxu\/wp-json\/wp\/v2\/media?parent=36945"}],"wp:term":[{"taxonomy":"category","embeddable":true,"href":"https:\/\/edublog.educastur.es\/ixuxu\/wp-json\/wp\/v2\/categories?post=36945"},{"taxonomy":"post_tag","embeddable":true,"href":"https:\/\/edublog.educastur.es\/ixuxu\/wp-json\/wp\/v2\/tags?post=36945"}],"curies":[{"name":"wp","href":"https:\/\/api.w.org\/{rel}","templated":true}]}}