{"id":37046,"date":"2024-09-08T09:00:24","date_gmt":"2024-09-08T07:00:24","guid":{"rendered":"https:\/\/edublog.educastur.es\/ixuxu\/?p=37046"},"modified":"2024-12-03T14:26:32","modified_gmt":"2024-12-03T12:26:32","slug":"guei-celebramos-el-dia-dasturies","status":"publish","type":"post","link":"https:\/\/edublog.educastur.es\/ixuxu\/2024\/09\/guei-celebramos-el-dia-dasturies\/","title":{"rendered":"\u00a0G\u00fcei celebramos el D\u00eda d\u2019Asturies"},"content":{"rendered":"<p style=\"text-align: center\">\n<!-- iframe plugin v.6.0 wordpress.org\/plugins\/iframe\/ -->\n<iframe loading=\"lazy\" src=\"https:\/\/www.instagram.com\/reel\/C_pgfj1Mi0f\/embed\" width=\"480\" height=\"640\" 0=\"\/iframe\" scrolling=\"yes\" class=\"iframe-class\" frameborder=\"0\"><\/iframe>\n<\/p>\n<ul>\n<li>? Una tierra de lleendes, naturaleza xabaz y una hestoria que llatex en cada requexu. Dende los Lagos de Covadonga hasta les cais enllenes de vida de Xix\u00f3n, Asturies ye un tesoru que merez ser celebr\u00e1u. ?\ufe0f?<\/li>\n<li>\u26f0\ufe0f Picos d\u2019Europa recu\u00e9rdennos la grandeza de la nuesa tierra, mientres que\u2019l Santuariu de Cuadonga con\u00e9utanos cola nuesa hestoria. \u00a1Nun podemos escaecer l\u2019encantu de Cuideiru y les xoyes culturales como\u2019l Palaciu de Santa Mar\u00eda del Naranco! ??<\/li>\n<li>? Y por supuestu, \u00a1nun hai fiesta ensin la nuesa gastronom\u00eda! Un brindes con sidra ??, acompa\u00f1\u00e1u d\u2019un bon cachopo o fabada. \u00a1Asturies sabe a tradici\u00f3n y a mar! ?\ufe0f?<\/li>\n<li>G\u00fcei m\u00e1s que nunca, sent\u00edmonos arguyosos de la nuesa cultura, les nueses ra\u00edces y la nuesa xente. \u00a1Feliz D\u00eda d\u2019Asturies a tolos asturianos y a los que lleven esta tierra nel coraz\u00f3n! ??<\/li>\n<\/ul>\n","protected":false},"excerpt":{"rendered":"<p>? Una tierra de lleendes, naturaleza xabaz y una hestoria que llatex en cada requexu. Dende los Lagos de Covadonga hasta les cais enllenes de vida de Xix\u00f3n, Asturies ye un tesoru que merez ser celebr\u00e1u. ?\ufe0f? \u26f0\ufe0f Picos d\u2019Europa recu\u00e9rdennos la grandeza de la nuesa tierra, mientres que\u2019l Santuariu de Cuadonga con\u00e9utanos cola nuesa [&hellip;]<\/p>\n","protected":false},"author":117,"featured_media":0,"comment_status":"open","ping_status":"open","sticky":false,"template":"","format":"standard","meta":{"footnotes":""},"categories":[19,6],"tags":[],"class_list":["post-37046","post","type-post","status-publish","format-standard","hentry","category-asturies","category-dia-de"],"_links":{"self":[{"href":"https:\/\/edublog.educastur.es\/ixuxu\/wp-json\/wp\/v2\/posts\/37046","targetHints":{"allow":["GET"]}}],"collection":[{"href":"https:\/\/edublog.educastur.es\/ixuxu\/wp-json\/wp\/v2\/posts"}],"about":[{"href":"https:\/\/edublog.educastur.es\/ixuxu\/wp-json\/wp\/v2\/types\/post"}],"author":[{"embeddable":true,"href":"https:\/\/edublog.educastur.es\/ixuxu\/wp-json\/wp\/v2\/users\/117"}],"replies":[{"embeddable":true,"href":"https:\/\/edublog.educastur.es\/ixuxu\/wp-json\/wp\/v2\/comments?post=37046"}],"version-history":[{"count":2,"href":"https:\/\/edublog.educastur.es\/ixuxu\/wp-json\/wp\/v2\/posts\/37046\/revisions"}],"predecessor-version":[{"id":37048,"href":"https:\/\/edublog.educastur.es\/ixuxu\/wp-json\/wp\/v2\/posts\/37046\/revisions\/37048"}],"wp:attachment":[{"href":"https:\/\/edublog.educastur.es\/ixuxu\/wp-json\/wp\/v2\/media?parent=37046"}],"wp:term":[{"taxonomy":"category","embeddable":true,"href":"https:\/\/edublog.educastur.es\/ixuxu\/wp-json\/wp\/v2\/categories?post=37046"},{"taxonomy":"post_tag","embeddable":true,"href":"https:\/\/edublog.educastur.es\/ixuxu\/wp-json\/wp\/v2\/tags?post=37046"}],"curies":[{"name":"wp","href":"https:\/\/api.w.org\/{rel}","templated":true}]}}