{"id":37156,"date":"2024-12-04T21:38:16","date_gmt":"2024-12-04T19:38:16","guid":{"rendered":"https:\/\/edublog.educastur.es\/ixuxu\/?p=37156"},"modified":"2024-12-05T18:43:30","modified_gmt":"2024-12-05T16:43:30","slug":"ya-ye-oficial-la-sidra-asturiana-patrimoniu-inmaterial-de-lhumanida","status":"publish","type":"post","link":"https:\/\/edublog.educastur.es\/ixuxu\/2024\/12\/ya-ye-oficial-la-sidra-asturiana-patrimoniu-inmaterial-de-lhumanida\/","title":{"rendered":"Ya ye oficial: la cultura sidrera asturiana, Patrimoniu Cultural Inmaterial de l&#8217;Humanid\u00e1"},"content":{"rendered":"<p>Le redes aplauden esta bona noticia nun solo pal sector sidreru sin\u00f3n pa toa Asturies. <a href=\"https:\/\/scontent-bcn1-1.xx.fbcdn.net\/v\/t39.30808-6\/469047581_979085840913221_7703048252351146623_n.jpg?_nc_cat=103&amp;ccb=1-7&amp;_nc_sid=833d8c&amp;_nc_ohc=dTeY_Y_szrgQ7kNvgFhm82x&amp;_nc_zt=23&amp;_nc_ht=scontent-bcn1-1.xx&amp;_nc_gid=A4jz2qSR59NNiEqghkKOzni&amp;oh=00_AYAB39-YE6oS-hnybK1P6V325tv6AnGJKAqqwuEmzNh8wA&amp;oe=67569255\"><strong>DOP Sidra d&#8217;Asturies<\/strong> imaxe<\/a><\/p>\n<ul>\n<li><span class=\"html-span xexx8yu x4uap5 x18d9i69 xkhd6sd x1hl2dhg x16tdsg8 x1vvkbs x3nfvp2 x1j61x8r x1fcty0u xdj266r xat24cr xgzva0m xhhsvwb xxymvpz xlup9mm x1kky2od\"><img loading=\"lazy\" decoding=\"async\" class=\"xz74otr\" src=\"https:\/\/static.xx.fbcdn.net\/images\/emoji.php\/v9\/tbd\/1\/16\/1f34f.png\" alt=\"?\" width=\"16\" height=\"16\" \/><\/span> La Cultura Sidrera Asturiana, declar\u00e1 Patrimoniu Cultural Inmaterial de l&#8217;Humanidad pola <span class=\"html-span xdj266r x11i5rnm xat24cr x1mh8g0r xexx8yu x4uap5 x18d9i69 xkhd6sd x1hl2dhg x16tdsg8 x1vvkbs\"><a class=\"x1i10hfl xjbqb8w x1ejq31n xd10rxx x1sy0etr x17r0tee x972fbf xcfux6l x1qhh985 xm0m39n x9f619 x1ypdohk xt0psk2 xe8uvvx xdj266r x11i5rnm xat24cr x1mh8g0r xexx8yu x4uap5 x18d9i69 xkhd6sd x16tdsg8 x1hl2dhg xggy1nq x1a2a7pz x1sur9pj xkrqix3 x1fey0fg x1s688f\" role=\"link\" href=\"https:\/\/www.instagram.com\/_u\/unesco_es?fbclid=IwZXh0bgNhZW0CMTAAAR35QDUtjDyzTUnqyJXOyAnjqMx-BV3oacIepvCwDt1H-p1iwVFONdhCyc0_aem_Vm5PqIHeLwQxjc3mBsxf_A\" target=\"_blank\" rel=\"nofollow noopener noreferrer\">@unesco_es<\/a><\/span>.<\/li>\n<\/ul>\n<p style=\"text-align: center\"><a href=\"https:\/\/estaticos-cdn.prensaiberica.es\/clip\/d28c45d4-63d0-4949-b279-54e7d0ebdf6a_16-9-discover-aspect-ratio_50p_0.jpg\"><img loading=\"lazy\" decoding=\"async\" class=\"aligncenter size-large\" src=\"https:\/\/estaticos-cdn.prensaiberica.es\/clip\/d28c45d4-63d0-4949-b279-54e7d0ebdf6a_16-9-discover-aspect-ratio_50p_0.jpg\" width=\"600\" height=\"338\" \/><\/a><!--more--><\/p>\n<p style=\"text-align: center\"><a href=\"https:\/\/www.elcomercio.es\/asturias\/cultura-sidrera-asturiana-patrimonio-humanidad-20241204192017-vi.html?fbclid=IwY2xjawG-eNNleHRuA2FlbQIxMQABHdFkg84MsHx56LGjhYKAwXuYoSyxduLntaHvCt03EgdpXqIT_aIVsdUDrg_aem_gGcXMBgAbU-J8JGBYGH0gQ\">El videu sobre la sidra qu&#8217;emocion\u00f3 a la UNESCO (Fonte: El Comercio)<\/a><\/p>\n<p style=\"text-align: center\"><a href=\"https:\/\/s2.ppllstatics.com\/elcomercio\/www\/multimedia\/2024\/12\/04\/VIDEO-cultura-sidrera-asturiana-patrimonio.jpg\"><img loading=\"lazy\" decoding=\"async\" class=\"aligncenter \" src=\"https:\/\/s2.ppllstatics.com\/elcomercio\/www\/multimedia\/2024\/12\/04\/VIDEO-cultura-sidrera-asturiana-patrimonio.jpg\" width=\"489\" height=\"275\" \/><\/a><\/p>\n<p style=\"text-align: center\"><a href=\"https:\/\/s1.ppllstatics.com\/elcomercio\/www\/multimedia\/2024\/12\/04\/SIDRA%20PATRIMONIO%20MUNDIAL%20UNESCO-oviedo-mario%20(6).jpg\"><img loading=\"lazy\" decoding=\"async\" class=\"aligncenter \" src=\"https:\/\/s1.ppllstatics.com\/elcomercio\/www\/multimedia\/2024\/12\/04\/SIDRA%20PATRIMONIO%20MUNDIAL%20UNESCO-oviedo-mario%20(6).jpg\" width=\"636\" height=\"424\" \/><\/a><\/p>\n<p style=\"text-align: center\">\n<!-- iframe plugin v.6.0 wordpress.org\/plugins\/iframe\/ -->\n<iframe loading=\"lazy\" src=\"https:\/\/www.facebook.com\/plugins\/post.php?href=https%3A%2F%2Fwww.facebook.com%2Finiciativapolasturianu%2Fposts%2Fpfbid0x5sJPPGtM51Nsk3JDw41ZdRyUNWy6h4EySA7CHF7LdzL43ErpGYDSWteyc8ng5Dvl&#038;show_text=true&#038;width=500\" width=\"500\" height=\"679\" style=\"border:none;overflow:hidden\" scrolling=\"no\" frameborder=\"0\" allowfullscreen=\"true\" allow=\"autoplay; clipboard-write; encrypted-media; picture-in-picture; web-share\" 0=\"\/iframe\" class=\"iframe-class\"><\/iframe>\n<\/p>\n<p style=\"text-align: center\">\n<!-- iframe plugin v.6.0 wordpress.org\/plugins\/iframe\/ -->\n<iframe loading=\"lazy\" src=\"https:\/\/www.facebook.com\/plugins\/post.php?href=https%3A%2F%2Fwww.facebook.com%2Fexunta%2Fposts%2Fpfbid02nhtdjSQCsF6oSKeehHWgaA3y9dLv3dwgzr3XL9xfka94WbUWFKkHRafEaBDE2Pbel&#038;show_text=false&#038;width=500\" width=\"500\" height=\"497\" style=\"border:none;overflow:hidden\" scrolling=\"no\" frameborder=\"0\" allowfullscreen=\"true\" allow=\"autoplay; clipboard-write; encrypted-media; picture-in-picture; web-share\" 0=\"\/iframe\" class=\"iframe-class\"><\/iframe>\n<\/p>\n<p>&nbsp;<\/p>\n<p style=\"text-align: center\">\n<!-- iframe plugin v.6.0 wordpress.org\/plugins\/iframe\/ -->\n<iframe loading=\"lazy\" src=\"https:\/\/www.facebook.com\/plugins\/post.php?href=https%3A%2F%2Fwww.facebook.com%2Fphoto.php%3Ffbid%3D1317865059661751%26set%3Da.762666761848253%26type%3D3&#038;show_text=true&#038;width=500\" width=\"500\" height=\"645\" style=\"border:none;overflow:hidden\" scrolling=\"no\" frameborder=\"0\" allowfullscreen=\"true\" allow=\"autoplay; clipboard-write; encrypted-media; picture-in-picture; web-share\" 0=\"\/iframe\" class=\"iframe-class\"><\/iframe>\n<\/p>\n<p style=\"text-align: center\">\n<!-- iframe plugin v.6.0 wordpress.org\/plugins\/iframe\/ -->\n<iframe loading=\"lazy\" src=\"https:\/\/www.facebook.com\/plugins\/post.php?href=https%3A%2F%2Fwww.facebook.com%2FAytoGijon%2Fposts%2Fpfbid02HUjNQPmLseXRV8mMVW1576UyNMjvm52Y6E1ATcfmQUMm2QB68WgEsep7FW42p2d4l&#038;show_text=false&#038;width=500\" width=\"500\" height=\"365\" style=\"border:none;overflow:hidden\" scrolling=\"no\" frameborder=\"0\" allowfullscreen=\"true\" allow=\"autoplay; clipboard-write; encrypted-media; picture-in-picture; web-share\" 0=\"\/iframe\" class=\"iframe-class\"><\/iframe>\n<\/p>\n<div class=\"html-div xdj266r xexx8yu x4uap5 x18d9i69 xkhd6sd x1n2onr6 x1mh8g0r x11i5rnm xod5an3\">\n<div class=\"html-div xdj266r x11i5rnm xat24cr x1mh8g0r xexx8yu x4uap5 x18d9i69 xkhd6sd x6ikm8r x10wlt62\"><\/div>\n<\/div>\n<div class=\"xu06os2 x1ok221b\">\n<div class=\"html-div xdj266r x11i5rnm xat24cr x1mh8g0r xexx8yu x4uap5 x18d9i69 xkhd6sd\" data-ad-rendering-role=\"profile_name\">\n<ul>\n<li class=\"html-h3 x11i5rnm xat24cr x1mh8g0r xexx8yu x4uap5 x18d9i69 xkhd6sd x1vvkbs x1heor9g x1qlqyl8 x1pd3egz x1a2a7pz x1gslohp x1yc453h\"><span class=\"x1lliihq x6ikm8r x10wlt62 x1n2onr6\"><span class=\"xt0psk2\"><a class=\"x1i10hfl xjbqb8w x1ejq31n xd10rxx x1sy0etr x17r0tee x972fbf xcfux6l x1qhh985 xm0m39n x9f619 x1ypdohk xt0psk2 xe8uvvx xdj266r x11i5rnm xat24cr x1mh8g0r xexx8yu x4uap5 x18d9i69 xkhd6sd x16tdsg8 x1hl2dhg xggy1nq x1a2a7pz x1sur9pj xkrqix3 xzsf02u x1s688f\" role=\"link\" href=\"https:\/\/www.facebook.com\/Mazcaritos?__cft__[0]=AZXuQAtQE6zTqxmiC63q46z8ZOG7o2vwju3exaTM0VQ25PPeiHpADcb3CZDJtpTkmGC05uYH0TZxvuvrUh7aVrRetGlUOr14zzyCbEI9CB_BYCi39KjJjPthcnXJFBeQSkea85yKfqvfgY1I45FvffV7zlkfEowTO2XIy0W-M7uFw3xAfDOfY0xAtBiR4Am6uf1BrmZAHOrtKziv-wTsprKm0410Nz8mMFdKR-teABmy9g&amp;__tn__=-UC%2CP-y-R\"><strong class=\"html-strong xdj266r x11i5rnm xat24cr x1mh8g0r xexx8yu x4uap5 x18d9i69 xkhd6sd x1hl2dhg x16tdsg8 x1vvkbs x1s688f\"><span class=\"html-span xdj266r x11i5rnm xat24cr x1mh8g0r xexx8yu x4uap5 x18d9i69 xkhd6sd x1hl2dhg x16tdsg8 x1vvkbs\">Mazcaritos d&#8217;Uvi\u00e9u<\/span><\/strong><\/a><\/span><\/span><\/li>\n<\/ul>\n<\/div>\n<\/div>\n<div class=\"xu06os2 x1ok221b\">\n<div class=\"html-div xdj266r x11i5rnm xat24cr x1mh8g0r xexx8yu x4uap5 x18d9i69 xkhd6sd x1q0g3np\">Los Mazcaritos d&#8217;Uvi\u00e9u sofitamos la candidatura de cultura sidrera asturiana a la UNESCO nel Antroxu de Gascona, felicitamos a les sidrer\u00edes de la ciud\u00e1 y tamos argullosos del t\u00edtulu de la Sidra como Patrimoniu Inmaterial de la Humanid\u00e1.<span class=\"html-span xexx8yu x4uap5 x18d9i69 xkhd6sd x1hl2dhg x16tdsg8 x1vvkbs x3nfvp2 x1j61x8r x1fcty0u xdj266r xat24cr xgzva0m xhhsvwb xxymvpz xlup9mm x1kky2od\"><img loading=\"lazy\" decoding=\"async\" class=\"xz74otr\" src=\"https:\/\/static.xx.fbcdn.net\/images\/emoji.php\/v9\/t1e\/1\/16\/1f33f.png\" alt=\"?\" width=\"16\" height=\"16\" \/><\/span><\/div>\n<div><\/div>\n<div style=\"text-align: center\">\n<!-- iframe plugin v.6.0 wordpress.org\/plugins\/iframe\/ -->\n<iframe loading=\"lazy\" src=\"https:\/\/www.facebook.com\/plugins\/post.php?href=https%3A%2F%2Fwww.facebook.com%2FMazcaritos%2Fposts%2Fpfbid02pBqfSB1wLJz7QTV2KeLCNXU3HgQ6YgXVcYTioFFSe5iRyDjQoUG5aejQTMJziH6Xl&#038;show_text=false&#038;width=500\" width=\"500\" height=\"347\" style=\"border:none;overflow:hidden\" scrolling=\"no\" frameborder=\"0\" allowfullscreen=\"true\" allow=\"autoplay; clipboard-write; encrypted-media; picture-in-picture; web-share\" 0=\"\/iframe\" class=\"iframe-class\"><\/iframe>\n<\/div>\n<\/div>\n<p>&nbsp;<\/p>\n","protected":false},"excerpt":{"rendered":"<p>Le redes aplauden esta bona noticia nun solo pal sector sidreru sin\u00f3n pa toa Asturies. DOP Sidra d&#8217;Asturies imaxe La Cultura Sidrera Asturiana, declar\u00e1 Patrimoniu Cultural Inmaterial de l&#8217;Humanidad pola @unesco_es.<\/p>\n","protected":false},"author":117,"featured_media":0,"comment_status":"open","ping_status":"open","sticky":false,"template":"","format":"standard","meta":{"footnotes":""},"categories":[388,370,156],"tags":[],"class_list":["post-37156","post","type-post","status-publish","format-standard","hentry","category-patrimoniu-de-la-humanida","category-patrimoniu-inmaterial","category-sidre"],"_links":{"self":[{"href":"https:\/\/edublog.educastur.es\/ixuxu\/wp-json\/wp\/v2\/posts\/37156","targetHints":{"allow":["GET"]}}],"collection":[{"href":"https:\/\/edublog.educastur.es\/ixuxu\/wp-json\/wp\/v2\/posts"}],"about":[{"href":"https:\/\/edublog.educastur.es\/ixuxu\/wp-json\/wp\/v2\/types\/post"}],"author":[{"embeddable":true,"href":"https:\/\/edublog.educastur.es\/ixuxu\/wp-json\/wp\/v2\/users\/117"}],"replies":[{"embeddable":true,"href":"https:\/\/edublog.educastur.es\/ixuxu\/wp-json\/wp\/v2\/comments?post=37156"}],"version-history":[{"count":14,"href":"https:\/\/edublog.educastur.es\/ixuxu\/wp-json\/wp\/v2\/posts\/37156\/revisions"}],"predecessor-version":[{"id":37194,"href":"https:\/\/edublog.educastur.es\/ixuxu\/wp-json\/wp\/v2\/posts\/37156\/revisions\/37194"}],"wp:attachment":[{"href":"https:\/\/edublog.educastur.es\/ixuxu\/wp-json\/wp\/v2\/media?parent=37156"}],"wp:term":[{"taxonomy":"category","embeddable":true,"href":"https:\/\/edublog.educastur.es\/ixuxu\/wp-json\/wp\/v2\/categories?post=37156"},{"taxonomy":"post_tag","embeddable":true,"href":"https:\/\/edublog.educastur.es\/ixuxu\/wp-json\/wp\/v2\/tags?post=37156"}],"curies":[{"name":"wp","href":"https:\/\/api.w.org\/{rel}","templated":true}]}}