{"id":37167,"date":"2024-12-05T08:18:06","date_gmt":"2024-12-05T06:18:06","guid":{"rendered":"https:\/\/edublog.educastur.es\/ixuxu\/?p=37167"},"modified":"2024-12-05T10:37:55","modified_gmt":"2024-12-05T08:37:55","slug":"estau-del-tiempu-xueves-5-davientu","status":"publish","type":"post","link":"https:\/\/edublog.educastur.es\/ixuxu\/2024\/12\/estau-del-tiempu-xueves-5-davientu\/","title":{"rendered":"Est\u00e1u del tiempu: xueves 5 d&#8217;avientu"},"content":{"rendered":"<div class=\"xu06os2 x1ok221b\">\n<div class=\"html-div xdj266r x11i5rnm xat24cr x1mh8g0r xexx8yu x4uap5 x18d9i69 xkhd6sd\" data-ad-rendering-role=\"profile_name\">\n<h3 class=\"html-h3 x11i5rnm xat24cr x1mh8g0r xexx8yu x4uap5 x18d9i69 xkhd6sd x1vvkbs x1heor9g x1qlqyl8 x1pd3egz x1a2a7pz x1gslohp x1yc453h\"><span class=\"x1lliihq x6ikm8r x10wlt62 x1n2onr6\"><span class=\"xt0psk2\"><a class=\"x1i10hfl xjbqb8w x1ejq31n xd10rxx x1sy0etr x17r0tee x972fbf xcfux6l x1qhh985 xm0m39n x9f619 x1ypdohk xt0psk2 xe8uvvx xdj266r x11i5rnm xat24cr x1mh8g0r xexx8yu x4uap5 x18d9i69 xkhd6sd x16tdsg8 x1hl2dhg xggy1nq x1a2a7pz x1sur9pj xkrqix3 xzsf02u x1s688f\" role=\"link\" href=\"https:\/\/www.facebook.com\/eltiempuenasturies?__cft__[0]=AZV6oh0_PiA58cZOjejZzjFF56zpfJLDTOLU9f862Lle21OWvRJhtZlFXWo2NyHl7VSEl0Fgw8dsnU7-i-exmHK4YLmhffiZ8mtSVtjgfxNWcxW4qQjfoh-kkL5O7kpGPPeSG8op_NkyCGyUFT-JQ3-fVNgMTBOcCHiA2FGAwOOqTVzrT-3NoAmUR5LaN3dN8LXGvI2X7MuibJyFWp6wH-_YNCsn-QAoKqgOuTWkGnH4Rw&amp;__tn__=-UC%2CP-y-R\"><strong class=\"html-strong xdj266r x11i5rnm xat24cr x1mh8g0r xexx8yu x4uap5 x18d9i69 xkhd6sd x1hl2dhg x16tdsg8 x1vvkbs x1s688f\"><span class=\"html-span xdj266r x11i5rnm xat24cr x1mh8g0r xexx8yu x4uap5 x18d9i69 xkhd6sd x1hl2dhg x16tdsg8 x1vvkbs\">El Tiempu n&#8217;Asturies.<\/span><\/strong><\/a><\/span><\/span><\/h3>\n<\/div>\n<\/div>\n<div class=\"xu06os2 x1ok221b\" style=\"text-align: center\"><a href=\"http:\/\/edublog.educastur.es\/ixuxu\/files\/2024\/11\/467747825_894074599540617_1227988172354431857_n.jpg\"><img loading=\"lazy\" decoding=\"async\" class=\"aligncenter wp-image-36071\" src=\"http:\/\/edublog.educastur.es\/ixuxu\/files\/2024\/11\/467747825_894074599540617_1227988172354431857_n.jpg\" alt=\"\" width=\"228\" height=\"158\" srcset=\"https:\/\/edublog.educastur.es\/ixuxu\/files\/2024\/11\/467747825_894074599540617_1227988172354431857_n.jpg 450w, https:\/\/edublog.educastur.es\/ixuxu\/files\/2024\/11\/467747825_894074599540617_1227988172354431857_n-300x208.jpg 300w, https:\/\/edublog.educastur.es\/ixuxu\/files\/2024\/11\/467747825_894074599540617_1227988172354431857_n-433x300.jpg 433w\" sizes=\"auto, (max-width: 228px) 100vw, 228px\" \/><\/a><\/div>\n<div class=\"html-div xdj266r x11i5rnm xat24cr x1mh8g0r xexx8yu x4uap5 x18d9i69 xkhd6sd\" dir=\"auto\">\n<div class=\"html-div xdj266r x11i5rnm xat24cr x1mh8g0r xexx8yu x4uap5 x18d9i69 xkhd6sd\" dir=\"auto\">\n<div class=\"html-div xdj266r x11i5rnm xat24cr x1mh8g0r xexx8yu x4uap5 x18d9i69 xkhd6sd\" data-ad-rendering-role=\"story_message\">\n<div class=\"x1l90r2v x1iorvi4 x1ye3gou xn6708d\" data-ad-comet-preview=\"message\" data-ad-preview=\"message\">\n<div class=\"x78zum5 xdt5ytf xz62fqu x16ldp7u\">\n<div class=\"xu06os2 x1ok221b\">\n<div class=\"x11i5rnm xat24cr x1mh8g0r x1vvkbs xtlvy1s x126k92a\">\n<div dir=\"auto\" style=\"text-align: center\"><\/div>\n<\/div>\n<div class=\"x11i5rnm xat24cr x1mh8g0r x1vvkbs xtlvy1s x126k92a\">\n<div dir=\"auto\" style=\"text-align: center\"><span style=\"font-size: 20px\"><strong><em><span style=\"color: #008080\">\u00abTiempu seliquino hasta&#8217;l s\u00e1badu\u00bb<\/span><\/em><\/strong><\/span><\/div>\n<\/div>\n<div class=\"x11i5rnm xat24cr x1mh8g0r x1vvkbs xtlvy1s x126k92a\">\n<ul>\n<li dir=\"auto\"><strong><span style=\"color: #008080\">Alborecemos<\/span><\/strong> con intervalos de nubes medies y altes ya con unes temperatures que tan alrodiu de los 11\u00baC, rexistr\u00e1ndose nel puirtu Payares 5,9\u00baC.<\/li>\n<\/ul>\n<\/div>\n<div class=\"x11i5rnm xat24cr x1mh8g0r x1vvkbs xtlvy1s x126k92a\">\n<ul>\n<li dir=\"auto\"><strong><span style=\"color: #008080\">G\u00fcei<\/span><\/strong> vamos tener el cielu empuerc\u00e1u de nubes medies y altes con unes temperatures m\u00e1simes en nidiu ascensu ya col aire que sedr\u00e1 sele ya variable pero arreciando a vientu gallegu pela nueche en puntos del llitoral y zones altes.<\/li>\n<\/ul>\n<p><!--more--><\/p>\n<\/div>\n<div class=\"x11i5rnm xat24cr x1mh8g0r x1vvkbs xtlvy1s x126k92a\">\n<ul>\n<li dir=\"auto\"><strong><span style=\"color: #008080\">Ma\u00f1ana vienres<\/span><\/strong> sedr\u00e1 el meyor d\u00eda de la selmana con escasa nubosid\u00e1 y temperatures suaves nes hores centrales del d\u00eda, sicas\u00ed l&#8217;aire pue baxar dalgo la sensaci\u00f3n t\u00e9rmica pela costa.<\/li>\n<\/ul>\n<\/div>\n<div class=\"x11i5rnm xat24cr x1mh8g0r x1vvkbs xtlvy1s x126k92a\">\n<ul>\n<li dir=\"auto\"><strong><span style=\"color: #008080\">Na alborada del s\u00e1badu<\/span> <\/strong>la llegada d&#8217;un<strong> frente fr\u00edu pol norte va dexanos precipitaciones moderaes y un descensu de les temperatures<\/strong> que fadr\u00e1 que surda la nieve perriba de los 1300m, una vegada que pase van abrise dellos claros o abancios, m\u00e1s menos al mediud\u00eda, y al atapecer los xarabatos post frontales fadr\u00e1n actu de presencia. A destacar tami\u00e9n el fuerte vientu de componente noroeste que pue dexar raches fuertes en puntos del llitoral y zones de monta\u00f1a, onde los xarabatos puen ser llocalmente persistentes.<\/li>\n<\/ul>\n<\/div>\n<div class=\"x11i5rnm xat24cr x1mh8g0r x1vvkbs xtlvy1s x126k92a\">\n<ul>\n<li dir=\"auto\"><strong><span style=\"color: #008080\">Domingu d\u00eda ivernal<\/span> <\/strong>con xarabatos frecuentes ya intensos, sobre too en zones de monta\u00f1a, onde puen ser persistentes y en forma de nieve perriba de los 1000m con desplomes por mor de la persistencia ya intesid\u00e1 de les precipitaciones. Les temperatures en bultable descensu y l&#8217;aire de componente norte con raches fuertes en zones de alta monta\u00f1a ya en puntos del llitoral.<\/li>\n<\/ul>\n<\/div>\n<div class=\"x11i5rnm xat24cr x1mh8g0r x1vvkbs xtlvy1s x126k92a\">\n<ul>\n<li dir=\"auto\"><strong><span style=\"color: #008080\">El llunes<\/span><\/strong> seguiremos con xarabatos llocalmente fuertes y persistentes, am\u00e1s les nevaes van ser mui copioses na cordelera, sobre too na fastera oriental con un nuevu descensu de les temperatures que fadr\u00e1 que surda la nieve perriba de los 700-800m. L&#8217;aire seguir\u00e1 soplando con fuercia nes zones altes y llitoral, baxando entov\u00eda m\u00e1s la sensaci\u00f3n t\u00e9rmica.<\/li>\n<\/ul>\n<\/div>\n<div class=\"x11i5rnm xat24cr x1mh8g0r x1vvkbs xtlvy1s x126k92a\">\n<ul>\n<li dir=\"auto\"><strong><span style=\"color: #008080\">El martes<\/span><\/strong> los xarabatos dir\u00e1n perdiendo fuercia ya intensid\u00e1 pa tender a remitir pela tarde, anque les temperatures siguen baxando con una cota de nieve que pue rondar los 600-700m.<\/li>\n<\/ul>\n<\/div>\n<div class=\"x11i5rnm xat24cr x1mh8g0r x1vvkbs xtlvy1s x126k92a\">\n<ul>\n<li dir=\"auto\"><strong><span style=\"color: #008080\">A partir del mi\u00e9rcoles<\/span><\/strong> paez que s&#8217;estabiliza dalgo&#8217;l tiempu y entamar\u00e1 a xelar, situaci\u00f3n perbona pa qu&#8217;asiente la nieve y entren a furrular los ca\u00f1ones de nieve nes estaciones d&#8217;esqu\u00ed, pero esto y\u00e1 lu diremos viendo.<\/li>\n<\/ul>\n<\/div>\n<div class=\"x11i5rnm xat24cr x1mh8g0r x1vvkbs xtlvy1s x126k92a\"><\/div>\n<div class=\"x11i5rnm xat24cr x1mh8g0r x1vvkbs xtlvy1s x126k92a\">\n<div dir=\"auto\"><\/div>\n<\/div>\n<\/div>\n<\/div>\n<\/div>\n<\/div>\n<\/div>\n<\/div>\n<p>&nbsp;<\/p>\n","protected":false},"excerpt":{"rendered":"<p>El Tiempu n&#8217;Asturies. \u00abTiempu seliquino hasta&#8217;l s\u00e1badu\u00bb Alborecemos con intervalos de nubes medies y altes ya con unes temperatures que tan alrodiu de los 11\u00baC, rexistr\u00e1ndose nel puirtu Payares 5,9\u00baC. G\u00fcei vamos tener el cielu empuerc\u00e1u de nubes medies y altes con unes temperatures m\u00e1simes en nidiu ascensu ya col aire que sedr\u00e1 sele ya [&hellip;]<\/p>\n","protected":false},"author":117,"featured_media":0,"comment_status":"open","ping_status":"open","sticky":false,"template":"","format":"standard","meta":{"footnotes":""},"categories":[5],"tags":[],"class_list":["post-37167","post","type-post","status-publish","format-standard","hentry","category-tiempu"],"_links":{"self":[{"href":"https:\/\/edublog.educastur.es\/ixuxu\/wp-json\/wp\/v2\/posts\/37167","targetHints":{"allow":["GET"]}}],"collection":[{"href":"https:\/\/edublog.educastur.es\/ixuxu\/wp-json\/wp\/v2\/posts"}],"about":[{"href":"https:\/\/edublog.educastur.es\/ixuxu\/wp-json\/wp\/v2\/types\/post"}],"author":[{"embeddable":true,"href":"https:\/\/edublog.educastur.es\/ixuxu\/wp-json\/wp\/v2\/users\/117"}],"replies":[{"embeddable":true,"href":"https:\/\/edublog.educastur.es\/ixuxu\/wp-json\/wp\/v2\/comments?post=37167"}],"version-history":[{"count":2,"href":"https:\/\/edublog.educastur.es\/ixuxu\/wp-json\/wp\/v2\/posts\/37167\/revisions"}],"predecessor-version":[{"id":37169,"href":"https:\/\/edublog.educastur.es\/ixuxu\/wp-json\/wp\/v2\/posts\/37167\/revisions\/37169"}],"wp:attachment":[{"href":"https:\/\/edublog.educastur.es\/ixuxu\/wp-json\/wp\/v2\/media?parent=37167"}],"wp:term":[{"taxonomy":"category","embeddable":true,"href":"https:\/\/edublog.educastur.es\/ixuxu\/wp-json\/wp\/v2\/categories?post=37167"},{"taxonomy":"post_tag","embeddable":true,"href":"https:\/\/edublog.educastur.es\/ixuxu\/wp-json\/wp\/v2\/tags?post=37167"}],"curies":[{"name":"wp","href":"https:\/\/api.w.org\/{rel}","templated":true}]}}