{"id":37175,"date":"2024-12-05T10:00:08","date_gmt":"2024-12-05T08:00:08","guid":{"rendered":"https:\/\/edublog.educastur.es\/ixuxu\/?p=37175"},"modified":"2024-12-05T14:09:07","modified_gmt":"2024-12-05T12:09:07","slug":"37175","status":"publish","type":"post","link":"https:\/\/edublog.educastur.es\/ixuxu\/2024\/12\/37175\/","title":{"rendered":"\u00abUn s\u00edmbolu qu&#8217;exemplifica la forma de ser d&#8217;un pueblu\u00bb"},"content":{"rendered":"<ul>\n<li><a href=\"https:\/\/www.lne.es\/asturias\/2024\/12\/04\/historico-discurso-jornada-sidra-hizo-112334088.html?fbclid=IwY2xjawG-QT1leHRuA2FlbQIxMQABHfEjbXrrZ1GwabLCKy8ayfshvvsdK5vl4Cr6KCMia304ljl_LMh8t7gWew_aem_HxQ74nu-fyQnVf6_IA23SA\">Videu agradecimientu de delegaci\u00f3n Asturiana<\/a> \/ <a href=\"https:\/\/www.elcomercio.es\/asturias\/presidenta-comite-unesco-canta-asturias-sidra-20241204194728-nt.html?fbclid=IwY2xjawG-YGNleHRuA2FlbQIxMQABHX4nPiDc_SowT7IRg1FapvsgHk6Hi-6jrobBBmad28k7WQMLIfhi0w7E1g_aem_W-NDkH9XJcZSz01S4iehIw\">El Comercio<\/a> \/<\/li>\n<li><a href=\"https:\/\/omniamutanturnihilinteri.blogspot.com\/2024\/12\/el-galardon-no-es-para-la-sidra-sino.html?spref=fb&amp;fbclid=IwY2xjawG-YWlleHRuA2FlbQIxMQABHYMbSFXlA73zpm-HW4VN2ItXp359xNLZLdKxR_nv1qpEy7e5aeWxrylZ2g_aem_e4hTYEfbbxSona2obqYrgA\"><strong><em>El galard\u00f3n nun ye pa la sidra sinon pa la cultura sidrera<\/em><\/strong><\/a> \/<\/li>\n<\/ul>\n<p style=\"text-align: center\"><span style=\"color: #008080\"><em>\u00abCelebramos esta inscripci\u00f3n de la madre patria<br \/>\nporque&#8217;l mio pa\u00eds ye un pa\u00eds mestizu y amamos Espa\u00f1a\u00bb.<\/em><\/span><\/p>\n<p>L&#8217;hist\u00f3ricu discursu de la xornada na que la sidra f\u00edxose mundial:<em><span style=\"color: #008080\"><strong> \u00abUn s\u00edmbolu qu&#8217;exemplifica la forma de ser d&#8217;un pueblu\u00bb. <\/strong><\/span><\/em>La conseyera de Cultura del Princip\u00e1u, Vanesa Guti\u00e9rrez, punxo palabres en Paraguay y \u00e9nte la Unesco a l&#8217;allegr\u00eda asturiano pol reconomiento internacional a tou un iconu de la rex\u00f3n tres diez a\u00f1os de trabayu na candidatura<\/p>\n<ul>\n<li>Fonte: L<a href=\"https:\/\/www.lne.es\/asturias\/2024\/12\/04\/historico-discurso-jornada-sidra-hizo-112334088.html?fbclid=IwY2xjawG-QT1leHRuA2FlbQIxMQABHfEjbXrrZ1GwabLCKy8ayfshvvsdK5vl4Cr6KCMia304ljl_LMh8t7gWew_aem_HxQ74nu-fyQnVf6_IA23SA\">NE<\/a> \/ <a href=\"https:\/\/www.lne.es\/asturias\/2024\/12\/05\/cronica-jornada-sidra-hizo-historia-112340994.html\">LNE 2<\/a> \/<\/li>\n<\/ul>\n<p style=\"text-align: center\"><a href=\"https:\/\/estaticos-cdn.prensaiberica.es\/clip\/e83ba460-c1b3-473e-9e92-6df8c18be6ac_21-9-aspect-ratio_default_0.jpg\"><img loading=\"lazy\" decoding=\"async\" class=\"aligncenter size-large\" src=\"https:\/\/estaticos-cdn.prensaiberica.es\/clip\/e83ba460-c1b3-473e-9e92-6df8c18be6ac_21-9-aspect-ratio_default_0.jpg\" width=\"1280\" height=\"548\" \/><\/a><span style=\"color: #008080\"><strong><em>Y\u00e1 ye oficial na Unesco: \u00a1La sidra ye mundial!<\/em><\/strong><\/span><\/p>\n<p><!--more--><\/p>\n<p>Vanesa Guti\u00e9rrez, conseyera de Cultura del Princip\u00e1u d&#8217;Asturies, foi la encargada de tomar la palabra en nome de la rex\u00f3n nel hist\u00f3ricu d\u00eda nel que&#8217;l Comit\u00e9 Intergubernamental de la Unesco fixo oficial que la Cultura sidrera asturiana ye <strong>Patrimoniu Cultural Inmaterial de la Humanid\u00e1<\/strong>. Les sos palabres conformen un discursu hist\u00f3ricu nuna xornada hist\u00f3rica pa tolos asturianos celebrada en Paraguay. Este ye&#8217;l so discursu \u00edntegru.\u00a0 <em><span style=\"color: #008080\">Y\u00e1 ye oficial na Unesco: \u00a1La sidra ye mundial!<\/span><\/em><\/p>\n<p>&nbsp;<\/p>\n<p><em><span style=\"color: #008080\">Munch\u00edsimes gracies por esti momentu hist\u00f3ricu p\u2019Asturies nel que y\u00e1 podemos dicir que la nuesa cultura sidrera ye Patrimoniu Inmaterial de la Humanid\u00e1.<\/span><\/em><\/p>\n<p><em><span style=\"color: #008080\">Con gran emoci\u00f3n y honor comparezo, en representaci\u00f3n del Gobiernu d&#8217;Asturies y de toa xuna comunid\u00e1 que nesti momentu ta vi\u00e9ndonos llena d&#8217;ilusi\u00f3n y seguro qu&#8217;echando culinos de sidra pa celebrar esta gran reconocencia a una parte esencial de la nuesa identid\u00e1 como ye la cultura sidrera.<\/span><\/em><\/p>\n<p><em><span style=\"color: #008080\">N&#8217;Asturies, a onde mandamos un fort\u00edsimo saludu, la sidra ye m\u00e1s que xuna bebida sociabilizadora. Ye la vida de xeneraciones de persones qu&#8217;acoricaron la tierra mientres d\u00e9cades. Qu&#8217;abrazaron los sos \u00e1rboles y desvel\u00e1ronse pola so producci\u00f3n. Que depu\u00e9s, dende esi coraz\u00f3n de la casa que ye&#8217;l llagar, participaron -padres, g\u00fceles, hermanos y nietes, mano a mano- na ellaboraci\u00f3n de la sidra mientres tresmit\u00eden cantares y hestories aneyes, costumes ancestrales, que depu\u00e9s compart\u00eden celebratoriamente en vecind\u00e1. A eses xeneraciones que nos precedieron vaiga la nuesa gran reconocencia g\u00fcei.<\/span><\/em><\/p>\n<p><em><span style=\"color: #008080\">La sidra ye&#8217;l filo conductor qu&#8217;enfila y esplica bona parte de la nuesa hestoria, de la tradici\u00f3n y del presente y del futuru del nuesu pueblu. Y que a lo llargo de los a\u00f1os pap\u00f3 les nueses manifestaciones culturales: dende los bailles y dances m\u00e1s antig\u00fces a la gastronom\u00eda, pasando pola artesan\u00eda, el cine, la lliteratura, la m\u00fasica o les artes pl\u00e1stiques contemporanees. Xuna cultura pa toles persones, <strong>dende g\u00fcei pa tola humanid\u00e1, que s&#8217;espresa am\u00e1s n&#8217;asturianu: una llingua minorizada tan grande que sirve pa cuntar el mundu y que, como toa la nuesa cultura, tami\u00e9n tien de ser salvaguardada.<\/strong><\/span><\/em><\/p>\n<p><em><span style=\"color: #008080\">Fueron diez a\u00f1os de muncho trabayu, pero sobremanera de muncha ilusi\u00f3n y muncho arguyu. Gracies a toles persones que lo fixeron posible, cuantim\u00e1s al comit\u00e9 director de la candidatura. Gracies al Gobiernu d&#8217;Espa\u00f1a pol so sofitu y a toles comunidaes aut\u00f3nomes por demostrar, al escoyer una traza tan esclusiva d&#8217;una sola como candidatura com\u00fan, que somos un est\u00e1u muncho m\u00e1s grande y m\u00e1s fuerte cuando respetamos y queremos na nuesa diversid\u00e1. Gracies al embaxador d&#8217;Espa\u00f1a na Unesco y gracies a toes delegaciones que nos abrazastis g\u00fcei pa enllenanos d&#8217;estima como pueblu.<\/span><\/em><\/p>\n<p><em><span style=\"color: #008080\">La nuesa sidra, presentada na so caracter\u00edstica botella, sirvise de forma comu\u00f1al nun vasu sobro&#8217;l que s&#8217;echa d&#8217;una manera \u00fanico y espectacular. Esi s\u00edmbolu ya iconu d&#8217;Asturies, exemplifica la forma de ser d&#8217;un pueblu que, al ufiertar la so b\u00e9bora m\u00e1s singular, amu\u00e9sase como lo que foi a lo llargo de la so hestoria: inclusivu, solidariu, igualitariu ya integrador. Esper\u00e1mosvos nos nuesos chigres, nes romer\u00edes y nes espiches d\u2019Asturies.<\/span><\/em><\/p>\n<p><em><span style=\"color: #008080\">Y dende Paraguay non queremos escaecer de dar especialmente les gracies a toles comunidaes d&#8217;asturianos y asturianes nel esterior, que caltuvieron y tresmitieron la esencia de la nuesa identid\u00e1, comparti\u00e9ndola y herman\u00e1ndonos con otres cultures.<\/span><\/em><\/p>\n<p><em><span style=\"color: #008080\">A \u00faltima hora, gracies a tolos asturianos y asturianes, s\u00edan d&#8217;orixe, d&#8217;adopci\u00f3n o por vocaci\u00f3n, at\u00f3pense onde s&#8217;atopen, porque na so alma va la nuesa cultura y nes sos manos el porvenir. Munches gracies y \u00a1puxa Asturies!<\/span><\/em><\/p>\n<hr \/>\n<p class=\"ft-text\"><em>Munch\u00edsimes gracies por esti momentu hist\u00f3ricu p\u2019Asturies nel que y\u00e1 podemos dicir que la nuestra cultura sidrera ye Patrimoniu Inmaterial de la Humanid\u00e1.<\/em><\/p>\n<p class=\"ft-text\"><em>Con gran emoci\u00f3n y honor comparezco, en representaci\u00f3n del Gobierno de Asturies y de toda una comunidad que en este momento nos est\u00e1 viendo llena de ilusi\u00f3n y seguro que escanciando culinos de sidra para celebrar este gran reconocimiento a una parte esencial de nuestra identidad como es la cultura sidrera.<\/em><\/p>\n<p class=\"ft-text\"><em>En Asturies, a donde mandamos un fort\u00edsimo saludo, la sidra es m\u00e1s que una bebida sociabilizadora. Es la vida de generaciones de personas que han mimado la tierra durante d\u00e9cadas. Que han abrazado sus \u00e1rboles y se han desvelado por su producci\u00f3n. Que luego, desde ese coraz\u00f3n de la casa que es el llagar, han participado -padres, abuelas, hermanos y nietas, mano a mano- en la elaboraci\u00f3n de la sidra mientras transmit\u00edan canciones e historias a\u00f1ejas, costumbres ancestrales, que luego compart\u00edan celebratoriamente en vecindad. A esas generaciones que nos precedieron vaya nuestro gran reconocimiento hoy.<\/em><\/p>\n<p class=\"ft-text\"><em>La sidra es el hilo conductor que enhebra y explica buena parte de nuestra historia, de la tradici\u00f3n y del presente y del futuro de nuestro pueblo. Y que a lo largo de los a\u00f1os ha empapado nuestras manifestaciones culturales: desde los bailes y danzas m\u00e1s antiguas a la gastronom\u00eda, pasando por la artesan\u00eda, el cine, la literatura, la m\u00fasica o las artes pl\u00e1sticas contempor\u00e1neas. Una cultura para todas las personas, desde hoy para toda la humanidad, que se expresa adem\u00e1s n&#8217;asturianu: una lengua minorizada tan grande que sirve para contar el mundo y que, como toda nuestra cultura, tambi\u00e9n debe ser salvaguardada.<\/em><\/p>\n<p class=\"ft-text\"><em>Han sido diez a\u00f1os de mucho trabajo, pero sobre todo de mucha ilusi\u00f3n y mucho orgullo. Gracias a todas las personas que lo han hecho posible, en especial al comit\u00e9 director de la candidatura. Gracias al Gobierno de Espa\u00f1a por su apoyo y a todas las comunidades aut\u00f3nomas por demostrar, al elegir un rasgo tan exclusivo de una sola como candidatura com\u00fan, que somos un estado mucho m\u00e1s grande y m\u00e1s fuerte cuando nos respetamos y nos queremos en nuestra diversidad. Gracias al embajador de Espa\u00f1a en la Unesco y gracias a todas delegaciones que nos hab\u00e9is abrazado hoy para llenarnos de estima como pueblo.<\/em><\/p>\n<div id=\"intext-teads-2\"><\/div>\n<p class=\"ft-text\"><em>Nuestra sidra, presentada en su caracter\u00edstica botella, se sirve de forma comunitaria en un vaso sobre el que se escancia de una manera \u00fanica y espectacular. Ese s\u00edmbolo e icono de Asturias, ejemplifica la forma de ser de un pueblo que, al ofrecer su bebida m\u00e1s singular, se muestra como lo que ha sido a lo largo de su historia: inclusivo, solidario, igualitario e integrador. Esper\u00e1mosvos nos nuestros chigres, nes romer\u00edes y nes espiches d\u2019Asturies.<\/em><\/p>\n<p class=\"ft-text\"><em>Y desde Paraguay no nos queremos olvidar de dar especialmente las gracias a todas las comunidades de asturianos y asturianas en el exterior, que han preservado y transmitido la esencia de nuestra identidad, comparti\u00e9ndola y herman\u00e1ndonos con otras culturas.<\/em><\/p>\n","protected":false},"excerpt":{"rendered":"<p>Videu agradecimientu de delegaci\u00f3n Asturiana \/ El Comercio \/ El galard\u00f3n nun ye pa la sidra sinon pa la cultura sidrera \/ \u00abCelebramos esta inscripci\u00f3n de la madre patria porque&#8217;l mio pa\u00eds ye un pa\u00eds mestizu y amamos Espa\u00f1a\u00bb. L&#8217;hist\u00f3ricu discursu de la xornada na que la sidra f\u00edxose mundial: \u00abUn s\u00edmbolu qu&#8217;exemplifica la forma [&hellip;]<\/p>\n","protected":false},"author":117,"featured_media":0,"comment_status":"open","ping_status":"open","sticky":false,"template":"","format":"standard","meta":{"footnotes":""},"categories":[156],"tags":[],"class_list":["post-37175","post","type-post","status-publish","format-standard","hentry","category-sidre"],"_links":{"self":[{"href":"https:\/\/edublog.educastur.es\/ixuxu\/wp-json\/wp\/v2\/posts\/37175","targetHints":{"allow":["GET"]}}],"collection":[{"href":"https:\/\/edublog.educastur.es\/ixuxu\/wp-json\/wp\/v2\/posts"}],"about":[{"href":"https:\/\/edublog.educastur.es\/ixuxu\/wp-json\/wp\/v2\/types\/post"}],"author":[{"embeddable":true,"href":"https:\/\/edublog.educastur.es\/ixuxu\/wp-json\/wp\/v2\/users\/117"}],"replies":[{"embeddable":true,"href":"https:\/\/edublog.educastur.es\/ixuxu\/wp-json\/wp\/v2\/comments?post=37175"}],"version-history":[{"count":8,"href":"https:\/\/edublog.educastur.es\/ixuxu\/wp-json\/wp\/v2\/posts\/37175\/revisions"}],"predecessor-version":[{"id":37188,"href":"https:\/\/edublog.educastur.es\/ixuxu\/wp-json\/wp\/v2\/posts\/37175\/revisions\/37188"}],"wp:attachment":[{"href":"https:\/\/edublog.educastur.es\/ixuxu\/wp-json\/wp\/v2\/media?parent=37175"}],"wp:term":[{"taxonomy":"category","embeddable":true,"href":"https:\/\/edublog.educastur.es\/ixuxu\/wp-json\/wp\/v2\/categories?post=37175"},{"taxonomy":"post_tag","embeddable":true,"href":"https:\/\/edublog.educastur.es\/ixuxu\/wp-json\/wp\/v2\/tags?post=37175"}],"curies":[{"name":"wp","href":"https:\/\/api.w.org\/{rel}","templated":true}]}}