{"id":37189,"date":"2024-12-04T18:10:09","date_gmt":"2024-12-04T16:10:09","guid":{"rendered":"https:\/\/edublog.educastur.es\/ixuxu\/?p=37189"},"modified":"2024-12-11T14:49:23","modified_gmt":"2024-12-11T12:49:23","slug":"37189","status":"publish","type":"post","link":"https:\/\/edublog.educastur.es\/ixuxu\/2024\/12\/37189\/","title":{"rendered":"La cultura sidrera asturiana ya ye Patrimoniu Cultural Inmaterial de la Humanidad"},"content":{"rendered":"<p style=\"text-align: center\">\n<!-- iframe plugin v.6.0 wordpress.org\/plugins\/iframe\/ -->\n<iframe loading=\"lazy\" src=\"https:\/\/www.instagram.com\/reel\/DDNjc5TsqFv\/embed\" width=\"480\" height=\"640\" 0=\"\/iframe\" scrolling=\"yes\" class=\"iframe-class\" frameborder=\"0\"><\/iframe>\n<\/p>\n<p><!--more--><\/p>\n<p style=\"text-align: center\">\n<!-- iframe plugin v.6.0 wordpress.org\/plugins\/iframe\/ -->\n<iframe loading=\"lazy\" src=\"https:\/\/www.instagram.com\/reel\/DDKsy_Cy-02\/embed\" width=\"480\" height=\"640\" 0=\"\/iframe\" scrolling=\"yes\" class=\"iframe-class\" frameborder=\"0\"><\/iframe>\n<\/p>\n<p>Fonte: <a href=\"https:\/\/www.instagram.com\/culturaast\/\">https:\/\/www.instagram.com\/culturaast\/<\/a><\/p>\n<p style=\"text-align: center\">\n<!-- iframe plugin v.6.0 wordpress.org\/plugins\/iframe\/ -->\n<iframe loading=\"lazy\" src=\"https:\/\/www.instagram.com\/reel\/DDNlIniMWh-\/embed\" width=\"480\" height=\"640\" 0=\"\/iframe\" scrolling=\"yes\" class=\"iframe-class\" frameborder=\"0\"><\/iframe>\n<\/p>\n<header class=\"_aaqw\">\n<div>\n<div class=\"\">\n<div>\n<div class=\"_aarf _aaqq\" role=\"button\">\n<div class=\"x78zum5\">\n<div class=\"_aaqt\">\n<div class=\"x9f619 xjbqb8w x78zum5 x168nmei x13lgxp2 x5pf9jr xo71vjh x1n2onr6 x1plvlek xryxfnj x1c4vz4f x2lah0s x1q0g3np xqjyukv x6s0dn4 x1oa3qoh x1nhvcw1\">\n<ul>\n<li><a class=\"x1i10hfl xjbqb8w x1ejq31n xd10rxx x1sy0etr x17r0tee x972fbf xcfux6l x1qhh985 xm0m39n x9f619 x1ypdohk xt0psk2 xe8uvvx xdj266r x11i5rnm xat24cr x1mh8g0r xexx8yu x4uap5 x18d9i69 xkhd6sd x16tdsg8 x1hl2dhg xggy1nq x1a2a7pz _acan _acao _acat _acaw _aj1- _ap30 _a6hd\" role=\"link\" href=\"https:\/\/www.instagram.com\/rtpaoficial\/\">rtpaoficial<\/a><\/li>\n<\/ul>\n<\/div>\n<\/div>\n<\/div>\n<\/div>\n<\/div>\n<\/div>\n<\/div>\n<\/header>\n<p class=\"_ap3a _aaco _aacu _aacx _aad7 _aade\" dir=\"auto\">???La cultura sidrera asturiana ya ye (oficialmente) Patrimoniu Cultural Inmaterial de la Humanidad. La <a class=\"x1i10hfl xjbqb8w x1ejq31n xd10rxx x1sy0etr x17r0tee x972fbf xcfux6l x1qhh985 xm0m39n x9f619 x1ypdohk xt0psk2 xe8uvvx xdj266r x11i5rnm xat24cr x1mh8g0r xexx8yu x4uap5 x18d9i69 xkhd6sd x16tdsg8 x1hl2dhg xggy1nq x1a2a7pz notranslate _a6hd\" role=\"link\" href=\"https:\/\/www.instagram.com\/UNESCO\/\">@UNESCO<\/a> anunci\u00f3lo dende <a class=\"x1i10hfl xjbqb8w x1ejq31n xd10rxx x1sy0etr x17r0tee x972fbf xcfux6l x1qhh985 xm0m39n x9f619 x1ypdohk xt0psk2 xe8uvvx xdj266r x11i5rnm xat24cr x1mh8g0r xexx8yu x4uap5 x18d9i69 xkhd6sd x16tdsg8 x1hl2dhg xggy1nq x1a2a7pz _aa9_ _a6hd\" role=\"link\" href=\"https:\/\/www.instagram.com\/explore\/tags\/asunci%C3%B3n\/\">#Asunci\u00f3n<\/a><br \/>\n<a class=\"x1i10hfl xjbqb8w x1ejq31n xd10rxx x1sy0etr x17r0tee x972fbf xcfux6l x1qhh985 xm0m39n x9f619 x1ypdohk xt0psk2 xe8uvvx xdj266r x11i5rnm xat24cr x1mh8g0r xexx8yu x4uap5 x18d9i69 xkhd6sd x16tdsg8 x1hl2dhg xggy1nq x1a2a7pz _aa9_ _a6hd\" role=\"link\" href=\"https:\/\/www.instagram.com\/explore\/tags\/asturiesderestallu\/\">#AsturiesDeRestallu<\/a> <a class=\"x1i10hfl xjbqb8w x1ejq31n xd10rxx x1sy0etr x17r0tee x972fbf xcfux6l x1qhh985 xm0m39n x9f619 x1ypdohk xt0psk2 xe8uvvx xdj266r x11i5rnm xat24cr x1mh8g0r xexx8yu x4uap5 x18d9i69 xkhd6sd x16tdsg8 x1hl2dhg xggy1nq x1a2a7pz _aa9_ _a6hd\" role=\"link\" href=\"https:\/\/www.instagram.com\/explore\/tags\/lasidrayemundial\/\">#LaSidraYeMundial<\/a> <a class=\"x1i10hfl xjbqb8w x1ejq31n xd10rxx x1sy0etr x17r0tee x972fbf xcfux6l x1qhh985 xm0m39n x9f619 x1ypdohk xt0psk2 xe8uvvx xdj266r x11i5rnm xat24cr x1mh8g0r xexx8yu x4uap5 x18d9i69 xkhd6sd x16tdsg8 x1hl2dhg xggy1nq x1a2a7pz _aa9_ _a6hd\" role=\"link\" href=\"https:\/\/www.instagram.com\/explore\/tags\/culturasidrera\/\">#CulturaSidrera<\/a> ??<\/p>\n<p dir=\"auto\" style=\"text-align: center\"><a href=\"https:\/\/actualidad.asturias.es\/documents\/537115\/2264988\/2024_12_04+Consejera+Cultura+acto+Paraguay+UNESCO+%283%29.jpg\/2479e947-0ca5-72b4-5499-0f74299551a2?t=1733341932348\"><img loading=\"lazy\" decoding=\"async\" class=\"aligncenter size-large\" src=\"https:\/\/actualidad.asturias.es\/documents\/537115\/2264988\/2024_12_04+Consejera+Cultura+acto+Paraguay+UNESCO+%283%29.jpg\/2479e947-0ca5-72b4-5499-0f74299551a2?t=1733341932348\" width=\"1600\" height=\"912\" \/><\/a><\/p>\n<p dir=\"auto\">Sienti\u2019l emotivu alcuentru ayeri ente la conseyera de Cultura, Vanessa Guti\u00e9rrez, y la presidenta del Comit\u00e9 Intergubernamental de la UNESCO, Nancy Ovelar de Gorostiaga dempu\u00e9s de la declaraci\u00f3n de la Cultura Sidrera Asturiana como Patrimoniu Cultural Inmaterial de la Humanid\u00e1 ??? <a href=\"https:\/\/www.instagram.com\/p\/DDNlIniMWh-\/\">ver Instagram<\/a> \/<\/p>\n<p dir=\"auto\" style=\"text-align: center\">\n<!-- iframe plugin v.6.0 wordpress.org\/plugins\/iframe\/ -->\n<iframe loading=\"lazy\" src=\"https:\/\/www.instagram.com\/reel\/DDNS03Fx1VC\/embed\" width=\"480\" height=\"640\" 0=\"\/iframe\" scrolling=\"yes\" class=\"iframe-class\" frameborder=\"0\"><\/iframe>\n<\/p>\n<p dir=\"auto\">La decisi\u00f3n de la Unesco reconoz y distingue la singular rellaci\u00f3n qu\u2019Asturies calti\u00e9n cola bebida rexonal por escelencia y qu\u2019engloba diferentes manifestaciones: dende\u2019l cultivu del pomar hasta l\u2019escanci\u00e1u, de los cantares tradicionales a la creaci\u00f3n art\u00edstica y al vocabulariu llig\u00e1u al consumu. La cultura sidrera ye un leg\u00e1u \u00fanicu que combina tradici\u00f3n, sostenibilid\u00e1 y sent\u00edu de pertenencia??<\/p>\n<p dir=\"auto\" style=\"text-align: center\"><a href=\"https:\/\/actualidad.asturias.es\/documents\/537115\/2264988\/2024_12_04+Consejera+Cultura+acto+Paraguay+UNESCO+%282%29.jpg\/d1e1260e-58a1-3b1a-5139-88c0c0c0bf24?t=1733341932278\"><img loading=\"lazy\" decoding=\"async\" class=\"aligncenter size-large\" src=\"https:\/\/actualidad.asturias.es\/documents\/537115\/2264988\/2024_12_04+Consejera+Cultura+acto+Paraguay+UNESCO+%282%29.jpg\/d1e1260e-58a1-3b1a-5139-88c0c0c0bf24?t=1733341932278\" width=\"1600\" height=\"1200\" \/><\/a><\/p>\n<p dir=\"auto\">La conseyera Vanessa Guti\u00e9rrez recueye en Paraguay el diploma qu&#8217;acredita la inclusi\u00f3n de la cultura sidrera na <strong>Llista Representativa del Patrimoniu Inmaterial de la Humanid\u00e1.\u00a0<\/strong><\/p>\n<blockquote>\n<p style=\"text-align: center\"><span style=\"color: #008080\">\u201cAgora tenemos que vivilo y, sobremanera, salvaguardalo y tresmitilo\u201d<\/span><\/p>\n\n<!-- iframe plugin v.6.0 wordpress.org\/plugins\/iframe\/ -->\n<iframe loading=\"lazy\" src=\"https:\/\/www.instagram.com\/reel\/DDNjc5TsqFv\/embed\" width=\"480\" height=\"640\" 0=\"\/iframe\" scrolling=\"yes\" class=\"iframe-class\" frameborder=\"0\"><\/iframe>\n<\/blockquote>\n<p><strong><em>La decisi\u00f3n de la Unesco estrema un leg\u00e1u \u00fanicu que combina tradici\u00f3n, sostenibilid\u00e1 y sent\u00edu de pertenencia<\/em><\/strong><\/p>\n<p dir=\"auto\" style=\"text-align: center\"><a href=\"https:\/\/actualidad.asturias.es\/documents\/537115\/2268239\/2024_12_05+conseyera+cultura+certificado+sidra+unesco+3.jpeg\/34ddb9b1-b5a0-823f-ac3a-225dc3f5ab56?t=1733422515937\"><img loading=\"lazy\" decoding=\"async\" class=\"aligncenter size-large\" src=\"https:\/\/actualidad.asturias.es\/documents\/537115\/2268239\/2024_12_05+conseyera+cultura+certificado+sidra+unesco+3.jpeg\/34ddb9b1-b5a0-823f-ac3a-225dc3f5ab56?t=1733422515937\" width=\"1600\" height=\"1200\" \/><\/a><\/p>\n<p>\u201cEsta certificaci\u00f3n ye toa Asturies, de quien son asturianos por nacencia y de quien lo son por vocaci\u00f3n, de les persones de munches xeneraciones tras y tami\u00e9n d&#8217;aquelles a les qu&#8217;agora tenemos de tresmitir esti gran patrimoniu que tenemos ente les manos\u201d, se\u00f1al\u00f3 Guti\u00e9rrez.<\/p>\n<p><em><span style=\"color: #008080\">La decisi\u00f3n de la Unesco reconoz y estrema la singular relaci\u00f3n qu&#8217;Asturies caltien cola b\u00e9bora rexonal por excelencia y que engloba distintes manifestaciones: dende&#8217;l cultivu de el pumar hasta l&#8217;escanci\u00e1u, de los cantares tradicionales a la creaci\u00f3n art\u00edstica y al vocabulariu amest\u00e1u al so consumu. <strong>La cultura sidrera ye un leg\u00e1u \u00fanicu que combina tradici\u00f3n, sostenibilid\u00e1 y sent\u00edu de pertenencia.<\/strong><\/span><\/em><\/p>\n<p style=\"text-align: center\"><a href=\"https:\/\/actualidad.asturias.es\/documents\/537115\/2264988\/2024_12_04+Consejera+Cultura+acto+Paraguay+UNESCO+%284%29.jpg\/9110c379-1439-f632-2760-5c870e58ee0c?t=1733341932403\"><img loading=\"lazy\" decoding=\"async\" class=\"aligncenter size-large\" src=\"https:\/\/actualidad.asturias.es\/documents\/537115\/2264988\/2024_12_04+Consejera+Cultura+acto+Paraguay+UNESCO+%284%29.jpg\/9110c379-1439-f632-2760-5c870e58ee0c?t=1733341932403\" width=\"1600\" height=\"1200\" \/><\/a><\/p>\n<p>La certificaci\u00f3n de la Unesco va contribuyir a la protecci\u00f3n d&#8217;una ayalga cultural que se supo curiar a lo llargo de munches d\u00e9cades pa tresmitilo a les siguientes xeneraciones como s\u00edmbolu identitario del pueblu asturianu.<\/p>\n<p style=\"text-align: center\"><a href=\"https:\/\/actualidad.asturias.es\/documents\/537115\/2264988\/2024_12_04+Consejera+Cultura+acto+Paraguay+UNESCO+%281%29+%281%29.jpg\/d479b20b-421f-c779-487f-245c43aae0c7?t=1733342992256\"><img loading=\"lazy\" decoding=\"async\" class=\"aligncenter size-large\" src=\"https:\/\/actualidad.asturias.es\/documents\/537115\/2264988\/2024_12_04+Consejera+Cultura+acto+Paraguay+UNESCO+%281%29+%281%29.jpg\/d479b20b-421f-c779-487f-245c43aae0c7?t=1733342992256\" width=\"1600\" height=\"1200\" \/><\/a><\/p>\n<p>\u201cToles manifestaciones culturales que se xeneraron en redol a la sidra, la gastronom\u00eda, el sector pa\u00f1ador y productor, la llingua propia&#8230; tollo forma parte d&#8217;esta candidatura y agora tenemos que vivilo y, sobremanera, salvaguardalo y tresmitilo\u201d, valor\u00f3 la conseyera.<\/p>\n<p dir=\"auto\" style=\"text-align: center\"><a href=\"https:\/\/actualidad.asturias.es\/documents\/537115\/2268239\/2024_12_05+conseyera+cultura+certificado+sidra+unesco+1.jpeg\/d09d82f6-ba25-4c68-21fb-f521d8e26866?t=1733422515826\"><img loading=\"lazy\" decoding=\"async\" class=\"aligncenter size-large\" src=\"https:\/\/actualidad.asturias.es\/documents\/537115\/2268239\/2024_12_05+conseyera+cultura+certificado+sidra+unesco+1.jpeg\/d09d82f6-ba25-4c68-21fb-f521d8e26866?t=1733422515826\" width=\"1600\" height=\"1200\" \/><\/a><\/p>\n<p dir=\"auto\" style=\"text-align: center\"><a href=\"https:\/\/actualidad.asturias.es\/documents\/537115\/2266859\/2024_12_05+presidente++acto+dia+constitucion+8.jpg\/16808e0e-1aef-8f61-0de8-71cd05172177?t=1733400023377\"><img loading=\"lazy\" decoding=\"async\" class=\"aligncenter size-large\" src=\"https:\/\/actualidad.asturias.es\/documents\/537115\/2266859\/2024_12_05+presidente++acto+dia+constitucion+8.jpg\/16808e0e-1aef-8f61-0de8-71cd05172177?t=1733400023377\" width=\"5175\" height=\"3648\" \/><\/a><\/p>\n","protected":false},"excerpt":{"rendered":"","protected":false},"author":117,"featured_media":0,"comment_status":"open","ping_status":"open","sticky":false,"template":"","format":"standard","meta":{"footnotes":""},"categories":[59,156],"tags":[],"class_list":["post-37189","post","type-post","status-publish","format-standard","hentry","category-rtpa","category-sidre"],"_links":{"self":[{"href":"https:\/\/edublog.educastur.es\/ixuxu\/wp-json\/wp\/v2\/posts\/37189","targetHints":{"allow":["GET"]}}],"collection":[{"href":"https:\/\/edublog.educastur.es\/ixuxu\/wp-json\/wp\/v2\/posts"}],"about":[{"href":"https:\/\/edublog.educastur.es\/ixuxu\/wp-json\/wp\/v2\/types\/post"}],"author":[{"embeddable":true,"href":"https:\/\/edublog.educastur.es\/ixuxu\/wp-json\/wp\/v2\/users\/117"}],"replies":[{"embeddable":true,"href":"https:\/\/edublog.educastur.es\/ixuxu\/wp-json\/wp\/v2\/comments?post=37189"}],"version-history":[{"count":16,"href":"https:\/\/edublog.educastur.es\/ixuxu\/wp-json\/wp\/v2\/posts\/37189\/revisions"}],"predecessor-version":[{"id":37609,"href":"https:\/\/edublog.educastur.es\/ixuxu\/wp-json\/wp\/v2\/posts\/37189\/revisions\/37609"}],"wp:attachment":[{"href":"https:\/\/edublog.educastur.es\/ixuxu\/wp-json\/wp\/v2\/media?parent=37189"}],"wp:term":[{"taxonomy":"category","embeddable":true,"href":"https:\/\/edublog.educastur.es\/ixuxu\/wp-json\/wp\/v2\/categories?post=37189"},{"taxonomy":"post_tag","embeddable":true,"href":"https:\/\/edublog.educastur.es\/ixuxu\/wp-json\/wp\/v2\/tags?post=37189"}],"curies":[{"name":"wp","href":"https:\/\/api.w.org\/{rel}","templated":true}]}}