{"id":37216,"date":"2024-12-05T22:17:38","date_gmt":"2024-12-05T20:17:38","guid":{"rendered":"https:\/\/edublog.educastur.es\/ixuxu\/?p=37216"},"modified":"2024-12-08T13:04:31","modified_gmt":"2024-12-08T11:04:31","slug":"cartelu-que-tien-esta-sidra-de-neto","status":"publish","type":"post","link":"https:\/\/edublog.educastur.es\/ixuxu\/2024\/12\/cartelu-que-tien-esta-sidra-de-neto\/","title":{"rendered":"Cartelu \u00bfQu\u00e9 tien esta sidra? de NETO"},"content":{"rendered":"<p style=\"text-align: center\">\n<p style=\"text-align: center\">\n<!-- iframe plugin v.6.0 wordpress.org\/plugins\/iframe\/ -->\n<iframe loading=\"lazy\" src=\"https:\/\/www.facebook.com\/plugins\/post.php?href=https%3A%2F%2Fwww.facebook.com%2Fneto.garciadelcastillo%2Fposts%2Fpfbid02SPJCFBrqG9DDawTtMCgctyyp87SYyM3SNHm5nvWFr5B8Z7BR6iUoDKRUpf7WoDzpl&#038;show_text=false&#038;width=500\" width=\"500\" height=\"497\" style=\"border:none;overflow:hidden\" scrolling=\"no\" frameborder=\"0\" allowfullscreen=\"true\" allow=\"autoplay; clipboard-write; encrypted-media; picture-in-picture; web-share\" 0=\"\/iframe\" class=\"iframe-class\"><\/iframe>\n<\/p>\n<ul>\n<li><a href=\"https:\/\/www.sidraturismoasturias.es\/wp-content\/uploads\/2021\/12\/que-tien-la-sidra-2021.jpg\">Cartelu<\/a> \/ \u00a0<strong>\u2018La sidra, como siempre se dixo\u2019 \/<a href=\"https:\/\/scontent-bcn1-1.xx.fbcdn.net\/v\/t39.30808-6\/469313621_9670777409603593_6478172765797029879_n.jpg?_nc_cat=102&amp;ccb=1-7&amp;_nc_sid=127cfc&amp;_nc_ohc=gDcuQ2jn1TEQ7kNvgEM9VBU&amp;_nc_zt=23&amp;_nc_ht=scontent-bcn1-1.xx&amp;_nc_gid=Aqx-N-ERlVb9NA1MDD4Jeh9&amp;oh=00_AYAZjhfGYHqXba8pEbiXPumPjy6QyV92t0a_gvXxjePujg&amp;oe=675B4C62\"> CARTELU ACTUALIZ\u00c1U<\/a> \/<\/strong><\/li>\n<\/ul>\n<p>La Conseyer\u00eda de Cultura, Pol\u00edtica Ling\u00fcistica y Turismu del Gobiernu asturianu va tiempu puso en marcha una campa\u00f1a sobro&#8217;l l\u00e9xicu vencey\u00e1u a la cultura sidrera, que ta caracteriz\u00e1u por t\u00e9rminos 100% asturianos. Una propuesta que va tar na mayor\u00eda de les sidrer\u00edes sofitando y acotando que la nuesa cultura sidrera asturiana sigue viva, agora m\u00e1s nunca.<\/p>\n<p style=\"text-align: center\"><a href=\"https:\/\/migijon.com\/wp-content\/uploads\/2022\/04\/Diseno-sin-titulo-2-4-1536x864.png\"><img loading=\"lazy\" decoding=\"async\" class=\"aligncenter size-large\" src=\"https:\/\/migijon.com\/wp-content\/uploads\/2022\/04\/Diseno-sin-titulo-2-4-1536x864.png\" width=\"1536\" height=\"864\" \/><\/a><\/p>\n<p>El dibuxante <strong>Ernesto Garc\u00eda del Castillo (Neto)<\/strong> con <a href=\"https:\/\/www.sidraturismoasturias.es\/wp-content\/uploads\/2021\/12\/elementor\/thumbs\/que-tien-la-sidra-2021-pgypnuuvnsxevlvmje8xoujwbakio0l1027tie9dpc.jpg\">esta imaxe fai un chisgo al popular cartelu <strong>\u00bfQu\u00e9 tien la sidra?<\/strong><\/a> cuarenta a\u00f1os dempu\u00e9s, del fin\u00e1u nel a\u00f1u 2019, Antonio Garrido.<\/p>\n<p><!--more--><\/p>\n<p style=\"text-align: center\"><a href=\"https:\/\/www.sidraturismoasturias.es\/wp-content\/uploads\/2021\/12\/que-tien-la-sidra-2021.jpg\"><img loading=\"lazy\" decoding=\"async\" class=\"aligncenter size-large\" src=\"https:\/\/www.sidraturismoasturias.es\/wp-content\/uploads\/2021\/12\/que-tien-la-sidra-2021.jpg\" width=\"1080\" height=\"1080\" \/><\/a><\/p>\n<p>Un finxu que foi bien significativu nesta cultura pero que nesti casu pretende incorporar la realid\u00e1 social asturiana de g\u00fcei, enxareyando tradici\u00f3n, actualid\u00e1, humor y cultura popular dexando presente&#8217;l valor de la llingua asturiana nesta cultura.<\/p>\n<p style=\"text-align: center\"><a href=\"https:\/\/s2.ppllstatics.com\/elcomercio\/www\/multimedia\/201907\/18\/media\/cortadas\/cartel-sidra-ktWF-U807925886342nC-624x800@El%20Comercio.jpg\"><img loading=\"lazy\" decoding=\"async\" class=\"aligncenter size-large\" src=\"https:\/\/s2.ppllstatics.com\/elcomercio\/www\/multimedia\/201907\/18\/media\/cortadas\/cartel-sidra-ktWF-U807925886342nC-624x800@El%20Comercio.jpg\" width=\"620\" height=\"800\" \/><\/a><\/p>\n","protected":false},"excerpt":{"rendered":"<p>Cartelu \/ \u00a0\u2018La sidra, como siempre se dixo\u2019 \/ CARTELU ACTUALIZ\u00c1U \/ La Conseyer\u00eda de Cultura, Pol\u00edtica Ling\u00fcistica y Turismu del Gobiernu asturianu va tiempu puso en marcha una campa\u00f1a sobro&#8217;l l\u00e9xicu vencey\u00e1u a la cultura sidrera, que ta caracteriz\u00e1u por t\u00e9rminos 100% asturianos. Una propuesta que va tar na mayor\u00eda de les sidrer\u00edes sofitando [&hellip;]<\/p>\n","protected":false},"author":117,"featured_media":0,"comment_status":"open","ping_status":"open","sticky":false,"template":"","format":"standard","meta":{"footnotes":""},"categories":[214,156],"tags":[],"class_list":["post-37216","post","type-post","status-publish","format-standard","hentry","category-cartelos","category-sidre"],"_links":{"self":[{"href":"https:\/\/edublog.educastur.es\/ixuxu\/wp-json\/wp\/v2\/posts\/37216","targetHints":{"allow":["GET"]}}],"collection":[{"href":"https:\/\/edublog.educastur.es\/ixuxu\/wp-json\/wp\/v2\/posts"}],"about":[{"href":"https:\/\/edublog.educastur.es\/ixuxu\/wp-json\/wp\/v2\/types\/post"}],"author":[{"embeddable":true,"href":"https:\/\/edublog.educastur.es\/ixuxu\/wp-json\/wp\/v2\/users\/117"}],"replies":[{"embeddable":true,"href":"https:\/\/edublog.educastur.es\/ixuxu\/wp-json\/wp\/v2\/comments?post=37216"}],"version-history":[{"count":4,"href":"https:\/\/edublog.educastur.es\/ixuxu\/wp-json\/wp\/v2\/posts\/37216\/revisions"}],"predecessor-version":[{"id":37218,"href":"https:\/\/edublog.educastur.es\/ixuxu\/wp-json\/wp\/v2\/posts\/37216\/revisions\/37218"}],"wp:attachment":[{"href":"https:\/\/edublog.educastur.es\/ixuxu\/wp-json\/wp\/v2\/media?parent=37216"}],"wp:term":[{"taxonomy":"category","embeddable":true,"href":"https:\/\/edublog.educastur.es\/ixuxu\/wp-json\/wp\/v2\/categories?post=37216"},{"taxonomy":"post_tag","embeddable":true,"href":"https:\/\/edublog.educastur.es\/ixuxu\/wp-json\/wp\/v2\/tags?post=37216"}],"curies":[{"name":"wp","href":"https:\/\/api.w.org\/{rel}","templated":true}]}}