{"id":37297,"date":"2024-12-06T16:10:50","date_gmt":"2024-12-06T14:10:50","guid":{"rendered":"https:\/\/edublog.educastur.es\/ixuxu\/?p=37297"},"modified":"2024-12-06T16:12:11","modified_gmt":"2024-12-06T14:12:11","slug":"los-13-del-sidron","status":"publish","type":"post","link":"https:\/\/edublog.educastur.es\/ixuxu\/2024\/12\/los-13-del-sidron\/","title":{"rendered":"Neandertales n\u2019Asturies: Los 13 d\u2019El Sidr\u00f3n"},"content":{"rendered":"<ul>\n<li>Fonte: <a href=\"https:\/\/xixonaldia.com\/los-13-del-sidron\/?fbclid=IwY2xjawG_5QtleHRuA2FlbQIxMQABHQm6ka6T5amWTILIPmtKLFyhA_gvyMpoBqXjowCmK0aHL6cR2l0IseIWuA_aem_NzKuBDvd9yLgFRnq67X7UA\">El Comercio<\/a> Xix\u00f3n al d\u00eda\/<\/li>\n<\/ul>\n<p style=\"text-align: center\"><a href=\"https:\/\/xixonaldia.com\/wp-content\/uploads\/2024\/12\/cuevadelsidron5.jpg\"><img loading=\"lazy\" decoding=\"async\" class=\"aligncenter size-large\" src=\"https:\/\/xixonaldia.com\/wp-content\/uploads\/2024\/12\/cuevadelsidron5.jpg\" width=\"630\" height=\"399\" \/><\/a><\/p>\n<p>Neandertales n\u2019Asturies. Descubiertes dos mand\u00edbules en 1994, por espele\u00f3logos xixoneses y 6 a\u00f1os dempu\u00e9s de la investigaci\u00f3n cient\u00edfica del afayu de neandertales m\u00e1s conserv\u00e1u del mundiu. Agora pue vese una esposici\u00f3n mui completa del tema na Sala superior de la Oficina Turismu de L\u2019Infiestu (Pilo\u00f1a). Como ye davezu nel pa\u00eds ta pocu divulgada y poro, desconocida ente la poblaci\u00f3n. Y eso que y\u00e1 se presentara itinerante en dellos llugaes como nel Mus\u00e9u Arqueol\u00f3xicu d\u2019Asturies (Uvi\u00e9u).<\/p>\n<p><!--more--><\/p>\n<p>Equ\u00ed se caltienen restos perimportantes pal estudiu d\u2019unos f\u00f3siles con ADN estudiable, g\u00fcesos de 13 individuos incluy\u00edos homes, muyeres, adolescentes y un ne\u00f1u, xunto a cientos de ferramientes ll\u00edtiques de s\u00edlex, perbi\u00e9n calten\u00edos nel tiempu poles condiciones an\u00f3siques nes que s\u2019alcontraron al inundase\u2019l xacimientu que data de fai 49.000 a\u00f1os. Tampoco nun ye raro qu\u2019anque los descubridores foren asturianos que venceyaron los restos a la Universid\u00e1 d\u2019Uvi\u00e9u, la investigaci\u00f3n la lleva xente de Madrid. Una comparanza cola situaci\u00f3n de la llingua asturiana: conocida nos \u00e1mbitos acad\u00e9micos asturianos, nun ye normalizada nin conocida por tola poblaci\u00f3n pola falta d\u2019oficialid\u00e1 nel \u00e1mbitu auton\u00f3micu.<\/p>\n<p>Asina que son dos exemplos d\u2019ayalgues (arqueol\u00f3xiques y filol\u00f3xiques) de les que la xente nun tiene conocencia enforma. Per un llau, de tener el tercer xacimientu d\u2019una especie hom\u00ednida estinta que surdi\u00f3 fai 400.000 a\u00f1os y per otru la falta de sofitu al emplegu normal del milenariu idioma llariegu pola poca seried\u00e1 cola que les instituciones lu traten.<\/p>\n<p>Divulgaci\u00f3n, normalizaci\u00f3n y oficialid\u00e1, son les tres erb\u00edes p\u2019amosar unes realidaes d\u2019importancia singular nel campu cultural qu\u2019arreyar\u00eden una mayor estima polo propio n\u2019Asturies. Si se xuncieren dambes les dos cuestiones, arqueolox\u00eda n\u2019asturianu, habr\u00eda mayor comprendoria de la importancia d\u2019esti pueblu d\u2019un mill\u00f3n d\u2019habitantes ente\u2019l restu la Humanid\u00e1.<\/p>\n<p>La calid\u00e1 cultural d\u2019elles, ye superior a la cantid\u00e1 que s\u2019atope n\u2019otros llugares. Ye singularizar un territoriu, caltener viva la so memoria y el so idioma llariegu nun mundiu cada vegada menos diversu con c\u00e1nones ayenos a los que surden equ\u00ed. La cultura ye\u2019l valir que mos fai estremaos a los otros 8.000 millones d\u2019humanos que\u2019aliten nel planeta, y que como una marexada puen llevase a esti pueblu per delantre, inclusive enantes de que garre conciencia dafechu de la so bayurosa identid\u00e1.<\/p>\n","protected":false},"excerpt":{"rendered":"<p>Fonte: El Comercio Xix\u00f3n al d\u00eda\/ Neandertales n\u2019Asturies. Descubiertes dos mand\u00edbules en 1994, por espele\u00f3logos xixoneses y 6 a\u00f1os dempu\u00e9s de la investigaci\u00f3n cient\u00edfica del afayu de neandertales m\u00e1s conserv\u00e1u del mundiu. Agora pue vese una esposici\u00f3n mui completa del tema na Sala superior de la Oficina Turismu de L\u2019Infiestu (Pilo\u00f1a). Como ye davezu nel [&hellip;]<\/p>\n","protected":false},"author":117,"featured_media":0,"comment_status":"open","ping_status":"open","sticky":false,"template":"","format":"standard","meta":{"footnotes":""},"categories":[206,14],"tags":[],"class_list":["post-37297","post","type-post","status-publish","format-standard","hentry","category-arqueoloxia","category-esposiciones"],"_links":{"self":[{"href":"https:\/\/edublog.educastur.es\/ixuxu\/wp-json\/wp\/v2\/posts\/37297","targetHints":{"allow":["GET"]}}],"collection":[{"href":"https:\/\/edublog.educastur.es\/ixuxu\/wp-json\/wp\/v2\/posts"}],"about":[{"href":"https:\/\/edublog.educastur.es\/ixuxu\/wp-json\/wp\/v2\/types\/post"}],"author":[{"embeddable":true,"href":"https:\/\/edublog.educastur.es\/ixuxu\/wp-json\/wp\/v2\/users\/117"}],"replies":[{"embeddable":true,"href":"https:\/\/edublog.educastur.es\/ixuxu\/wp-json\/wp\/v2\/comments?post=37297"}],"version-history":[{"count":3,"href":"https:\/\/edublog.educastur.es\/ixuxu\/wp-json\/wp\/v2\/posts\/37297\/revisions"}],"predecessor-version":[{"id":37300,"href":"https:\/\/edublog.educastur.es\/ixuxu\/wp-json\/wp\/v2\/posts\/37297\/revisions\/37300"}],"wp:attachment":[{"href":"https:\/\/edublog.educastur.es\/ixuxu\/wp-json\/wp\/v2\/media?parent=37297"}],"wp:term":[{"taxonomy":"category","embeddable":true,"href":"https:\/\/edublog.educastur.es\/ixuxu\/wp-json\/wp\/v2\/categories?post=37297"},{"taxonomy":"post_tag","embeddable":true,"href":"https:\/\/edublog.educastur.es\/ixuxu\/wp-json\/wp\/v2\/tags?post=37297"}],"curies":[{"name":"wp","href":"https:\/\/api.w.org\/{rel}","templated":true}]}}