{"id":37314,"date":"2024-12-07T08:33:58","date_gmt":"2024-12-07T06:33:58","guid":{"rendered":"https:\/\/edublog.educastur.es\/ixuxu\/?p=37314"},"modified":"2024-12-08T12:36:02","modified_gmt":"2024-12-08T10:36:02","slug":"estau-del-tiempu-sabadu-7-davientu","status":"publish","type":"post","link":"https:\/\/edublog.educastur.es\/ixuxu\/2024\/12\/estau-del-tiempu-sabadu-7-davientu\/","title":{"rendered":"Est\u00e1u del tiempu: s\u00e1badu 7 d&#8217;avientu"},"content":{"rendered":"<p style=\"text-align: center\"><em><span style=\"color: #008080;font-size: 20px\"><strong>\u00bb L&#8217;iviernu asoma la patina\u00bb<\/strong><\/span><\/em><\/p>\n<p style=\"text-align: center\"><a href=\"http:\/\/edublog.educastur.es\/ixuxu\/files\/2024\/11\/467747825_894074599540617_1227988172354431857_n.jpg\"><img loading=\"lazy\" decoding=\"async\" class=\"aligncenter  wp-image-36071\" src=\"http:\/\/edublog.educastur.es\/ixuxu\/files\/2024\/11\/467747825_894074599540617_1227988172354431857_n.jpg\" alt=\"\" width=\"275\" height=\"191\" srcset=\"https:\/\/edublog.educastur.es\/ixuxu\/files\/2024\/11\/467747825_894074599540617_1227988172354431857_n.jpg 450w, https:\/\/edublog.educastur.es\/ixuxu\/files\/2024\/11\/467747825_894074599540617_1227988172354431857_n-300x208.jpg 300w, https:\/\/edublog.educastur.es\/ixuxu\/files\/2024\/11\/467747825_894074599540617_1227988172354431857_n-433x300.jpg 433w\" sizes=\"auto, (max-width: 275px) 100vw, 275px\" \/><\/a><\/p>\n<div class=\"html-div xdj266r x11i5rnm xat24cr x1mh8g0r xexx8yu x1a8lsjc x1swvt13 x1pi30zi\">\n<div class=\"html-div xdj266r x11i5rnm xat24cr x1mh8g0r xexx8yu x4uap5 x18d9i69 xkhd6sd x1jx94hy x78zum5 x1q0g3np\">\n<div class=\"x78zum5 xdt5ytf xz62fqu x16ldp7u\">\n<div class=\"xu06os2 x1ok221b\">\n<div class=\"html-div xdj266r x11i5rnm xat24cr x1mh8g0r xexx8yu x4uap5 x18d9i69 xkhd6sd\" data-ad-rendering-role=\"profile_name\">\n<ul>\n<li class=\"html-h3 x11i5rnm xat24cr x1mh8g0r xexx8yu x4uap5 x18d9i69 xkhd6sd x1vvkbs x1heor9g x1qlqyl8 x1pd3egz x1a2a7pz x1gslohp x1yc453h\"><span class=\"x1lliihq x6ikm8r x10wlt62 x1n2onr6\"><span class=\"xt0psk2\"><a class=\"x1i10hfl xjbqb8w x1ejq31n xd10rxx x1sy0etr x17r0tee x972fbf xcfux6l x1qhh985 xm0m39n x9f619 x1ypdohk xt0psk2 xe8uvvx xdj266r x11i5rnm xat24cr x1mh8g0r xexx8yu x4uap5 x18d9i69 xkhd6sd x16tdsg8 x1hl2dhg xggy1nq x1a2a7pz x1sur9pj xkrqix3 xzsf02u x1s688f\" role=\"link\" href=\"https:\/\/www.facebook.com\/eltiempuenasturies?__cft__[0]=AZXe17jCG915uu1lKjOhuA3YYqIa7G32Kn4h6XfYpOJaPrN-Esyl1y2a-upRUtRITvAKE9nf5xBtv9Vh638Poz5JeC5sLwlviO_-GDphqaDc5qGkaTIZgBzPx47925j1nc_FxxPEtqceSKrPDc-yFLYDBlFO_V1j0V6n8pk6JdtG-T_0Wdv3W5iFcVFKPhRY1pByFG50Q3moQ3ayprFzXgbQqxFK-ECHt6NEf5EbbPL3gQ&amp;__tn__=-UC%2CP-y-R\"><strong class=\"html-strong xdj266r x11i5rnm xat24cr x1mh8g0r xexx8yu x4uap5 x18d9i69 xkhd6sd x1hl2dhg x16tdsg8 x1vvkbs x1s688f\"><span class=\"html-span xdj266r x11i5rnm xat24cr x1mh8g0r xexx8yu x4uap5 x18d9i69 xkhd6sd x1hl2dhg x16tdsg8 x1vvkbs\">El Tiempu n&#8217;Asturies.<\/span><\/strong><\/a><\/span><\/span><\/li>\n<\/ul>\n<\/div>\n<\/div>\n<div class=\"xu06os2 x1ok221b\"><\/div>\n<\/div>\n<\/div>\n<\/div>\n<div class=\"html-div xdj266r x11i5rnm xat24cr x1mh8g0r xexx8yu x4uap5 x18d9i69 xkhd6sd\" dir=\"auto\">\n<div class=\"html-div xdj266r x11i5rnm xat24cr x1mh8g0r xexx8yu x4uap5 x18d9i69 xkhd6sd\" dir=\"auto\">\n<div class=\"html-div xdj266r x11i5rnm xat24cr x1mh8g0r xexx8yu x4uap5 x18d9i69 xkhd6sd\" data-ad-rendering-role=\"story_message\">\n<div class=\"x1l90r2v x1iorvi4 x1ye3gou xn6708d\" data-ad-comet-preview=\"message\" data-ad-preview=\"message\">\n<div class=\"x78zum5 xdt5ytf xz62fqu x16ldp7u\">\n<div class=\"xu06os2 x1ok221b\">\n<div class=\"x11i5rnm xat24cr x1mh8g0r x1vvkbs xtlvy1s x126k92a\">\n<ul>\n<li dir=\"auto\"><strong><span style=\"color: #008080\">Alborecemos<\/span><\/strong> col cielu mui nuboso y xarabatos intermitentes y con unes temperatures que tan alrodiu de los 11\u00baC, rexistr\u00e1ndose nel puirtu Payares 4,3\u00baC<\/li>\n<\/ul>\n<\/div>\n<div class=\"x11i5rnm xat24cr x1mh8g0r x1vvkbs xtlvy1s x126k92a\">\n<ul>\n<li dir=\"auto\"><strong><span style=\"color: #008080\">G\u00fcei<\/span><\/strong> vamos tener xarabatos intermitentes que sedr\u00e1n m\u00e1s frecuentes, intensos ya persistentes na cordelera, sobre too na fastera oriental con una cota de nive qu&#8217;anicialmente va tar perriba de los 1900m pero con tendencia a baxar r\u00e1pidamente a los 1300m. L&#8217;aire de componente noroeste va soplar con raches fuertes en puntos del llitoral y zones altes de monta\u00f1a con unes temperatures en descensu moder\u00e1u. Tami\u00e9n tendremos temporal na mar con foles de m\u00e1s de 5m.<\/li>\n<\/ul>\n<p><!--more--><\/p>\n<\/div>\n<div class=\"x11i5rnm xat24cr x1mh8g0r x1vvkbs xtlvy1s x126k92a\">\n<ul>\n<li dir=\"auto\"><strong><span style=\"color: #008080\">Ma\u00f1ana domingu<\/span> <\/strong>van intensificase los xarabatos, sobre too en zones de monta\u00f1a de la fastera centru-oriental, onde puen ser persistentes y de calter fuerte, am\u00e1s la nieve surdir\u00e1 copiosamente perriba de los 900-1000m. Nel restu sedr\u00e1n menos intensos y m\u00e1s espaciaos. Les temperatures en descensu y l&#8217;aire seguir\u00e1 siendo fuerte en zones del llitoral y puntos altos de monta\u00f1a que mos dexar\u00e1 mui mala mar en too&#8217;l Cant\u00e1bricu.<\/li>\n<\/ul>\n<\/div>\n<div class=\"x11i5rnm xat24cr x1mh8g0r x1vvkbs xtlvy1s x126k92a\">\n<ul>\n<li dir=\"auto\"><strong><span style=\"color: #008080\">El llunes<\/span><\/strong> l&#8217;aire dir\u00e1 perdiendo fuercia y rolando a componente norte, faciendo que les precipitaciones s&#8217;intensifiquen nos valles y zones llanes, la nieve seguir\u00e1 cayendo copiosamente perriba de los 1000-1200m y les temperatures camudar\u00e1n poco.<\/li>\n<\/ul>\n<\/div>\n<div class=\"x11i5rnm xat24cr x1mh8g0r x1vvkbs xtlvy1s x126k92a\">\n<ul>\n<li dir=\"auto\"><strong><span style=\"color: #008080\">El martes<\/span><\/strong> seguiremos con una situaci\u00f3n mui asemeyada, sicas\u00ed l&#8217;aire va dir rolando a nord\u00e9s faciendo que baxen les temperatures, asina como la cota de nieve que rondar\u00e1 los 700-800m. Esti d\u00eda&#8217;l vientu amenorgar\u00e1 muncho favoreciendo los desplomes de la cota de nieve nos valles averaos a la cordelera ya que los xarabatos seyan estacionarios y duren m\u00e1s tiempu.<\/li>\n<\/ul>\n<\/div>\n<div class=\"x11i5rnm xat24cr x1mh8g0r x1vvkbs xtlvy1s x126k92a\">\n<ul>\n<li dir=\"auto\"><strong><span style=\"color: #008080\">El mi\u00e9rcoles<\/span><\/strong> dir\u00e1n remitiendo les precipitaciones y abri\u00e9ndose dellos claros o abancios pero con unes temperatures baxes que mos dexar\u00e1n un ambiente mui ivernal, xelando en munches zones antes de finar el d\u00eda.<\/li>\n<\/ul>\n<\/div>\n<div class=\"x11i5rnm xat24cr x1mh8g0r x1vvkbs xtlvy1s x126k92a\">\n<ul>\n<li dir=\"auto\"><strong><span style=\"color: #008080\">El xueves<\/span> <\/strong>va tar poco nuboso o escmpl\u00e1u con xelaes xeneralizaes en toa Asturies.<\/li>\n<\/ul>\n<\/div>\n<div class=\"x11i5rnm xat24cr x1mh8g0r x1vvkbs xtlvy1s x126k92a\">\n<ul>\n<li dir=\"auto\"><strong><span style=\"color: #008080\">Los siguientes d\u00edes<\/span><\/strong> tendremos intervalos nubosos y temperatures baxes pero esto y\u00e1 lu diremos viendo.<\/li>\n<\/ul>\n<\/div>\n<\/div>\n<\/div>\n<\/div>\n<\/div>\n<\/div>\n<\/div>\n<p>&nbsp;<\/p>\n","protected":false},"excerpt":{"rendered":"<p>\u00bb L&#8217;iviernu asoma la patina\u00bb El Tiempu n&#8217;Asturies. Alborecemos col cielu mui nuboso y xarabatos intermitentes y con unes temperatures que tan alrodiu de los 11\u00baC, rexistr\u00e1ndose nel puirtu Payares 4,3\u00baC G\u00fcei vamos tener xarabatos intermitentes que sedr\u00e1n m\u00e1s frecuentes, intensos ya persistentes na cordelera, sobre too na fastera oriental con una cota de nive [&hellip;]<\/p>\n","protected":false},"author":117,"featured_media":0,"comment_status":"open","ping_status":"open","sticky":false,"template":"","format":"standard","meta":{"footnotes":""},"categories":[5],"tags":[],"class_list":["post-37314","post","type-post","status-publish","format-standard","hentry","category-tiempu"],"_links":{"self":[{"href":"https:\/\/edublog.educastur.es\/ixuxu\/wp-json\/wp\/v2\/posts\/37314","targetHints":{"allow":["GET"]}}],"collection":[{"href":"https:\/\/edublog.educastur.es\/ixuxu\/wp-json\/wp\/v2\/posts"}],"about":[{"href":"https:\/\/edublog.educastur.es\/ixuxu\/wp-json\/wp\/v2\/types\/post"}],"author":[{"embeddable":true,"href":"https:\/\/edublog.educastur.es\/ixuxu\/wp-json\/wp\/v2\/users\/117"}],"replies":[{"embeddable":true,"href":"https:\/\/edublog.educastur.es\/ixuxu\/wp-json\/wp\/v2\/comments?post=37314"}],"version-history":[{"count":1,"href":"https:\/\/edublog.educastur.es\/ixuxu\/wp-json\/wp\/v2\/posts\/37314\/revisions"}],"predecessor-version":[{"id":37315,"href":"https:\/\/edublog.educastur.es\/ixuxu\/wp-json\/wp\/v2\/posts\/37314\/revisions\/37315"}],"wp:attachment":[{"href":"https:\/\/edublog.educastur.es\/ixuxu\/wp-json\/wp\/v2\/media?parent=37314"}],"wp:term":[{"taxonomy":"category","embeddable":true,"href":"https:\/\/edublog.educastur.es\/ixuxu\/wp-json\/wp\/v2\/categories?post=37314"},{"taxonomy":"post_tag","embeddable":true,"href":"https:\/\/edublog.educastur.es\/ixuxu\/wp-json\/wp\/v2\/tags?post=37314"}],"curies":[{"name":"wp","href":"https:\/\/api.w.org\/{rel}","templated":true}]}}