{"id":3738,"date":"2021-02-03T10:00:22","date_gmt":"2021-02-03T08:00:22","guid":{"rendered":"https:\/\/edublog.educastur.es\/ixuxu\/?p=3738"},"modified":"2021-02-13T21:50:43","modified_gmt":"2021-02-13T19:50:43","slug":"afayen-a-un-nanocamaleon-el-reptil-mas-pequenu-del-mundu","status":"publish","type":"post","link":"https:\/\/edublog.educastur.es\/ixuxu\/2021\/02\/afayen-a-un-nanocamaleon-el-reptil-mas-pequenu-del-mundu\/","title":{"rendered":"Afayen a un nanocamale\u00f3n, el reptil m\u00e1s pequenu del mundu"},"content":{"rendered":"<p style=\"text-align: center\"><a href=\"https:\/\/dam.ngenespanol.com\/wp-content\/uploads\/2021\/02\/nanocamale%C3%B3n-nuevo.jpg\"><img loading=\"lazy\" decoding=\"async\" class=\"alignnone\" src=\"https:\/\/dam.ngenespanol.com\/wp-content\/uploads\/2021\/02\/nanocamale%C3%B3n-nuevo.jpg\" alt=\"\" width=\"800\" height=\"531\" \/><\/a><\/p>\n<ul>\n<li><a href=\"https:\/\/www.ngenespanol.com\/animales\/descubren-a-un-nanocamaleon-el-reptil-mas-pequeno-del-mundo\/?fbclid=IwAR2qhhw-mH4lvmvr7JimsQABHCfLbXI6VZ2CCSVYk1PPhSkqKdlk1Zf_Da0\">Fonte noticia: Andrea Fisher National G. Espa\u00f1ol<\/a><\/li>\n<\/ul>\n<p>Apenes del tama\u00f1u d&#8217;una grana de xirasol, afay\u00f3se un nuevu *nanocamale\u00f3n nes selves de Madagascar que podr\u00eda tar gravemente amenaci\u00e1u.<\/p>\n<p><!--more--><\/p>\n<p style=\"text-align: left\">Nes fondures de la selva norte de Madagascar, un equipu de bi\u00f3logos columbr\u00f3 la que podr\u00eda ser la especie de reptil m\u00e1s pequena en tol mundu. <strong>Escasamente del tama\u00f1u d&#8217;una grana de xirasol<\/strong>, el nanocamale\u00f3n quepe perfectamente na punta un furabollos (dedo gordo) humanu. Caf\u00e9, de g\u00fceyos tresmandaos y verdaderamente min\u00fasculu, l&#8217;afayu d&#8217;esti animal refundia lluz sobro l&#8217;entendimientu sobro la fauna d&#8217;esta isla africana.<\/p>\n<p style=\"text-align: center\">\n<img loading=\"lazy\" decoding=\"async\" class=\"alignnone size-full\" src=\"https:\/\/dam.ngenespanol.com\/wp-content\/uploads\/2021\/02\/nanocamale%C3%B3n-madagascar.jpg\" width=\"724\" height=\"483\" \/><\/p>\n<p style=\"text-align: center\"><em>Monte Fandriana Ambohitralanana, Madagascar. Semeya: Getty Images<\/em><\/p>\n<p>Public\u00e1u na revista cient\u00edfica Nature, el nome oficial d&#8217;esta especie ye Brookesia a\u00f1ada. Pol so tama\u00f1u, los cient\u00edficos encargaos del estudiu asumen que sobrevivi comiendo \u00e1caros y otros animales microsc\u00f3picos, que xeneralmente caza ente la campera de Madagascar.<\/p>\n<p>Esti afayu, lider\u00e1u pola herpet\u00f3loga malgax Andolalao Rakotoarison, reta les llendes que se cre\u00eden posibles del tama\u00f1u corporal de los animales vertebraos. Ablucada poles dimensiones del reptil, anunci\u00f3 nun comunic\u00e1u que \u201cA la primer vista, dimos cuenta de que yera un descubrimientu importante\u201d.<\/p>\n<p>Esto ye asina porque comparte toles caracter\u00edstiques b\u00e1siques de los sos pares m\u00e1s grandes: xuna #lengua proyectil pa cazar, la capacid\u00e1 de camuflase, y g\u00fceyos tresmandaos que pueden mirar 360\u00ba. S\u00e1bese, am\u00e1s, que s&#8217;alimenten mientres el d\u00eda, pa folgar ente la yerba africano mientres les nueches.<\/p>\n<p style=\"text-align: center\"><span style=\"color: #008080\"><strong>Un futuru difusu nanocamale\u00f3n<\/strong><\/span><\/p>\n<p style=\"text-align: center\"><a href=\"https:\/\/dam.ngenespanol.com\/wp-content\/uploads\/2021\/02\/nanocamale%C3%B3n.jpg\"><img loading=\"lazy\" decoding=\"async\" class=\"alignnone\" src=\"https:\/\/dam.ngenespanol.com\/wp-content\/uploads\/2021\/02\/nanocamale%C3%B3n.jpg\" alt=\"\" width=\"800\" height=\"531\" \/><\/a><\/p>\n<p style=\"text-align: center\"><em>Fotograf\u00eda: FRANK GLAW, ZOOLOGISCHE STAATSSAMMLUNG M\u00dcNCHEN<\/em><\/p>\n<p>Los estudios a cuenta de nanocamaleones daten de 2012. Casi xuna d\u00e9cada m\u00e1s tarde, nam\u00e1 se repararon en llaboratoriu un machu y xuna fema, polo que resulta dif\u00edcil xeneralizar con al respective de los dem\u00e1s exemplares disponibles. Sicas\u00ed, s\u00e1bese que les femes son de dimensiones mayores que los machos, un fen\u00f3menu denomin\u00e1u como dimorfismu sexual.<\/p>\n<p>Pa determinar qu\u00e9 tan vieyos son, los cient\u00edficos de Madagascar optaron por esaminar los xenitales de cada unu. Esto ye asina porque, cuando son m\u00e1s nuevos, los sos \u00f3rganos sexuales paecen globos llisos. Sicas\u00ed, conforme pasen los a\u00f1os y maurecen, se complexizan.<\/p>\n<p>Lamentablemente, el futuru del nanocamale\u00f3n ye difusu. Acordies con Rakotoarison, el monte onde ta&#8217;l so h\u00e1bitat natural ta afar\u00e1u casi por completu. Esta degradaci\u00f3n compromete *severamente la so subsistencia. Sicas\u00ed, la Uni\u00f3n Internacional pal Caltenimientu de la Naturaleza ta analizando los medios pa caltener los exemplares disponibles y consiguir \u00e1rees naturales protex\u00edes por que pueda vivir en llibert\u00e1.<\/p>\n","protected":false},"excerpt":{"rendered":"<p>Fonte noticia: Andrea Fisher National G. Espa\u00f1ol Apenes del tama\u00f1u d&#8217;una grana de xirasol, afay\u00f3se un nuevu *nanocamale\u00f3n nes selves de Madagascar que podr\u00eda tar gravemente amenaci\u00e1u.<\/p>\n","protected":false},"author":117,"featured_media":0,"comment_status":"open","ping_status":"open","sticky":false,"template":"","format":"standard","meta":{"footnotes":""},"categories":[4],"tags":[],"class_list":["post-3738","post","type-post","status-publish","format-standard","hentry","category-natura"],"_links":{"self":[{"href":"https:\/\/edublog.educastur.es\/ixuxu\/wp-json\/wp\/v2\/posts\/3738","targetHints":{"allow":["GET"]}}],"collection":[{"href":"https:\/\/edublog.educastur.es\/ixuxu\/wp-json\/wp\/v2\/posts"}],"about":[{"href":"https:\/\/edublog.educastur.es\/ixuxu\/wp-json\/wp\/v2\/types\/post"}],"author":[{"embeddable":true,"href":"https:\/\/edublog.educastur.es\/ixuxu\/wp-json\/wp\/v2\/users\/117"}],"replies":[{"embeddable":true,"href":"https:\/\/edublog.educastur.es\/ixuxu\/wp-json\/wp\/v2\/comments?post=3738"}],"version-history":[{"count":2,"href":"https:\/\/edublog.educastur.es\/ixuxu\/wp-json\/wp\/v2\/posts\/3738\/revisions"}],"predecessor-version":[{"id":3741,"href":"https:\/\/edublog.educastur.es\/ixuxu\/wp-json\/wp\/v2\/posts\/3738\/revisions\/3741"}],"wp:attachment":[{"href":"https:\/\/edublog.educastur.es\/ixuxu\/wp-json\/wp\/v2\/media?parent=3738"}],"wp:term":[{"taxonomy":"category","embeddable":true,"href":"https:\/\/edublog.educastur.es\/ixuxu\/wp-json\/wp\/v2\/categories?post=3738"},{"taxonomy":"post_tag","embeddable":true,"href":"https:\/\/edublog.educastur.es\/ixuxu\/wp-json\/wp\/v2\/tags?post=3738"}],"curies":[{"name":"wp","href":"https:\/\/api.w.org\/{rel}","templated":true}]}}