{"id":37413,"date":"2024-12-09T12:45:21","date_gmt":"2024-12-09T10:45:21","guid":{"rendered":"https:\/\/edublog.educastur.es\/ixuxu\/?p=37413"},"modified":"2024-12-09T12:58:14","modified_gmt":"2024-12-09T10:58:14","slug":"la-escuela-de-danza-lia-marcal-ritmu-nespana-duende-doru","status":"publish","type":"post","link":"https:\/\/edublog.educastur.es\/ixuxu\/2024\/12\/la-escuela-de-danza-lia-marcal-ritmu-nespana-duende-doru\/","title":{"rendered":"La Escuela de Danza L\u00eda marca&#8217;l ritmu n&#8217;Espa\u00f1a: \u00abDuende d&#8217;Oru\u00bb"},"content":{"rendered":"<ul>\n<li>Fonte: <a href=\"https:\/\/www.lne.es\/oviedo\/2024\/12\/09\/escuela-danza-lia-marca-ritmo-112442555.html?utm_source=facebook&amp;utm_medium=social&amp;utm_campaign=btn-share&amp;fbclid=IwY2xjawHDqIhleHRuA2FlbQIxMQABHXnuCCGkY_orZz_KhwjUfglEfQNDU37v-Aq8kAqAKdQDzDhhmfBqwMBJ_A_aem_P4QZx1KPsC9ePZ1tAU4WTg\">LNE<\/a> \/<\/li>\n<li>Escuela L\u00eda: <a href=\"https:\/\/www.instagram.com\/escueladedanzalia\/?hl=es\">Instagram<\/a> \/ <a href=\"https:\/\/l.instagram.com\/?u=http%3A%2F%2Fwww.escueladedanzalia.com%2F%3Ffbclid%3DPAZXh0bgNhZW0CMTEAAaY3GhCIwvYakjiE3RTIaaMcA2Ibe0hQtSPoQk7rS5rjzWbfMF1NDXqO1GI_aem_AoFd6lR-ccRPi1yxqV_hnA&amp;e=AT1HcpZHWqBOT9VrFQmUaaPxsRwW3is41lHYd8zJBZn2u1Dh25HOdfV7WTDake7_CUTbl2KFXKeoorDknEmCBZ1zohNl1w-m3RIPoysrRJQse4cYUAb0qg\"><strong>web<\/strong> <\/a>\/ <a href=\"https:\/\/www.facebook.com\/profile.php?id=1408232271&amp;ref=xav_ig_profile_web\">Facebook<\/a> \/<\/li>\n<\/ul>\n<p style=\"text-align: center\"><a href=\"https:\/\/estaticos-cdn.prensaiberica.es\/clip\/503af522-ea8c-4eca-b58e-703f81288d8e_16-9-aspect-ratio_default_0.webp\"><img loading=\"lazy\" decoding=\"async\" class=\"aligncenter size-large\" src=\"https:\/\/estaticos-cdn.prensaiberica.es\/clip\/503af522-ea8c-4eca-b58e-703f81288d8e_16-9-aspect-ratio_default_0.webp\" width=\"880\" height=\"495\" \/><\/a><\/p>\n<p>L&#8217;academia uvieina resulta escoyida como la meyor de too el pa\u00eds nos premios <span style=\"color: #800080\"><strong>\u00abDuende\u00bb<\/strong><\/span>. N&#8217;Uvi\u00e9u b\u00e1illase al son de la excelencia. La Escuela de Danza L\u00eda, allugada nel barriu de Pumar\u00edn, acaba de ser galardonada col<span style=\"color: #800080\"><strong> \u00abDuende d&#8217;Oru\u00bb<\/strong>, un prestixosu galard\u00f3n que la acredita como la meyor academia d&#8217;Espa\u00f1a dientro de la so disciplina,<strong>\u00a0la meyor d&#8217;ente les m\u00e1s de 700 qu&#8217;optaben al premiu.<\/strong><\/span><\/p>\n<p style=\"text-align: center\">\n<!-- iframe plugin v.6.0 wordpress.org\/plugins\/iframe\/ -->\n<iframe loading=\"lazy\" src=\"https:\/\/www.instagram.com\/reel\/DDRZ4A1siyy\/embed\" width=\"480\" height=\"640\" 0=\"\/iframe\" scrolling=\"yes\" class=\"iframe-class\" frameborder=\"0\"><\/iframe>\n<\/p>\n<p>Am\u00e1s, dos de les sos baillarines tami\u00e9n fueron reconoc\u00edes como los meyores del pa\u00eds na so categor\u00eda: <span style=\"color: #800080\"><strong>Liani Bou\u00f1oso<\/strong><\/span>, de 12 a\u00f1os, nel apart\u00e1u d&#8217;infantil, y Laura G\u00e1lvez, que tien 19, nel d&#8217;adultos.<\/p>\n<p><!--more--><\/p>\n<p><em>\u00abTamos bien contentes. Ye una reconocencia al trabayu diariu de los profesores y al de toles moces y mozos de la escuela\u00bb,<\/em> esplica L\u00eda Gonz\u00e1lez, que ye la directora.<\/p>\n<p>La ceremonia d&#8217;entrega de los premios \u00abDuende\u00bb tuvo llugar en Marbella el pas\u00e1u xueves.<strong><span style=\"color: #800080\"> L&#8217;academia uvieina foi escoyida la meyor d&#8217;ente les m\u00e1s de 700 qu&#8217;optaben al premiu.<\/span><\/strong> \u00abLos xueces p\u00e1sense tol a\u00f1u de provincia en provincia pa evaluar les escueles y hai xuna gala clasificatoria a la que se presenten solistes y tami\u00e9n coreograf\u00edes grupales. Dempu\u00e9s vanse superando fases y los xueces tomen les sos decisiones\u00bb, esplica L\u00eda Gonz\u00e1lez. <span style=\"color: #800080\">Tanto Liani Bouso\u00f1o como Laura G\u00e1lvez fueron escoy\u00edes como los meyores d&#8217;Espa\u00f1a na categor\u00eda de \u00abShow dancie\u00bb, xuna fusi\u00f3n d&#8217;estilos<\/span>. \u00abNel so casu entemecieron la danza coles acrobacies porque esi ye el fuerte de la nuesa escuela\u00bb.<\/p>\n<p>La escuela que tien m\u00e1s de 400 alumnos de toles edaes, <strong>tien un palmar\u00e9s apin\u00e1u de t\u00edtulos<\/strong>. Ente otros cunten con un tercer puestu nel Campeonatu del Mundu del 2015 y con tr\u00e9s campeonatos d&#8217;Europa. \u00abAgora tamos clasificaes pal Mundial de Serbia, pero esta disciplina nun tien subvenciones y nun sabemos si vamos poder allegar por motivos econ\u00f3micos\u00bb<\/p>\n","protected":false},"excerpt":{"rendered":"<p>Fonte: LNE \/ Escuela L\u00eda: Instagram \/ web \/ Facebook \/ L&#8217;academia uvieina resulta escoyida como la meyor de too el pa\u00eds nos premios \u00abDuende\u00bb. N&#8217;Uvi\u00e9u b\u00e1illase al son de la excelencia. La Escuela de Danza L\u00eda, allugada nel barriu de Pumar\u00edn, acaba de ser galardonada col \u00abDuende d&#8217;Oru\u00bb, un prestixosu galard\u00f3n que la acredita [&hellip;]<\/p>\n","protected":false},"author":117,"featured_media":0,"comment_status":"open","ping_status":"open","sticky":false,"template":"","format":"standard","meta":{"footnotes":""},"categories":[238,303],"tags":[],"class_list":["post-37413","post","type-post","status-publish","format-standard","hentry","category-baile","category-danza"],"_links":{"self":[{"href":"https:\/\/edublog.educastur.es\/ixuxu\/wp-json\/wp\/v2\/posts\/37413","targetHints":{"allow":["GET"]}}],"collection":[{"href":"https:\/\/edublog.educastur.es\/ixuxu\/wp-json\/wp\/v2\/posts"}],"about":[{"href":"https:\/\/edublog.educastur.es\/ixuxu\/wp-json\/wp\/v2\/types\/post"}],"author":[{"embeddable":true,"href":"https:\/\/edublog.educastur.es\/ixuxu\/wp-json\/wp\/v2\/users\/117"}],"replies":[{"embeddable":true,"href":"https:\/\/edublog.educastur.es\/ixuxu\/wp-json\/wp\/v2\/comments?post=37413"}],"version-history":[{"count":5,"href":"https:\/\/edublog.educastur.es\/ixuxu\/wp-json\/wp\/v2\/posts\/37413\/revisions"}],"predecessor-version":[{"id":37418,"href":"https:\/\/edublog.educastur.es\/ixuxu\/wp-json\/wp\/v2\/posts\/37413\/revisions\/37418"}],"wp:attachment":[{"href":"https:\/\/edublog.educastur.es\/ixuxu\/wp-json\/wp\/v2\/media?parent=37413"}],"wp:term":[{"taxonomy":"category","embeddable":true,"href":"https:\/\/edublog.educastur.es\/ixuxu\/wp-json\/wp\/v2\/categories?post=37413"},{"taxonomy":"post_tag","embeddable":true,"href":"https:\/\/edublog.educastur.es\/ixuxu\/wp-json\/wp\/v2\/tags?post=37413"}],"curies":[{"name":"wp","href":"https:\/\/api.w.org\/{rel}","templated":true}]}}