{"id":37434,"date":"2024-12-07T11:00:22","date_gmt":"2024-12-07T09:00:22","guid":{"rendered":"https:\/\/edublog.educastur.es\/ixuxu\/?p=37434"},"modified":"2024-12-09T13:41:03","modified_gmt":"2024-12-09T11:41:03","slug":"estrenu-el-senor-d-elos-anios-la-guerra-de-los-rohirrim","status":"publish","type":"post","link":"https:\/\/edublog.educastur.es\/ixuxu\/2024\/12\/estrenu-el-senor-d-elos-anios-la-guerra-de-los-rohirrim\/","title":{"rendered":"Estrenu: \u00abEl Se\u00f1or de los An\u00edos: La guerra de los Rohirrim\u00bb"},"content":{"rendered":"<ul>\n<li><span style=\"color: #008080\"><em>EL SE\u00d1OR DE LOS AN\u00cdOS: LA GUERRA DE LOS ROHIRRIM<\/em><\/span>:<a href=\"https:\/\/es.wikipedia.org\/wiki\/El_Se\u00f1or_de_los_Anillos:_la_Guerra_de_los_Rohirrim\"><strong> wiki<\/strong> <\/a>\/<\/li>\n<li><strong>Estrenu 5 d&#8217;avientu \/ <a href=\"https:\/\/www.cinesa.es\/blog-cinesa\/panoramica\/el-senor-de-los-anillos-2024\/\">Blogue CINESA<\/a> \/\u00a0<\/strong><\/li>\n<\/ul>\n<p style=\"text-align: center\"><a href=\"https:\/\/hips.hearstapps.com\/hmg-prod\/images\/el-senor-de-los-anillos-la-guerra-de-los-rohirrim-poster-67521b0873bed.jpg?resize=980:*\"><img loading=\"lazy\" decoding=\"async\" class=\"aligncenter \" src=\"https:\/\/hips.hearstapps.com\/hmg-prod\/images\/el-senor-de-los-anillos-la-guerra-de-los-rohirrim-poster-67521b0873bed.jpg?resize=980:*\" width=\"390\" height=\"585\" \/><\/a><\/p>\n<p>Un apolmonante espect\u00e1culu para cuntanos la hestoria nunca vista detr\u00e1s del Abilsu de Helm, la de la saga creada por J.R.R. Tolkien, pero agora en versi\u00f3n animada para prestu de los fans d&#8217;esta obra inmortal.<\/p>\n<p style=\"text-align: center\">\n<!-- iframe plugin v.6.0 wordpress.org\/plugins\/iframe\/ -->\n<iframe loading=\"lazy\" width=\"100%\" height=\"387\" src=\"https:\/\/www.youtube.com\/embed\/itetSB269IU\" title=\"EL SE\u00d1OR DE LOS ANILLOS: La guerra de los Rohirrim - TR\u00c1ILER CINESA\" frameborder=\"0\" allow=\"accelerometer; autoplay; clipboard-write; encrypted-media; gyroscope; picture-in-picture; web-share\" referrerpolicy=\"strict-origin-when-cross-origin\" 0=\"allowfullscreen\" 1=\"\/iframe\" scrolling=\"yes\" class=\"iframe-class\"><\/iframe>\n<\/p>\n<p>Esquiza la hestoria ensin cuntar\u00bb del Abilsu d&#8217;Helm, cientos d&#8217;a\u00f1os antes de la m\u00edtica batalla, y del so fundador, Helm Hammerhand, Rei de Rohan.<\/p>\n<p><!--more--><\/p>\n<p style=\"text-align: center\"><a href=\"https:\/\/hips.hearstapps.com\/hmg-prod\/images\/el-senor-de-los-anillos-rohirrim-6669b9108ea41.jpg?crop=1xw:1xh;center,top\"><img loading=\"lazy\" decoding=\"async\" class=\"aligncenter size-large\" src=\"https:\/\/hips.hearstapps.com\/hmg-prod\/images\/el-senor-de-los-anillos-rohirrim-6669b9108ea41.jpg?crop=1xw:1xh;center,top\" width=\"1200\" height=\"675\" \/><\/a><\/p>\n<p>La Guerra de los Rohirrim cunta la hestoria d&#8217;Helm \u00abMano de fierro\u00bb, un llexendariu rei de Rohan que tien de defendese d&#8217;un ex\u00e9rcitu de dunlendinos. Col tiempu, el so nome conviertese nel hom\u00f3nimu de la fortaleza del Abilsu d&#8217;Helm.<\/p>\n<p style=\"text-align: center\"><a href=\"https:\/\/hips.hearstapps.com\/hmg-prod\/images\/el-senor-de-los-anillos-la-guerra-de-los-rohirrim-67521b08283e3.jpg?crop=0.411xw:0.988xh;0.220xw,0&amp;resize=980:*\"><img loading=\"lazy\" decoding=\"async\" class=\"aligncenter \" src=\"https:\/\/hips.hearstapps.com\/hmg-prod\/images\/el-senor-de-los-anillos-la-guerra-de-los-rohirrim-67521b08283e3.jpg?crop=0.411xw:0.988xh;0.220xw,0&amp;resize=980:*\" width=\"575\" height=\"574\" \/><\/a><\/p>\n<p>&nbsp;<\/p>\n","protected":false},"excerpt":{"rendered":"<p>EL SE\u00d1OR DE LOS AN\u00cdOS: LA GUERRA DE LOS ROHIRRIM: wiki \/ Estrenu 5 d&#8217;avientu \/ Blogue CINESA \/\u00a0 Un apolmonante espect\u00e1culu para cuntanos la hestoria nunca vista detr\u00e1s del Abilsu de Helm, la de la saga creada por J.R.R. Tolkien, pero agora en versi\u00f3n animada para prestu de los fans d&#8217;esta obra inmortal. Esquiza [&hellip;]<\/p>\n","protected":false},"author":117,"featured_media":0,"comment_status":"open","ping_status":"open","sticky":false,"template":"","format":"standard","meta":{"footnotes":""},"categories":[299],"tags":[],"class_list":["post-37434","post","type-post","status-publish","format-standard","hentry","category-cine"],"_links":{"self":[{"href":"https:\/\/edublog.educastur.es\/ixuxu\/wp-json\/wp\/v2\/posts\/37434","targetHints":{"allow":["GET"]}}],"collection":[{"href":"https:\/\/edublog.educastur.es\/ixuxu\/wp-json\/wp\/v2\/posts"}],"about":[{"href":"https:\/\/edublog.educastur.es\/ixuxu\/wp-json\/wp\/v2\/types\/post"}],"author":[{"embeddable":true,"href":"https:\/\/edublog.educastur.es\/ixuxu\/wp-json\/wp\/v2\/users\/117"}],"replies":[{"embeddable":true,"href":"https:\/\/edublog.educastur.es\/ixuxu\/wp-json\/wp\/v2\/comments?post=37434"}],"version-history":[{"count":6,"href":"https:\/\/edublog.educastur.es\/ixuxu\/wp-json\/wp\/v2\/posts\/37434\/revisions"}],"predecessor-version":[{"id":37440,"href":"https:\/\/edublog.educastur.es\/ixuxu\/wp-json\/wp\/v2\/posts\/37434\/revisions\/37440"}],"wp:attachment":[{"href":"https:\/\/edublog.educastur.es\/ixuxu\/wp-json\/wp\/v2\/media?parent=37434"}],"wp:term":[{"taxonomy":"category","embeddable":true,"href":"https:\/\/edublog.educastur.es\/ixuxu\/wp-json\/wp\/v2\/categories?post=37434"},{"taxonomy":"post_tag","embeddable":true,"href":"https:\/\/edublog.educastur.es\/ixuxu\/wp-json\/wp\/v2\/tags?post=37434"}],"curies":[{"name":"wp","href":"https:\/\/api.w.org\/{rel}","templated":true}]}}