{"id":37476,"date":"2024-12-09T14:59:10","date_gmt":"2024-12-09T12:59:10","guid":{"rendered":"https:\/\/edublog.educastur.es\/ixuxu\/?p=37476"},"modified":"2024-12-09T22:02:08","modified_gmt":"2024-12-09T20:02:08","slug":"la-cultura-sidrera-ye-fonte-inspiracion-y-unu-de-los-motivos-mas-representaos-nel-arte","status":"publish","type":"post","link":"https:\/\/edublog.educastur.es\/ixuxu\/2024\/12\/la-cultura-sidrera-ye-fonte-inspiracion-y-unu-de-los-motivos-mas-representaos-nel-arte\/","title":{"rendered":"La cultura sidrera ye fonte inspiraci\u00f3n y unu de los motivos m\u00e1s representaos nel arte"},"content":{"rendered":"<ul>\n<li>Fonte: <a href=\"https:\/\/www.rtpa.es\/noticias-sociedad\/2024-12-08\/La-cultura-sidrera-es-fuente-inspiracion-y-uno-de-los-motivos-mas-representados-en-el-arte_111733642324.html?fbclid=IwY2xjawHEKzxleHRuA2FlbQIxMQABHfaQo-uuYsK0dgDVcU98ZpP2xDFzKSUTUIZujDWkSqS9WGn-2Nc_xVP-Fw_aem_tun_wetkbncRyyDxyxulSA\">RTPA \/ Videu<\/a><\/li>\n<\/ul>\n<p style=\"text-align: center\"><a href=\"https:\/\/www.rtpa.es\/fotos\/\/24\/12\/20241208162445_RTPA5903108.webp\"><img loading=\"lazy\" decoding=\"async\" class=\"aligncenter size-large\" src=\"https:\/\/www.rtpa.es\/fotos\/\/24\/12\/20241208162445_RTPA5903108.webp\" width=\"853\" height=\"480\" \/><\/a><\/p>\n<p><strong>La sidra ta presente nes artes pl\u00e1stiques, la lliteratura, y m\u00e1s apocay\u00e1, nel cine.<\/strong> La sidra, que trescala d&#8217;una manera tan fonda l&#8217;imaxinariu colectivu, va tener el so ecu nel mundu de les representaciones. Asina espl\u00edcalo Luis Benito Garc\u00eda, quien, am\u00e1s de ser el impulsor de la candidatura, foi tami\u00e9n uno de los comisarios de l&#8217;amuesa <strong>&#8216;Echando&#8217;<\/strong>, que s&#8217;espunxo l&#8217;a\u00f1u pas\u00e1u nel Mus\u00e9u de Belles Artes d&#8217;Asturies.<\/p>\n<p><!--more--><\/p>\n<p>En los escritores asturianos tami\u00e9n atopamos exemplos de la sidra nes sos obres. Como nes de Clar\u00edn, Palacio Vald\u00e9s, P\u00e9rez d&#8217;Ayala, Riera o Cam\u00edn, por citar dalgunos destaca <strong>Luis Benito Garc\u00eda, director de la C\u00e1tedra de la sidra de la Universid\u00e1 d&#8217;Uvi\u00e9u.<\/strong><\/p>\n<p>La sidra sigui\u00f3 siendo un motivu. Afit\u00e1monos agora nel cine. Ell\u00ed atopamos unu de los \u00faltimos exemplos na pel\u00edcula La Gran Mazana presentada nesta edici\u00f3n del Festival Internacional de Cine de Xix\u00f3n apunta David de la Cruz, director de &#8216;La gran mazana&#8217;.<\/p>\n<p>La sidra asturiano ye una de les principales se\u00f1es d&#8217;identid\u00e1, polo que sigue xenerando gran cantid\u00e1 de manifestaciones art\u00edstiques.<\/p>\n","protected":false},"excerpt":{"rendered":"<p>Fonte: RTPA \/ Videu La sidra ta presente nes artes pl\u00e1stiques, la lliteratura, y m\u00e1s apocay\u00e1, nel cine. La sidra, que trescala d&#8217;una manera tan fonda l&#8217;imaxinariu colectivu, va tener el so ecu nel mundu de les representaciones. Asina espl\u00edcalo Luis Benito Garc\u00eda, quien, am\u00e1s de ser el impulsor de la candidatura, foi tami\u00e9n uno [&hellip;]<\/p>\n","protected":false},"author":117,"featured_media":0,"comment_status":"open","ping_status":"open","sticky":false,"template":"","format":"standard","meta":{"footnotes":""},"categories":[89,59,156],"tags":[],"class_list":["post-37476","post","type-post","status-publish","format-standard","hentry","category-arte","category-rtpa","category-sidre"],"_links":{"self":[{"href":"https:\/\/edublog.educastur.es\/ixuxu\/wp-json\/wp\/v2\/posts\/37476","targetHints":{"allow":["GET"]}}],"collection":[{"href":"https:\/\/edublog.educastur.es\/ixuxu\/wp-json\/wp\/v2\/posts"}],"about":[{"href":"https:\/\/edublog.educastur.es\/ixuxu\/wp-json\/wp\/v2\/types\/post"}],"author":[{"embeddable":true,"href":"https:\/\/edublog.educastur.es\/ixuxu\/wp-json\/wp\/v2\/users\/117"}],"replies":[{"embeddable":true,"href":"https:\/\/edublog.educastur.es\/ixuxu\/wp-json\/wp\/v2\/comments?post=37476"}],"version-history":[{"count":2,"href":"https:\/\/edublog.educastur.es\/ixuxu\/wp-json\/wp\/v2\/posts\/37476\/revisions"}],"predecessor-version":[{"id":37478,"href":"https:\/\/edublog.educastur.es\/ixuxu\/wp-json\/wp\/v2\/posts\/37476\/revisions\/37478"}],"wp:attachment":[{"href":"https:\/\/edublog.educastur.es\/ixuxu\/wp-json\/wp\/v2\/media?parent=37476"}],"wp:term":[{"taxonomy":"category","embeddable":true,"href":"https:\/\/edublog.educastur.es\/ixuxu\/wp-json\/wp\/v2\/categories?post=37476"},{"taxonomy":"post_tag","embeddable":true,"href":"https:\/\/edublog.educastur.es\/ixuxu\/wp-json\/wp\/v2\/tags?post=37476"}],"curies":[{"name":"wp","href":"https:\/\/api.w.org\/{rel}","templated":true}]}}