{"id":37485,"date":"2024-12-09T22:15:02","date_gmt":"2024-12-09T20:15:02","guid":{"rendered":"https:\/\/edublog.educastur.es\/ixuxu\/?p=37485"},"modified":"2024-12-09T22:19:02","modified_gmt":"2024-12-09T20:19:02","slug":"llega-la-borrasca-darragh-al-pie-de-una-dana-nespana","status":"publish","type":"post","link":"https:\/\/edublog.educastur.es\/ixuxu\/2024\/12\/llega-la-borrasca-darragh-al-pie-de-una-dana-nespana\/","title":{"rendered":"Llega la borrasca Darragh al pie de una DANA n&#8217;Espa\u00f1a"},"content":{"rendered":"<p><strong>Llega la borrasca o\u00a0 umbada Darragh al pie de una DANA n&#8217;Espa\u00f1a<\/strong>: Aemet sollerta por 120 l\/m2 d&#8217;agua y hasta -10\u00baC nestes zones. <a href=\"https:\/\/www.elespanol.com\/ciencia\/meteorologia\/20241209\/llega-borrasca-darragh-junto-dana-espana-aemet-alerta-lm2-lluvia-zonas\/907409326_0.html?fbclid=IwY2xjawHELnRleHRuA2FlbQIxMQABHbngfA3QLfGVRlFGb1HH7W1l1zId8Brd76PkIGG6aA5vc8-w1OkcFwRRDg_aem_k8z9XxX8RDW3pWazWO4x5Q\">Fonte: El Espa\u00f1ol\u00a0<\/a><\/p>\n<p style=\"text-align: center\"><a href=\"https:\/\/s1.elespanol.com\/2024\/12\/09\/ciencia\/meteorologia\/907419384_251517878_1706x960.png\"><img loading=\"lazy\" decoding=\"async\" class=\"aligncenter size-large\" src=\"https:\/\/s1.elespanol.com\/2024\/12\/09\/ciencia\/meteorologia\/907419384_251517878_1706x960.png\" width=\"1706\" height=\"960\" \/><\/a><\/p>\n<p style=\"text-align: left\">Les temperatures van siguir baxando nos pr\u00f3ximos d\u00edes pola envernada iverniza, mientres l&#8217;<strong>Axencia Estatal de Meteorolox\u00eda (Aemet)<\/strong> caltien l&#8217;avisu color\u00e1u por <strong>nevaes nel norte d&#8217;Asturies<\/strong> y Castiella y Lli\u00f3n. Esto debe tantu a la profundizaci\u00f3n de la umbada Darragh sobro Europa central xunida al allugamientu d&#8217;un anticicl\u00f3n sobro l&#8217;Atl\u00e1nticu Norte, lo que favorez la entrada d&#8217;una masa d&#8217;aire \u00e1rtico sobro la Pen\u00ednsula y Baleares.<\/p>\n<p><!--more--><\/p>\n<div class=\"css-175oi2r r-18u37iz\">\n<div class=\"css-175oi2r r-1iusvr4 r-16y2uox r-1777fci\">\n<div class=\"css-175oi2r r-zl2h9q\">\n<div class=\"css-175oi2r r-k4xj1c r-18u37iz r-1wtj0ep\">\n<div class=\"css-175oi2r r-1d09ksm r-18u37iz r-1wbh5a2\">\n<div class=\"css-175oi2r r-1wbh5a2 r-dnmrzs r-1ny4l3l\">\n<div id=\"id__3ezf629sem2\" class=\"css-175oi2r r-1wbh5a2 r-dnmrzs r-1ny4l3l\" data-testid=\"User-Name\">\n<div class=\"css-175oi2r r-1awozwy r-18u37iz r-1wbh5a2 r-dnmrzs\">\n<div class=\"css-175oi2r r-1wbh5a2 r-dnmrzs\">\n<div class=\"css-175oi2r r-1awozwy r-18u37iz r-1wbh5a2 r-dnmrzs\">\n<ul>\n<li class=\"css-146c3p1 r-bcqeeo r-1ttztb7 r-qvutc0 r-37j5jr r-a023e6 r-rjixqe r-b88u0q r-1awozwy r-6koalj r-1udh08x r-3s2u2q r-1ddef8g\" dir=\"ltr\"><a href=\"https:\/\/x.com\/MeteoredES\"><span class=\"css-1jxf684 r-dnmrzs r-1udh08x r-3s2u2q r-bcqeeo r-1ttztb7 r-qvutc0 r-poiln3\"><span class=\"css-1jxf684 r-bcqeeo r-1ttztb7 r-qvutc0 r-poiln3\">Meteored | tiempo.com \/ <\/span><\/span>@MeteoredES<\/a> \/ <a href=\"https:\/\/x.com\/i\/status\/1865717142588358714\"><strong>VIDEU<\/strong><\/a><\/li>\n<\/ul>\n<\/div>\n<\/div>\n<\/div>\n<\/div>\n<\/div>\n<\/div>\n<div class=\"css-175oi2r r-1kkk96v\">\n<div class=\"css-175oi2r r-1awozwy r-18u37iz r-1cmwbt1 r-1wtj0ep\">\n<div class=\"css-175oi2r r-1awozwy r-6koalj r-18u37iz\">\n<div class=\"css-175oi2r\">\n<div class=\"css-175oi2r r-18u37iz r-1h0z5md\">\n<div class=\"css-146c3p1 r-bcqeeo r-1ttztb7 r-qvutc0 r-37j5jr r-a023e6 r-rjixqe r-16dba41 r-1awozwy r-6koalj r-1h0z5md r-o7ynqc r-clp7b1 r-3s2u2q\" dir=\"ltr\">\n<div class=\"css-175oi2r r-xoduu5 r-1p0dtai r-1d2f490 r-u8s1d r-zchlnj r-ipm5af r-1niwhzg r-sdzlij r-xf4iuw r-o7ynqc r-6416eg r-1ny4l3l\" style=\"text-align: center\"><a href=\"https:\/\/services.meteored.com\/img\/article\/el-tiempo-en-espana-durante-la-semana-que-viene-1733655058255_1024.png\"><img loading=\"lazy\" decoding=\"async\" class=\"aligncenter size-large\" src=\"https:\/\/services.meteored.com\/img\/article\/el-tiempo-en-espana-durante-la-semana-que-viene-1733655058255_1024.png\" width=\"1024\" height=\"723\" \/><\/a><\/div>\n<\/div>\n<\/div>\n<\/div>\n<\/div>\n<\/div>\n<\/div>\n<\/div>\n<\/div>\n<\/div>\n<\/div>\n<div class=\"css-175oi2r\">\n<div class=\"css-175oi2r\">\n<div class=\"css-175oi2r r-1s2bzr4\">\n<div dir=\"auto\" lang=\"es\" data-testid=\"tweetText\"><\/div>\n<div id=\"id__1y5xi039vr2\" class=\"css-146c3p1 r-bcqeeo r-1ttztb7 r-qvutc0 r-37j5jr r-1inkyih r-16dba41 r-bnwqim r-135wba7\" dir=\"auto\" lang=\"es\" data-testid=\"tweetText\"><span class=\"css-1jxf684 r-bcqeeo r-1ttztb7 r-qvutc0 r-poiln3\">Nos pr\u00f3ximos d\u00edes llegar\u00e1n varies danas a <\/span><span class=\"r-18u37iz\"><a class=\"css-1jxf684 r-bcqeeo r-1ttztb7 r-qvutc0 r-poiln3 r-1loqt21\" dir=\"ltr\" role=\"link\" href=\"https:\/\/x.com\/hashtag\/Espa%C3%B1a?src=hashtag_click\">#Espa\u00f1a<\/a><\/span><span class=\"css-1jxf684 r-bcqeeo r-1ttztb7 r-qvutc0 r-poiln3\">: les lluvias <\/span><span class=\"css-1jxf684 r-bcqeeo r-1ttztb7 r-qvutc0 r-poiln3\">\u00a0y nevaes afectar\u00e1n a m\u00e1s zones, y mantendrase&#8217;l ambiente ivernizu. <\/span><span class=\"css-1jxf684 r-bcqeeo r-1ttztb7 r-qvutc0 r-poiln3\">. <\/span><span class=\"css-1jxf684 r-bcqeeo r-1ttztb7 r-qvutc0 r-poiln3\">\u00a0Equ\u00ed el an\u00e1lisis de <a class=\"css-1jxf684 r-bcqeeo r-1ttztb7 r-qvutc0 r-poiln3 r-1loqt21\" dir=\"ltr\" role=\"link\" href=\"https:\/\/x.com\/DuncanWingen\">@DuncanWingen<\/a><\/span><span class=\"css-1jxf684 r-bcqeeo r-1ttztb7 r-qvutc0 r-poiln3\">\/ <\/span><a class=\"css-1jxf684 r-bcqeeo r-1ttztb7 r-qvutc0 r-poiln3 r-1loqt21\" dir=\"ltr\" role=\"link\" href=\"https:\/\/t.co\/jDyb8PtEFF\" target=\"_blank\" rel=\"noopener noreferrer nofollow\"><span class=\"css-1jxf684 r-bcqeeo r-1ttztb7 r-qvutc0 r-poiln3 r-qlhcfr r-qvk6io\" aria-hidden=\"true\">https:\/\/<\/span>s.mtrbio.com\/tghwxfzvnt<\/a><\/div>\n<\/div>\n<\/div>\n<div class=\"css-175oi2r\">\n<div id=\"id__4t43t538pc6\" class=\"css-175oi2r r-9aw3ui r-1s2bzr4\" aria-labelledby=\"id__c5vo5lyec5 id__7roilrjtqyg\">\n<div class=\"css-175oi2r r-9aw3ui\">\n<div class=\"css-175oi2r\">\n<div class=\"css-175oi2r\">\n<div class=\"css-175oi2r r-1kqtdi0 r-1phboty r-rs99b7 r-1867qdf r-1udh08x r-o7ynqc r-6416eg r-1ny4l3l\">\n<div class=\"css-175oi2r\">\n<div class=\"css-175oi2r r-1pi2tsx\" data-testid=\"tweetPhoto\">\n<div class=\"css-175oi2r\">\n<div class=\"css-175oi2r r-1adg3ll r-1udh08x\"><\/div>\n<\/div>\n<\/div>\n<\/div>\n<\/div>\n<\/div>\n<\/div>\n<\/div>\n<\/div>\n<\/div>\n<\/div>\n","protected":false},"excerpt":{"rendered":"<p>Llega la borrasca o\u00a0 umbada Darragh al pie de una DANA n&#8217;Espa\u00f1a: Aemet sollerta por 120 l\/m2 d&#8217;agua y hasta -10\u00baC nestes zones. Fonte: El Espa\u00f1ol\u00a0 Les temperatures van siguir baxando nos pr\u00f3ximos d\u00edes pola envernada iverniza, mientres l&#8217;Axencia Estatal de Meteorolox\u00eda (Aemet) caltien l&#8217;avisu color\u00e1u por nevaes nel norte d&#8217;Asturies y Castiella y Lli\u00f3n. [&hellip;]<\/p>\n","protected":false},"author":117,"featured_media":0,"comment_status":"open","ping_status":"open","sticky":false,"template":"","format":"standard","meta":{"footnotes":""},"categories":[5],"tags":[],"class_list":["post-37485","post","type-post","status-publish","format-standard","hentry","category-tiempu"],"_links":{"self":[{"href":"https:\/\/edublog.educastur.es\/ixuxu\/wp-json\/wp\/v2\/posts\/37485","targetHints":{"allow":["GET"]}}],"collection":[{"href":"https:\/\/edublog.educastur.es\/ixuxu\/wp-json\/wp\/v2\/posts"}],"about":[{"href":"https:\/\/edublog.educastur.es\/ixuxu\/wp-json\/wp\/v2\/types\/post"}],"author":[{"embeddable":true,"href":"https:\/\/edublog.educastur.es\/ixuxu\/wp-json\/wp\/v2\/users\/117"}],"replies":[{"embeddable":true,"href":"https:\/\/edublog.educastur.es\/ixuxu\/wp-json\/wp\/v2\/comments?post=37485"}],"version-history":[{"count":3,"href":"https:\/\/edublog.educastur.es\/ixuxu\/wp-json\/wp\/v2\/posts\/37485\/revisions"}],"predecessor-version":[{"id":37488,"href":"https:\/\/edublog.educastur.es\/ixuxu\/wp-json\/wp\/v2\/posts\/37485\/revisions\/37488"}],"wp:attachment":[{"href":"https:\/\/edublog.educastur.es\/ixuxu\/wp-json\/wp\/v2\/media?parent=37485"}],"wp:term":[{"taxonomy":"category","embeddable":true,"href":"https:\/\/edublog.educastur.es\/ixuxu\/wp-json\/wp\/v2\/categories?post=37485"},{"taxonomy":"post_tag","embeddable":true,"href":"https:\/\/edublog.educastur.es\/ixuxu\/wp-json\/wp\/v2\/tags?post=37485"}],"curies":[{"name":"wp","href":"https:\/\/api.w.org\/{rel}","templated":true}]}}