{"id":37503,"date":"2024-12-10T08:30:21","date_gmt":"2024-12-10T06:30:21","guid":{"rendered":"https:\/\/edublog.educastur.es\/ixuxu\/?p=37503"},"modified":"2024-12-10T11:25:59","modified_gmt":"2024-12-10T09:25:59","slug":"ultima-hora-de-la-envernada-de-nieve-y-friu-nespana-asina-va-evolucionar","status":"publish","type":"post","link":"https:\/\/edublog.educastur.es\/ixuxu\/2024\/12\/ultima-hora-de-la-envernada-de-nieve-y-friu-nespana-asina-va-evolucionar\/","title":{"rendered":"\u00daltima hora de la envernada de nieve y fr\u00edu n&#8217;Espa\u00f1a: asina va evolucionar"},"content":{"rendered":"<ul>\n<li>Fonte: <a href=\"https:\/\/www.eltiempo.es\/noticias\/ultima-hora-temporal-de-nieve-frio-y-nieve-en-espana-asi-evolucionara?fbclid=IwY2xjawHE51JleHRuA2FlbQIxMQABHQpSDzjr8srUbImUnD0BiZHkcT-TCTeFr5hyC1B5c9lI-dpvYHPcu4KXXQ_aem_P4LTdwiUsuk3MWQPwbNnOA\">El Tiempo<\/a> \/<\/li>\n<\/ul>\n<p style=\"text-align: center\"><a href=\"https:\/\/cdns3.eltiempo.es\/eltiempo\/blog\/noticias\/2024\/12\/09102346\/N.intensidad_lunes-25-1024x576.jpg\"><img loading=\"lazy\" decoding=\"async\" class=\"aligncenter size-large\" src=\"https:\/\/cdns3.eltiempo.es\/eltiempo\/blog\/noticias\/2024\/12\/09102346\/N.intensidad_lunes-25-1024x576.jpg\" width=\"1024\" height=\"576\" \/><\/a><br \/>\nLes nevaes ent\u00e1 van ser intenses en delles zones de monte y hasta el mi\u00e9rcoles, el fr\u00edu va intensificase n&#8217;Espa\u00f1a.<\/p>\n<p><!--more--><\/p>\n<ul>\n<li>Esti llunes ent\u00e1 s&#8217;esperen ag\u00fces y nevaes moderaes en zones altes del norte peninsular, principalmente na Cant\u00e1brica. Tenemos avisos mariellos en tolos cordales del norte y centru peninsular.<\/li>\n<li><strong>Avisu mariellu por ag\u00fces n&#8217;Asturies<\/strong>, Cantabria, Pa\u00eds Vascu, Navarra, Catalu\u00f1a y Baleares.<\/li>\n<li>Tenemos avisos mariellos nos grandes cordales del norte y tami\u00e9n del centru peninsular.<\/li>\n<li>En Pirineos, el sistema Ib\u00e9ricu, toa&#8217;l cordal Cant\u00e1bricu y nel sistema Central, pueden atropase m\u00e1s de 5-15 cm a partir de los 700-1000 metros.<\/li>\n<\/ul>\n<p>\u00d1eve acumulada<\/p>\n<p><a href=\"https:\/\/lh7-rt.googleusercontent.com\/docsz\/AD_4nXcH0hm9CKBRmZukXCK2RVX--KfpeuRuahmQX_6xMlbyw0x4scPnQFO46FceYrM6O9nalIVP6_iOF1r7Vpa18cZGfWJOgVvEBa-JlUDu6_wcQdqFyA9MXMiZdKaqVK3WMv2Ovz32oA?key=das2GJSSKwHwfGxYoHi-rrNu\"><img loading=\"lazy\" decoding=\"async\" class=\"aligncenter size-large\" src=\"https:\/\/lh7-rt.googleusercontent.com\/docsz\/AD_4nXcH0hm9CKBRmZukXCK2RVX--KfpeuRuahmQX_6xMlbyw0x4scPnQFO46FceYrM6O9nalIVP6_iOF1r7Vpa18cZGfWJOgVvEBa-JlUDu6_wcQdqFyA9MXMiZdKaqVK3WMv2Ovz32oA?key=das2GJSSKwHwfGxYoHi-rrNu\" width=\"1600\" height=\"900\" \/><\/a><\/p>\n","protected":false},"excerpt":{"rendered":"<p>Fonte: El Tiempo \/ Les nevaes ent\u00e1 van ser intenses en delles zones de monte y hasta el mi\u00e9rcoles, el fr\u00edu va intensificase n&#8217;Espa\u00f1a.<\/p>\n","protected":false},"author":117,"featured_media":0,"comment_status":"open","ping_status":"open","sticky":false,"template":"","format":"standard","meta":{"footnotes":""},"categories":[5],"tags":[],"class_list":["post-37503","post","type-post","status-publish","format-standard","hentry","category-tiempu"],"_links":{"self":[{"href":"https:\/\/edublog.educastur.es\/ixuxu\/wp-json\/wp\/v2\/posts\/37503","targetHints":{"allow":["GET"]}}],"collection":[{"href":"https:\/\/edublog.educastur.es\/ixuxu\/wp-json\/wp\/v2\/posts"}],"about":[{"href":"https:\/\/edublog.educastur.es\/ixuxu\/wp-json\/wp\/v2\/types\/post"}],"author":[{"embeddable":true,"href":"https:\/\/edublog.educastur.es\/ixuxu\/wp-json\/wp\/v2\/users\/117"}],"replies":[{"embeddable":true,"href":"https:\/\/edublog.educastur.es\/ixuxu\/wp-json\/wp\/v2\/comments?post=37503"}],"version-history":[{"count":2,"href":"https:\/\/edublog.educastur.es\/ixuxu\/wp-json\/wp\/v2\/posts\/37503\/revisions"}],"predecessor-version":[{"id":37505,"href":"https:\/\/edublog.educastur.es\/ixuxu\/wp-json\/wp\/v2\/posts\/37503\/revisions\/37505"}],"wp:attachment":[{"href":"https:\/\/edublog.educastur.es\/ixuxu\/wp-json\/wp\/v2\/media?parent=37503"}],"wp:term":[{"taxonomy":"category","embeddable":true,"href":"https:\/\/edublog.educastur.es\/ixuxu\/wp-json\/wp\/v2\/categories?post=37503"},{"taxonomy":"post_tag","embeddable":true,"href":"https:\/\/edublog.educastur.es\/ixuxu\/wp-json\/wp\/v2\/tags?post=37503"}],"curies":[{"name":"wp","href":"https:\/\/api.w.org\/{rel}","templated":true}]}}