{"id":37506,"date":"2024-12-10T12:23:13","date_gmt":"2024-12-10T10:23:13","guid":{"rendered":"https:\/\/edublog.educastur.es\/ixuxu\/?p=37506"},"modified":"2024-12-10T12:23:13","modified_gmt":"2024-12-10T10:23:13","slug":"la-brecha-del-empleu-por-xeneru-dasturies-ye-la-mas-equitativa-despana","status":"publish","type":"post","link":"https:\/\/edublog.educastur.es\/ixuxu\/2024\/12\/la-brecha-del-empleu-por-xeneru-dasturies-ye-la-mas-equitativa-despana\/","title":{"rendered":"La brecha del empl\u00e9u por x\u00e9neru d&#8217;Asturies ye la m\u00e1s equitativa d&#8217;Espa\u00f1a\u00a0"},"content":{"rendered":"<p style=\"text-align: center\"><a href=\"https:\/\/img.lavdg.com\/sc\/8pZE8foEJR6k8_p3_UXf0CfSB8Q=\/768x\/2024\/12\/03\/00121733243001137536808\/Foto\/equi.jpg\"><img loading=\"lazy\" decoding=\"async\" class=\"aligncenter size-large\" src=\"https:\/\/img.lavdg.com\/sc\/8pZE8foEJR6k8_p3_UXf0CfSB8Q=\/768x\/2024\/12\/03\/00121733243001137536808\/Foto\/equi.jpg\" width=\"768\" height=\"411\" \/><\/a><\/p>\n<p>La brecha o fienda del empl\u00e9u por x\u00e9neru d&#8217;Asturies ye la m\u00e1s equitativa d&#8217;Espa\u00f1a. La distancia na tasa d&#8217;ocupaci\u00f3n d&#8217;homes y muyeres nel Princip\u00e1u ye asemey\u00e1u a los pa\u00edses n\u00f3rdicos.<\/p>\n<ul>\n<li>Fonte:<a href=\"https:\/\/www.lavozdeasturias.es\/noticia\/asturias\/2024\/12\/03\/brecha-genero-asturias-nordicos\/00031733239492345463465.htm?fbclid=IwY2xjawHE9HZleHRuA2FlbQIxMQABHe99zwlgas9yjgl3rVELhcwPtKMEBoCjHE5YaP40A2QZLs8b3YXssUroCg_aem_hcZnv_pfZKWAVXa2KOE7zA\"> La Voz<\/a> \/<\/li>\n<\/ul>\n<p><!--more--><\/p>\n<p>Mientres a\u00f1os, Asturies destac\u00f3 como la comunid\u00e1 con mayor fienda de x\u00e9neru nos sueldos, ye dicir que la media salarial de les muyeres difier enforma de la media masculina n&#8217;Asturies, y<strong> ye esencialmente porque&#8217;l sector industrial tien meyores convenios y ta bien masculinizado ente que sectores de servicios, como la llimpieza, t\u00e1n bien feminizados y son bien precarios.<\/strong> Pero al empar, Asturies ye la comunid\u00e1 que tien la situaci\u00f3n de mayor iguald\u00e1, casi una equid\u00e1 plena, nel porcentaxe d&#8217;homes y muyeres que tien empl\u00e9u.<\/p>\n<p>La situaci\u00f3n d&#8217;atopar trabayu o tar nel paru ye pr\u00e1cticamente igual para homes y muyeres n&#8217;Asturies, destaca non y\u00e1 respectu al restu de la pen\u00ednsula, la <strong>tasa equitativa del Princip\u00e1u ta al nivel de los pa\u00edses n\u00f3rdicos, les sociedaes escandinaves, les m\u00e1s igualitaries d&#8217;Europa.<\/strong> Asina lo revelen los datos d&#8217;Eurostat. Nellos ind\u00edcase que la tasa d&#8217;empl\u00e9u de los asturianos ye del 68,3% y la de les asturianes ye del 63,5%, la diferencia ye d&#8217;apenes 5 puntos.<\/p>\n<p>Magar tener un gran pesu de la economia de servicios, esa brecha o fienda de x\u00e9neru nel empl\u00e9u ye tami\u00e9n mayor que l&#8217;asturiana en comunidaes como Madrid (79% homes y 71% muyeres) o Catalu\u00f1a (78% homes y 71% muyeres).<\/p>\n<p><strong>Asturies tien una tasa d&#8217;ocupaci\u00f3n menor qu&#8217;otres comunidaes<\/strong>, en parte <strong>porque un ampliu porcentaxe de la so poblaci\u00f3n ye bien mayor, ye un territoriu bien aviey\u00e1u<\/strong> y, sicas\u00ed, esto deriv\u00f3 n&#8217;una fienda de x\u00e9neru nel empl\u00e9u \u00fanica na pen\u00ednsula por ser la menor.<\/p>\n","protected":false},"excerpt":{"rendered":"<p>La brecha o fienda del empl\u00e9u por x\u00e9neru d&#8217;Asturies ye la m\u00e1s equitativa d&#8217;Espa\u00f1a. La distancia na tasa d&#8217;ocupaci\u00f3n d&#8217;homes y muyeres nel Princip\u00e1u ye asemey\u00e1u a los pa\u00edses n\u00f3rdicos. Fonte: La Voz \/<\/p>\n","protected":false},"author":117,"featured_media":0,"comment_status":"open","ping_status":"open","sticky":false,"template":"","format":"standard","meta":{"footnotes":""},"categories":[271],"tags":[],"class_list":["post-37506","post","type-post","status-publish","format-standard","hentry","category-economia"],"_links":{"self":[{"href":"https:\/\/edublog.educastur.es\/ixuxu\/wp-json\/wp\/v2\/posts\/37506","targetHints":{"allow":["GET"]}}],"collection":[{"href":"https:\/\/edublog.educastur.es\/ixuxu\/wp-json\/wp\/v2\/posts"}],"about":[{"href":"https:\/\/edublog.educastur.es\/ixuxu\/wp-json\/wp\/v2\/types\/post"}],"author":[{"embeddable":true,"href":"https:\/\/edublog.educastur.es\/ixuxu\/wp-json\/wp\/v2\/users\/117"}],"replies":[{"embeddable":true,"href":"https:\/\/edublog.educastur.es\/ixuxu\/wp-json\/wp\/v2\/comments?post=37506"}],"version-history":[{"count":1,"href":"https:\/\/edublog.educastur.es\/ixuxu\/wp-json\/wp\/v2\/posts\/37506\/revisions"}],"predecessor-version":[{"id":37511,"href":"https:\/\/edublog.educastur.es\/ixuxu\/wp-json\/wp\/v2\/posts\/37506\/revisions\/37511"}],"wp:attachment":[{"href":"https:\/\/edublog.educastur.es\/ixuxu\/wp-json\/wp\/v2\/media?parent=37506"}],"wp:term":[{"taxonomy":"category","embeddable":true,"href":"https:\/\/edublog.educastur.es\/ixuxu\/wp-json\/wp\/v2\/categories?post=37506"},{"taxonomy":"post_tag","embeddable":true,"href":"https:\/\/edublog.educastur.es\/ixuxu\/wp-json\/wp\/v2\/tags?post=37506"}],"curies":[{"name":"wp","href":"https:\/\/api.w.org\/{rel}","templated":true}]}}