{"id":37507,"date":"2024-12-10T09:00:13","date_gmt":"2024-12-10T07:00:13","guid":{"rendered":"https:\/\/edublog.educastur.es\/ixuxu\/?p=37507"},"modified":"2024-12-10T11:56:27","modified_gmt":"2024-12-10T09:56:27","slug":"asturies-dexa-atras-lavisu-colorau-por-nieve","status":"publish","type":"post","link":"https:\/\/edublog.educastur.es\/ixuxu\/2024\/12\/asturies-dexa-atras-lavisu-colorau-por-nieve\/","title":{"rendered":"Asturies dexa atr\u00e1s l&#8217;avisu color\u00e1u por nieve"},"content":{"rendered":"<div class=\"padding-t-35\">\n<p class=\"font-size-xxl margin-b-5 font-weight-b color-b-050 letter-spacing--1 fuente-corporativa\">Asturies dexa atr\u00e1s l&#8217;avisu color\u00e1u por nieve al meyorar les condiciones meteorol\u00f3xiques. En Somiedu rexistr\u00f3 la temperatura m\u00ednima d&#8217;Asturies, 6,2 graos baxo cero.<\/p>\n<ul>\n<li>Fonte: <a href=\"https:\/\/www.rtpa.es\/noticias-asturias-ast\/2024-12-09\/Asturies-dexa-atras-l'avisu-colorau-por-nieve-al-meyorar-les-condiciones-meteoroloxiques_111733728090.html\">RTPA<\/a> \/<\/li>\n<\/ul>\n<p style=\"text-align: center\"><a href=\"https:\/\/www.rtpa.es\/fotos\/\/24\/12\/20241209081127_RTPA5919559.webp\"><img loading=\"lazy\" decoding=\"async\" class=\"aligncenter size-large\" src=\"https:\/\/www.rtpa.es\/fotos\/\/24\/12\/20241209081127_RTPA5919559.webp\" width=\"853\" height=\"480\" \/><\/a><\/p>\n<p>La meyora de les condiciones meteorol\u00f3xiques pela ma\u00f1ana llevaron a desactivar l&#8217;avisu color\u00e1u (riesgu estremu) que dende&#8217;l domingu taba activa por fuertes nevaes nos Picos d&#8217;Europa y el cordal cant\u00e1bricu, anque se calti\u00e9n l&#8217;avisu mariellu pa estes zones y el suroccidente del Princip\u00e1u.<\/p>\n<p>&nbsp;<\/p>\n<\/div>\n<p><!--more--><\/p>\n<div id=\"noticiacompleta\" class=\"parragraph-padding font-c-conent\">\n<p>L&#8217;<strong>Axencia Estatal de Meteorolox\u00eda (Aemet)<\/strong> espera que nes pr\u00f3ximes hores siga nevando en cotes asitiaes percima de los 1.000 metros, pero con acumuladures de nieve de cinco cent\u00edmetros, llo\u00f1e de los 40 que llevaron ayeri a decretar l&#8217;alerta colorada en Picos y el Cordal.<\/p>\n<p>L&#8217;avisu nestes contornes va caltenese activa hasta la madrugada del martes, mientres que na contorna suroccidental, onde puen algamase espesures de diez cent\u00edmetros en 24 hores, l&#8217;avisu mariellu va desactivase a medianueche.<\/p>\n<\/div>\n","protected":false},"excerpt":{"rendered":"<p>Asturies dexa atr\u00e1s l&#8217;avisu color\u00e1u por nieve al meyorar les condiciones meteorol\u00f3xiques. En Somiedu rexistr\u00f3 la temperatura m\u00ednima d&#8217;Asturies, 6,2 graos baxo cero. Fonte: RTPA \/ La meyora de les condiciones meteorol\u00f3xiques pela ma\u00f1ana llevaron a desactivar l&#8217;avisu color\u00e1u (riesgu estremu) que dende&#8217;l domingu taba activa por fuertes nevaes nos Picos d&#8217;Europa y el cordal [&hellip;]<\/p>\n","protected":false},"author":117,"featured_media":0,"comment_status":"open","ping_status":"open","sticky":false,"template":"","format":"standard","meta":{"footnotes":""},"categories":[5],"tags":[],"class_list":["post-37507","post","type-post","status-publish","format-standard","hentry","category-tiempu"],"_links":{"self":[{"href":"https:\/\/edublog.educastur.es\/ixuxu\/wp-json\/wp\/v2\/posts\/37507","targetHints":{"allow":["GET"]}}],"collection":[{"href":"https:\/\/edublog.educastur.es\/ixuxu\/wp-json\/wp\/v2\/posts"}],"about":[{"href":"https:\/\/edublog.educastur.es\/ixuxu\/wp-json\/wp\/v2\/types\/post"}],"author":[{"embeddable":true,"href":"https:\/\/edublog.educastur.es\/ixuxu\/wp-json\/wp\/v2\/users\/117"}],"replies":[{"embeddable":true,"href":"https:\/\/edublog.educastur.es\/ixuxu\/wp-json\/wp\/v2\/comments?post=37507"}],"version-history":[{"count":3,"href":"https:\/\/edublog.educastur.es\/ixuxu\/wp-json\/wp\/v2\/posts\/37507\/revisions"}],"predecessor-version":[{"id":37510,"href":"https:\/\/edublog.educastur.es\/ixuxu\/wp-json\/wp\/v2\/posts\/37507\/revisions\/37510"}],"wp:attachment":[{"href":"https:\/\/edublog.educastur.es\/ixuxu\/wp-json\/wp\/v2\/media?parent=37507"}],"wp:term":[{"taxonomy":"category","embeddable":true,"href":"https:\/\/edublog.educastur.es\/ixuxu\/wp-json\/wp\/v2\/categories?post=37507"},{"taxonomy":"post_tag","embeddable":true,"href":"https:\/\/edublog.educastur.es\/ixuxu\/wp-json\/wp\/v2\/tags?post=37507"}],"curies":[{"name":"wp","href":"https:\/\/api.w.org\/{rel}","templated":true}]}}