{"id":37512,"date":"2024-12-10T10:00:09","date_gmt":"2024-12-10T08:00:09","guid":{"rendered":"https:\/\/edublog.educastur.es\/ixuxu\/?p=37512"},"modified":"2024-12-10T13:19:44","modified_gmt":"2024-12-10T11:19:44","slug":"dia-internacional-de-los-derechos-humanos","status":"publish","type":"post","link":"https:\/\/edublog.educastur.es\/ixuxu\/2024\/12\/dia-internacional-de-los-derechos-humanos\/","title":{"rendered":"D\u00eda Internacional de los Derechos Humanos"},"content":{"rendered":"<ul>\n<li>Fonte: <a href=\"https:\/\/actualidad.asturias.es\/-\/el-documental-no-habr%C3%A1-paz-sin-las-mujeres.-palestina-centrar%C3%A1-el-acto-institucional-del-d%C3%ADa-internacional-de-los-derechos-humanos?redirect=%2Fnoticias\">Actualid\u00e1 Asturies<\/a> \/<\/li>\n<\/ul>\n<p style=\"text-align: center\"><span style=\"text-decoration: underline;font-size: 24px\"><strong><em><span style=\"color: #800080;text-decoration: underline\">Nun va haber paz ensin les muyeres.<\/span><\/em><\/strong><\/span><\/p>\n<p style=\"text-align: center\"><a href=\"https:\/\/actualidad.asturias.es\/documents\/537115\/2271538\/AAC_DIDH2024_pantallageneral.jpg\/c5104757-99f1-8a14-27f1-f529e7760472?t=1733758289273\"><img loading=\"lazy\" decoding=\"async\" class=\"aligncenter \" src=\"https:\/\/actualidad.asturias.es\/documents\/537115\/2271538\/AAC_DIDH2024_pantallageneral.jpg\/c5104757-99f1-8a14-27f1-f529e7760472?t=1733758289273\" width=\"704\" height=\"396\" \/><\/a><\/p>\n<p>El documental &#8216;Nun va haber paz ensin les muyeres. Palestina&#8217; va centrar l&#8217;actu institucional del <strong>D\u00eda Internacional de los Derechos Humanos. <\/strong>L&#8217;eventu va tener llugar ma\u00f1ana, a les 18:30 nel palaciu Conde de Toreno, n&#8217;Uvi\u00e9u.\u00a0 La periodista Patricia Sim\u00f3n y el fotoperiodista Alex Zapico van presentar el reportaxe.<br \/>\n<!--more--><\/p>\n<p>El Gobiernu d&#8217;Asturies va celebrar ma\u00f1ana l&#8217;actu institucional del D\u00eda Internacional de los Derechos Humanos, qu&#8217;angua\u00f1o se centrar\u00e1 na campa\u00f1a <span style=\"text-decoration: underline\"><strong><em><span style=\"color: #800080;text-decoration: underline\">Nun va haber paz ensin les muyeres.<\/span><\/em><\/strong><\/span> Palestina, cola presentaci\u00f3n del documental produc\u00edu pola periodista Patricia Sim\u00f3n y el fotoperiodista Alex Zapico, que van participar nel eventu.<\/p>\n<p>L&#8217;actu va tener llugar\u00a0 a partir de les 18:30 hores, cola intervenci\u00f3n de la conseyera de Derechos Sociales y Bienestar, Marta del Arco, y la directora de l&#8217;Axencia Asturiana de Cooperaci\u00f3n al Desenvolvimientu Beatriz Coto. Coles mesmes, van intervenir\u00a0 dos de les protagonistes palestines protagonistes del documental.<\/p>\n<p>El Gobiernu d&#8217;Asturies y\u00e1 impuls\u00f3 en 2014 la campa\u00f1a <strong>Nun va haber ensin paz ensin les muyeres<\/strong>, que la so finalid\u00e1 yera recoyer el testimoniu de muyeres palestines ya israelines compromet\u00edes cola paz. Al travi\u00e9s d&#8217;entrevistes con muyeres palestines, se documentaron les f\u00f3rmules que desenvolvieren pa sobrevivir f\u00edsica y psicol\u00f3xicamente, construyir pontes d&#8217;entendimientu y faese oyer ente la opini\u00f3n p\u00fablica internacional. Tami\u00e9n participaron muyeres israelines defensores de los derechos humanos que trabayaben pola paz, pol derechu a un Est\u00e1u del pueblu palest\u00edn y por unes condiciones dignes de vida pa los sos habitantes.<\/p>\n<p>Diez a\u00f1os dempu\u00e9s, \u00e9nte la graved\u00e1 d&#8217;esta crisis humanitaria, la urxencia del altu al fueu y el respetu a dereches internacional humanitariu, am\u00e1s de les perdes irreparables na poblaci\u00f3n palestina y el personal humanitario,<strong> l&#8217;axencia recupera de nuevu esta iniciativa, dirixida a promover la cultura de paz.<\/strong><\/p>\n<p><strong>La campa\u00f1a tien un doble oxetivu<\/strong>: per un sitiu, sensibilizar a la socied\u00e1 asturiana sobro la vulneraci\u00f3n de los derechos humanos de les muyeres na Palestina ocupada y, por otru, amosar c\u00f3mo los conflictos afecten con mayor roxura a les muyeres y ne\u00f1es, y denunciar la so invisibilid\u00e1 nos procesos de paz.<\/p>\n<p style=\"text-align: center\"><a href=\"https:\/\/th.bing.com\/th?id=OIF.8e4s9GOo%2fYC33WTUqEcxzg&amp;rs=1&amp;pid=ImgDetMain\"><img loading=\"lazy\" decoding=\"async\" class=\"aligncenter size-large\" src=\"https:\/\/th.bing.com\/th?id=OIF.8e4s9GOo%2fYC33WTUqEcxzg&amp;rs=1&amp;pid=ImgDetMain\" width=\"474\" height=\"296\" \/><\/a><\/p>\n<p>&nbsp;<\/p>\n","protected":false},"excerpt":{"rendered":"<p>Fonte: Actualid\u00e1 Asturies \/ Nun va haber paz ensin les muyeres. El documental &#8216;Nun va haber paz ensin les muyeres. Palestina&#8217; va centrar l&#8217;actu institucional del D\u00eda Internacional de los Derechos Humanos. L&#8217;eventu va tener llugar ma\u00f1ana, a les 18:30 nel palaciu Conde de Toreno, n&#8217;Uvi\u00e9u.\u00a0 La periodista Patricia Sim\u00f3n y el fotoperiodista Alex Zapico [&hellip;]<\/p>\n","protected":false},"author":117,"featured_media":0,"comment_status":"open","ping_status":"open","sticky":false,"template":"","format":"standard","meta":{"footnotes":""},"categories":[6],"tags":[],"class_list":["post-37512","post","type-post","status-publish","format-standard","hentry","category-dia-de"],"_links":{"self":[{"href":"https:\/\/edublog.educastur.es\/ixuxu\/wp-json\/wp\/v2\/posts\/37512","targetHints":{"allow":["GET"]}}],"collection":[{"href":"https:\/\/edublog.educastur.es\/ixuxu\/wp-json\/wp\/v2\/posts"}],"about":[{"href":"https:\/\/edublog.educastur.es\/ixuxu\/wp-json\/wp\/v2\/types\/post"}],"author":[{"embeddable":true,"href":"https:\/\/edublog.educastur.es\/ixuxu\/wp-json\/wp\/v2\/users\/117"}],"replies":[{"embeddable":true,"href":"https:\/\/edublog.educastur.es\/ixuxu\/wp-json\/wp\/v2\/comments?post=37512"}],"version-history":[{"count":4,"href":"https:\/\/edublog.educastur.es\/ixuxu\/wp-json\/wp\/v2\/posts\/37512\/revisions"}],"predecessor-version":[{"id":37519,"href":"https:\/\/edublog.educastur.es\/ixuxu\/wp-json\/wp\/v2\/posts\/37512\/revisions\/37519"}],"wp:attachment":[{"href":"https:\/\/edublog.educastur.es\/ixuxu\/wp-json\/wp\/v2\/media?parent=37512"}],"wp:term":[{"taxonomy":"category","embeddable":true,"href":"https:\/\/edublog.educastur.es\/ixuxu\/wp-json\/wp\/v2\/categories?post=37512"},{"taxonomy":"post_tag","embeddable":true,"href":"https:\/\/edublog.educastur.es\/ixuxu\/wp-json\/wp\/v2\/tags?post=37512"}],"curies":[{"name":"wp","href":"https:\/\/api.w.org\/{rel}","templated":true}]}}