{"id":37524,"date":"2024-12-10T10:28:48","date_gmt":"2024-12-10T08:28:48","guid":{"rendered":"https:\/\/edublog.educastur.es\/ixuxu\/?p=37524"},"modified":"2024-12-10T13:35:27","modified_gmt":"2024-12-10T11:35:27","slug":"dia-internacional-de-los-derechos-de-los-animales","status":"publish","type":"post","link":"https:\/\/edublog.educastur.es\/ixuxu\/2024\/12\/dia-internacional-de-los-derechos-de-los-animales\/","title":{"rendered":"D\u00eda Internacional de los Derechos de los Animales."},"content":{"rendered":"<p style=\"text-align: center\"><a href=\"https:\/\/encrypted-tbn0.gstatic.com\/images?q=tbn:ANd9GcRCCEkoz7oiRkH66rkizyZ3MAAxCQXlNoGwJA&amp;s\"><img loading=\"lazy\" decoding=\"async\" class=\"aligncenter size-large\" src=\"https:\/\/encrypted-tbn0.gstatic.com\/images?q=tbn:ANd9GcRCCEkoz7oiRkH66rkizyZ3MAAxCQXlNoGwJA&amp;s\" width=\"369\" height=\"137\" \/><\/a><\/p>\n<p>El 10 d&#8217;avientu cel\u00e9brase esti d\u00eda con\u00a0actos en munches ciudaes del mundu <strong>para concenciar y cavilgar sobro&#8217;l respetu que se debe tener escontra tolos seres del planeta<\/strong>, dando asina valor a la famosa frase de Mahatma Gandhi cuando dixo qu&#8217;<strong>un pa\u00eds o civilizaci\u00f3n puede xulgase na forma na que traten a los sos animales.<\/strong><\/p>\n<p><!--more--><\/p>\n<p>Pero los animales non solo tienen el so d\u00eda internacional, sin\u00f3n que tami\u00e9n tienen una<span style=\"color: #008080\"><strong> Declaraci\u00f3n Universal de los Derechos de los Animales.\u00a0<\/strong><\/span>Foi la Lliga Internacional de los Derechos de los Animales la organizaci\u00f3n que proclam\u00f3&#8217;l 15 d&#8217;ochobre de 1978 la Declaraci\u00f3n Universal de los Derechos de los Animales. Sicas\u00ed ent\u00e1 queda muncho trabayu por que esta declaraci\u00f3n s\u00eda aceptada a nivel global.<\/p>\n<p>Los 14 art\u00edculos que conformen esta Declaraci\u00f3n Universal, pueden sintetizase en cuatro derechos b\u00e1sicos: <span style=\"color: #008080\"><strong>la vida, la llibert\u00e1, nun somete-y -yos a situaciones que-yos xeneren dolor, y nun consideralos propied\u00e1.<\/strong><\/span><\/p>\n<p>Sicas\u00ed estos derechos son violaos acald\u00eda en tol mundu. Los animales son consideraos como un meru recursu al serviciu del ser humanu, y ello ta aliment\u00e1u pol conceutu consumista de la nuesa socied\u00e1.<\/p>\n<p>Hai alternatives m\u00e1s \u00e9tiques de satisfaer les necesidaes alimentarias, de vestimienta, de sal\u00fa ya hixene ya inclusive d&#8217;ociu de los seres humanos. Y hai que xenerar un camb\u00e9u de conciencia pa consiguir que se respeten los derechos de los animales.<\/p>\n<p><strong><em><span style=\"color: #008080\">Numberamos delles coses que tu puedes faer pal bienestar animal:<\/span><\/em><\/strong><\/p>\n<ul>\n<li><em><span style=\"color: #008080\">Evitar no posible o amenorgar el consumu de carne.<\/span><\/em><\/li>\n<li><em><span style=\"color: #008080\">Evitar consumir g\u00fcevos procedentes de granxes onde los animales t\u00e1n atarraquitaos y en males condiciones.<\/span><\/em><\/li>\n<li><em><span style=\"color: #008080\">Evitar l&#8217;usu de prendes de piel procedente d&#8217;animales.<\/span><\/em><\/li>\n<li><em><span style=\"color: #008080\">Evitar l&#8217;usu de cosm\u00e9ticos y productos de maquillaxe que nun respeten el bienestar animal.<\/span><\/em><\/li>\n<li><em><span style=\"color: #008080\">Nun asistir a espect\u00e1culos que pongan en pr\u00e1ctica la crueld\u00e1 colos animales.<\/span><\/em><\/li>\n<li><em><span style=\"color: #008080\">Lluchar contra l&#8217;abandonu d&#8217;animales de compa\u00f1\u00eda.<\/span><\/em><\/li>\n<li><em><span style=\"color: #008080\">Nun mercar animales en tiendes sin\u00f3n optar pola adopci\u00f3n.\n<p><\/span><\/em><br \/>\n<strong><em><span style=\"color: #008080\">Oxetivos del Desenvolvimientu Sostenible pal bienestar animal:<\/span><\/em><\/strong><\/li>\n<li><em><span style=\"color: #008080\">El bienestar animal incluy\u00f3se nos Oxetivos del Desenvolvimientu Sostenible pa 2030<\/span><\/em><\/li>\n<li><em><span style=\"color: #008080\">La ONU dio un pasu importante nel sent\u00edu de la protecci\u00f3n animal, y\u00e1 que nos sos Oxetivos de Desenvolvimientu Sostenible pa 2030 da per primer vegada una posici\u00f3n relevante a esti asuntu.<\/span> <\/em><span style=\"color: #008080\">En concretu, l&#8217;oxetivu n\u00famberu 15 comprom\u00e9tese, ente otres coses, a protexer a les especies amenaciaes y poner fin a la caza furtiva y al tr\u00e1ficu d&#8217;especies protex\u00edes.<\/span><\/li>\n<\/ul>\n<p>En relaci\u00f3n a esta celebraci\u00f3n ye oblig\u00e1u mentar que&#8217;l D\u00eda Mundial de los Animales celebra&#8217;l 2 d&#8217;ochobre coles mires de frenar la estinci\u00f3n de munches especies a lo llargo y anchu del mundu.<\/p>\n","protected":false},"excerpt":{"rendered":"<p>El 10 d&#8217;avientu cel\u00e9brase esti d\u00eda con\u00a0actos en munches ciudaes del mundu para concenciar y cavilgar sobro&#8217;l respetu que se debe tener escontra tolos seres del planeta, dando asina valor a la famosa frase de Mahatma Gandhi cuando dixo qu&#8217;un pa\u00eds o civilizaci\u00f3n puede xulgase na forma na que traten a los sos animales.<\/p>\n","protected":false},"author":117,"featured_media":0,"comment_status":"open","ping_status":"open","sticky":false,"template":"","format":"standard","meta":{"footnotes":""},"categories":[6],"tags":[],"class_list":["post-37524","post","type-post","status-publish","format-standard","hentry","category-dia-de"],"_links":{"self":[{"href":"https:\/\/edublog.educastur.es\/ixuxu\/wp-json\/wp\/v2\/posts\/37524","targetHints":{"allow":["GET"]}}],"collection":[{"href":"https:\/\/edublog.educastur.es\/ixuxu\/wp-json\/wp\/v2\/posts"}],"about":[{"href":"https:\/\/edublog.educastur.es\/ixuxu\/wp-json\/wp\/v2\/types\/post"}],"author":[{"embeddable":true,"href":"https:\/\/edublog.educastur.es\/ixuxu\/wp-json\/wp\/v2\/users\/117"}],"replies":[{"embeddable":true,"href":"https:\/\/edublog.educastur.es\/ixuxu\/wp-json\/wp\/v2\/comments?post=37524"}],"version-history":[{"count":1,"href":"https:\/\/edublog.educastur.es\/ixuxu\/wp-json\/wp\/v2\/posts\/37524\/revisions"}],"predecessor-version":[{"id":37525,"href":"https:\/\/edublog.educastur.es\/ixuxu\/wp-json\/wp\/v2\/posts\/37524\/revisions\/37525"}],"wp:attachment":[{"href":"https:\/\/edublog.educastur.es\/ixuxu\/wp-json\/wp\/v2\/media?parent=37524"}],"wp:term":[{"taxonomy":"category","embeddable":true,"href":"https:\/\/edublog.educastur.es\/ixuxu\/wp-json\/wp\/v2\/categories?post=37524"},{"taxonomy":"post_tag","embeddable":true,"href":"https:\/\/edublog.educastur.es\/ixuxu\/wp-json\/wp\/v2\/tags?post=37524"}],"curies":[{"name":"wp","href":"https:\/\/api.w.org\/{rel}","templated":true}]}}