{"id":37528,"date":"2024-12-10T14:16:54","date_gmt":"2024-12-10T12:16:54","guid":{"rendered":"https:\/\/edublog.educastur.es\/ixuxu\/?p=37528"},"modified":"2024-12-10T14:25:33","modified_gmt":"2024-12-10T12:25:33","slug":"carla-una-nena-xixonesa-campeona-nacional-de-surf","status":"publish","type":"post","link":"https:\/\/edublog.educastur.es\/ixuxu\/2024\/12\/carla-una-nena-xixonesa-campeona-nacional-de-surf\/","title":{"rendered":"Carla, una ne\u00f1a xixonesa campeona nacional de surf"},"content":{"rendered":"<ul>\n<li>Fonte: <a href=\"https:\/\/www.lavozdeasturias.es\/noticia\/gijon\/2024\/12\/10\/carla-mendez-campeona-nacional-surf-poder-ganar-primero-perder-veces\/00031733819437028686454.htm?fbclid=IwY2xjawHFDzRleHRuA2FlbQIxMQABHU_4TzMXMW5cvQFnt_a-bt06A4u89MIAb5J4_vcucJXB_j7ncxcVcCmzWg_aem__EyFYyWhBkyhgfrbWfnYcQ\">La Voz<\/a> \/<a href=\"https:\/\/drive.google.com\/file\/d\/1xejUarGSsTOUDwWB1xwnbyk44yZdwt9z\/view\"> Pallabreu del Surf<\/a><\/li>\n<\/ul>\n<p style=\"text-align: center\">Carla M\u00e9ndez, campeona nacional de surf:<br \/>\n<em><span style=\"color: #008080\"><strong> \u00abPara poder ganar, primero hai que perder munches vegaes\u00bb.\u00a0<\/strong><br \/>\n<\/span><\/em><br \/>\n<a href=\"https:\/\/cflvdg.avoz.es\/sc\/dkmU2uI8s5EG-CO2kiTAx-JgC60=\/768x\/2024\/12\/03\/00121733242170383908381\/Foto\/2.png\"><img loading=\"lazy\" decoding=\"async\" class=\"aligncenter size-large\" src=\"https:\/\/cflvdg.avoz.es\/sc\/dkmU2uI8s5EG-CO2kiTAx-JgC60=\/768x\/2024\/12\/03\/00121733242170383908381\/Foto\/2.png\" width=\"768\" height=\"432\" \/><\/a><\/p>\n<p style=\"text-align: left\">La moza xixonesa, de 11 a\u00f1os, alz\u00f3se am\u00e1s colos t\u00edtulos del campeonatu d&#8217;Asturies y del circuitu nacional. Con tan solo 11 a\u00f1os, Carla M\u00e9ndez coron\u00f3&#8217;l campeonatu d&#8217;Espa\u00f1a na categor\u00eda sub 12 en Galicia. El so amor pol surf al pie de la so disciplina y la so dedicaci\u00f3n llevaron a la moza a llograr un palmar\u00e9s envidiable. A pesar de la so curtia ed\u00e1, <span style=\"color: #008080\"><strong>Carla sua\u00f1a a lo grande y espera dalg\u00fan d\u00eda poder convertise en deportista ol\u00edmpica.<\/strong><\/span><\/p>\n<p style=\"text-align: center\"><!--more--><\/p>\n\n<!-- iframe plugin v.6.0 wordpress.org\/plugins\/iframe\/ -->\n<iframe loading=\"lazy\" src=\"https:\/\/drive.google.com\/file\/d\/1xejUarGSsTOUDwWB1xwnbyk44yZdwt9z\/preview\" width=\"640\" height=\"480\" allow=\"autoplay\" 0=\"\/iframe\" scrolling=\"yes\" class=\"iframe-class\" frameborder=\"0\"><\/iframe>\n\n","protected":false},"excerpt":{"rendered":"<p>Fonte: La Voz \/ Pallabreu del Surf Carla M\u00e9ndez, campeona nacional de surf: \u00abPara poder ganar, primero hai que perder munches vegaes\u00bb.\u00a0 La moza xixonesa, de 11 a\u00f1os, alz\u00f3se am\u00e1s colos t\u00edtulos del campeonatu d&#8217;Asturies y del circuitu nacional. Con tan solo 11 a\u00f1os, Carla M\u00e9ndez coron\u00f3&#8217;l campeonatu d&#8217;Espa\u00f1a na categor\u00eda sub 12 en Galicia. [&hellip;]<\/p>\n","protected":false},"author":117,"featured_media":0,"comment_status":"open","ping_status":"open","sticky":false,"template":"","format":"standard","meta":{"footnotes":""},"categories":[133],"tags":[],"class_list":["post-37528","post","type-post","status-publish","format-standard","hentry","category-deportes"],"_links":{"self":[{"href":"https:\/\/edublog.educastur.es\/ixuxu\/wp-json\/wp\/v2\/posts\/37528","targetHints":{"allow":["GET"]}}],"collection":[{"href":"https:\/\/edublog.educastur.es\/ixuxu\/wp-json\/wp\/v2\/posts"}],"about":[{"href":"https:\/\/edublog.educastur.es\/ixuxu\/wp-json\/wp\/v2\/types\/post"}],"author":[{"embeddable":true,"href":"https:\/\/edublog.educastur.es\/ixuxu\/wp-json\/wp\/v2\/users\/117"}],"replies":[{"embeddable":true,"href":"https:\/\/edublog.educastur.es\/ixuxu\/wp-json\/wp\/v2\/comments?post=37528"}],"version-history":[{"count":2,"href":"https:\/\/edublog.educastur.es\/ixuxu\/wp-json\/wp\/v2\/posts\/37528\/revisions"}],"predecessor-version":[{"id":37532,"href":"https:\/\/edublog.educastur.es\/ixuxu\/wp-json\/wp\/v2\/posts\/37528\/revisions\/37532"}],"wp:attachment":[{"href":"https:\/\/edublog.educastur.es\/ixuxu\/wp-json\/wp\/v2\/media?parent=37528"}],"wp:term":[{"taxonomy":"category","embeddable":true,"href":"https:\/\/edublog.educastur.es\/ixuxu\/wp-json\/wp\/v2\/categories?post=37528"},{"taxonomy":"post_tag","embeddable":true,"href":"https:\/\/edublog.educastur.es\/ixuxu\/wp-json\/wp\/v2\/tags?post=37528"}],"curies":[{"name":"wp","href":"https:\/\/api.w.org\/{rel}","templated":true}]}}