{"id":37537,"date":"2024-12-10T14:43:54","date_gmt":"2024-12-10T12:43:54","guid":{"rendered":"https:\/\/edublog.educastur.es\/ixuxu\/?p=37537"},"modified":"2024-12-10T14:44:34","modified_gmt":"2024-12-10T12:44:34","slug":"el-pueblu-mas-antiguu-dasturies-cuando-la-naturaleza-paral-pasu-del-tiempu","status":"publish","type":"post","link":"https:\/\/edublog.educastur.es\/ixuxu\/2024\/12\/el-pueblu-mas-antiguu-dasturies-cuando-la-naturaleza-paral-pasu-del-tiempu\/","title":{"rendered":"El pueblu m\u00e1s antiguu d&#8217;Asturies: cuando la naturaleza para&#8217;l pasu del tiempu"},"content":{"rendered":"<p style=\"text-align: center\"><a href=\"https:\/\/estaticos-cdn.prensaiberica.es\/clip\/c6df9a75-9dcf-4c34-b90b-96c5ad3aa9f1_source-aspect-ratio_default_0.webp\"><img loading=\"lazy\" decoding=\"async\" class=\"aligncenter size-large\" src=\"https:\/\/estaticos-cdn.prensaiberica.es\/clip\/c6df9a75-9dcf-4c34-b90b-96c5ad3aa9f1_source-aspect-ratio_default_0.webp\" width=\"1200\" height=\"675\" \/><\/a><\/p>\n<p>Esta pequena localid\u00e1 escondida ente los montes del conceyu de Proaza <strong>ye un exemplu de l&#8217;Asturies m\u00e1s rural<\/strong>. Enclav\u00e1u ente los montes del conceyu de Proaza, at\u00f3pase<strong> un pueblu de 40 habitantes<\/strong> que caltuvo la so identid\u00e1 medieval mientres sieglos. Esti pequenu conceyu ye un exemplu de c\u00f3mo los asentamientos rurales caltuvieron la so estructura orixinal ensin perder la so esencia hist\u00f3rica. Aquellos que busquen un llugar onde la hestoria, l&#8217;arquitectura tradicional y la redolada natural enxar\u00e9yense, tienen de visitar <strong>Banduxu: el pueblu m\u00e1s antiguu d&#8217;Asturies.<\/strong><\/p>\n<ul>\n<li>Fonte: <a href=\"https:\/\/woman.elperiodico.com\/lifestyle\/pueblo-antiguo-asturias-naturaleza-paso-112454946?fbclid=IwY2xjawHFFHBleHRuA2FlbQIxMQABHTuerwNG7JIhdsDjN7_7eO75mIyhMvzklBk0RmxvqiTcldIJEGaG-RySeA_aem_MYWzwOmyXuRHhQNHckIysg\">Woman<\/a> \/<\/li>\n<\/ul>\n<p><!--more--><\/p>\n<p>Asina foi la Ed\u00e1 Media en zones rurales (hasta fai bien poco).<strong> Los or\u00edxenes de Banduxu rem\u00f3ntase a la Ed\u00e1 Media, en redol a los sieglos IX y X.<\/strong> Mientres esa d\u00f3mina, la zona ten\u00eda xuna gran importancia pol\u00edtica por cuenta del afitamientu del Reinu d&#8217;Asturies, y establecieron pequenos asentamientos nes zones montascoses. Banduxu foi unu de los m\u00e1s poderosos.<\/p>\n<p><strong>Esti pueblu asiti\u00e1u a unos 700 metros d&#8217;altit\u00fa, ta arrodi\u00e1u de montes<\/strong> que formaron una muralla de protecci\u00f3n natural y aislamientu mientres sieglos, lo que dex\u00f3 que la so arquitectura y estructura calt\u00e9nganse pr\u00e1cticamente intactes.<\/p>\n<p>Ello ye que la carretera que conecta Banduxu col restu de Proaza nun lleg\u00f3 hasta 1980, fechu qu&#8217;en gran parte evit\u00f3&#8217;l desenvolvimientu urban\u00edsticu y la modernizaci\u00f3n que tami\u00e9n afect\u00f3 a otros pueblos de la rex\u00f3n mientres la d\u00f3mina.<\/p>\n<p style=\"text-align: center\"><a href=\"https:\/\/estaticos-cdn.prensaiberica.es\/clip\/95781a5e-a1ab-4aab-8130-4f8192d65eb7_source-aspect-ratio_default_0.webp\"><img loading=\"lazy\" decoding=\"async\" class=\"aligncenter size-large\" src=\"https:\/\/estaticos-cdn.prensaiberica.es\/clip\/95781a5e-a1ab-4aab-8130-4f8192d65eb7_source-aspect-ratio_default_0.webp\" width=\"1254\" height=\"836\" \/><\/a><\/p>\n<p><strong>Unu de los elementos m\u00e1s significativos de Banduxu ye&#8217;l so patrimoniu arquitect<\/strong><strong>\u00f3nicu<\/strong>. El n\u00facleu del pueblu sigue&#8217;l traz\u00e1u medieval y ent\u00e1mase en redol al so edificiu m\u00e1s destac\u00e1u: la Torre de Tu\u00f1\u00f3n, xuna fortaleza defensiva que data del sieglu XIV, y cuenta con caracter\u00edstiques de l&#8217;arquitectura militar de la d\u00f3mina.<\/p>\n<p>Tami\u00e9n destaca la ilesia de Santa Mar\u00eda, un pequenu templu rom\u00e1nicu del sieglu X que foi reconstruy\u00edu nel sieglu XVI y form\u00f3 parte de la vida relixosa de los habitantes del pueblu mientres sieglos.<\/p>\n<p>Am\u00e1s d&#8217;estos monumentos, Banduxu ta apin\u00e1u de cases tradicionales con <strong>corredores de madera que dan al esterior, una caracter\u00edstica de l&#8217;arquitectura rural asturiana<\/strong>. Estes cases siguen el patr\u00f3n tradicional, y munches d&#8217;elles fueron restauraes pal so caltenimientu.<\/p>\n<p style=\"text-align: center\"><a href=\"https:\/\/estaticos-cdn.prensaiberica.es\/clip\/e68d7715-772f-4aa6-952d-eba49e39ad42_source-aspect-ratio_default_0.webp\"><img loading=\"lazy\" decoding=\"async\" class=\"aligncenter size-large\" src=\"https:\/\/estaticos-cdn.prensaiberica.es\/clip\/e68d7715-772f-4aa6-952d-eba49e39ad42_source-aspect-ratio_default_0.webp\" width=\"1254\" height=\"836\" \/><\/a><\/p>\n<p><strong>Horros: el leg\u00e1u de Banduxu.<\/strong> Unu de los aspeutos m\u00e1s interesantes de Banduxu ye la presencia de dellos horros del sieglu XVI, xuna construcci\u00f3n tradicional asturiana destinada al almacenamientu de granu y otros alimentos, que representen l&#8217;arquitectura popular. Estes estructures, alzaes sobro pilastres pa protexer el conten\u00edu del mugor y los royedores, son tami\u00e9n un s\u00edmbolu cultural, pos desempe\u00f1aron un papel fundamental na vida del pueblu.<\/p>\n<p><strong>Un llugar ideal pal senderismu.<\/strong> Otru de los aspeutos que faen de Banduxu un dest\u00edn \u00fanicu ye la so redolada natural. Asiti\u00e1u dientro del Parque Natural de les Ubi\u00f1as-La Mesa, la zona ta apinada de rutes y senderos.<\/p>\n<p>El cam\u00edn que conecta Banduxu cola cercana localid\u00e1 de Proaza ye una de les m\u00e1s populares, y\u00e1 que ufierta xunas vistas espectaculares del valle del Trubia. Am\u00e1s, atopase a 3 kil\u00f3metros de la Sienda del Osu,\u00a0 una de les ecorutas m\u00e1s populares d&#8217;Espa\u00f1a.<\/p>\n","protected":false},"excerpt":{"rendered":"<p>Esta pequena localid\u00e1 escondida ente los montes del conceyu de Proaza ye un exemplu de l&#8217;Asturies m\u00e1s rural. Enclav\u00e1u ente los montes del conceyu de Proaza, at\u00f3pase un pueblu de 40 habitantes que caltuvo la so identid\u00e1 medieval mientres sieglos. Esti pequenu conceyu ye un exemplu de c\u00f3mo los asentamientos rurales caltuvieron la so estructura [&hellip;]<\/p>\n","protected":false},"author":117,"featured_media":0,"comment_status":"open","ping_status":"open","sticky":false,"template":"","format":"standard","meta":{"footnotes":""},"categories":[22],"tags":[],"class_list":["post-37537","post","type-post","status-publish","format-standard","hentry","category-pueblos"],"_links":{"self":[{"href":"https:\/\/edublog.educastur.es\/ixuxu\/wp-json\/wp\/v2\/posts\/37537","targetHints":{"allow":["GET"]}}],"collection":[{"href":"https:\/\/edublog.educastur.es\/ixuxu\/wp-json\/wp\/v2\/posts"}],"about":[{"href":"https:\/\/edublog.educastur.es\/ixuxu\/wp-json\/wp\/v2\/types\/post"}],"author":[{"embeddable":true,"href":"https:\/\/edublog.educastur.es\/ixuxu\/wp-json\/wp\/v2\/users\/117"}],"replies":[{"embeddable":true,"href":"https:\/\/edublog.educastur.es\/ixuxu\/wp-json\/wp\/v2\/comments?post=37537"}],"version-history":[{"count":2,"href":"https:\/\/edublog.educastur.es\/ixuxu\/wp-json\/wp\/v2\/posts\/37537\/revisions"}],"predecessor-version":[{"id":37539,"href":"https:\/\/edublog.educastur.es\/ixuxu\/wp-json\/wp\/v2\/posts\/37537\/revisions\/37539"}],"wp:attachment":[{"href":"https:\/\/edublog.educastur.es\/ixuxu\/wp-json\/wp\/v2\/media?parent=37537"}],"wp:term":[{"taxonomy":"category","embeddable":true,"href":"https:\/\/edublog.educastur.es\/ixuxu\/wp-json\/wp\/v2\/categories?post=37537"},{"taxonomy":"post_tag","embeddable":true,"href":"https:\/\/edublog.educastur.es\/ixuxu\/wp-json\/wp\/v2\/tags?post=37537"}],"curies":[{"name":"wp","href":"https:\/\/api.w.org\/{rel}","templated":true}]}}