{"id":37566,"date":"2024-12-11T08:20:15","date_gmt":"2024-12-11T06:20:15","guid":{"rendered":"https:\/\/edublog.educastur.es\/ixuxu\/?p=37566"},"modified":"2024-12-11T11:12:19","modified_gmt":"2024-12-11T09:12:19","slug":"estau-del-tiempu-miercoles-11-davientu","status":"publish","type":"post","link":"https:\/\/edublog.educastur.es\/ixuxu\/2024\/12\/estau-del-tiempu-miercoles-11-davientu\/","title":{"rendered":"Est\u00e1u del tiempu: mi\u00e9rcoles 11 d&#8217;avientu"},"content":{"rendered":"<div class=\"x78zum5 xdt5ytf xz62fqu x16ldp7u\">\n<div class=\"xu06os2 x1ok221b\">\n<div class=\"html-div xdj266r x11i5rnm xat24cr x1mh8g0r xexx8yu x4uap5 x18d9i69 xkhd6sd\" data-ad-rendering-role=\"profile_name\">\n<ul>\n<li class=\"html-h3 x11i5rnm xat24cr x1mh8g0r xexx8yu x4uap5 x18d9i69 xkhd6sd x1vvkbs x1heor9g x1qlqyl8 x1pd3egz x1a2a7pz x1gslohp x1yc453h\"><span class=\"x1lliihq x6ikm8r x10wlt62 x1n2onr6\"><span class=\"xt0psk2\"><a class=\"x1i10hfl xjbqb8w x1ejq31n xd10rxx x1sy0etr x17r0tee x972fbf xcfux6l x1qhh985 xm0m39n x9f619 x1ypdohk xt0psk2 xe8uvvx xdj266r x11i5rnm xat24cr x1mh8g0r xexx8yu x4uap5 x18d9i69 xkhd6sd x16tdsg8 x1hl2dhg xggy1nq x1a2a7pz x1sur9pj xkrqix3 xzsf02u x1s688f\" role=\"link\" href=\"https:\/\/www.facebook.com\/eltiempuenasturies?__cft__[0]=AZXV55B6GMw0uoLHUFQY0itndJDS0pci-avKgMfGvRv3lHv0EcDvBNO3GiawWyarGrm-wHP57uGmlFPybgtQV4RtSqny9odkB5h78KvL8RcTCU9GYR0VxJ8Lbaxloa1pZMJL_rmWQLrtcNeA56CZcmtZ-IdfWPrIwlHWdGmxFcKzKxUctvuuRs_z0KJ7cqBAuInfmk1AZsxOXD1v32XZoDzQxGYXD6Hxznlp5n3_-P0cNg&amp;__tn__=-UC%2CP-y-R\"><strong class=\"html-strong xdj266r x11i5rnm xat24cr x1mh8g0r xexx8yu x4uap5 x18d9i69 xkhd6sd x1hl2dhg x16tdsg8 x1vvkbs x1s688f\"><span class=\"html-span xdj266r x11i5rnm xat24cr x1mh8g0r xexx8yu x4uap5 x18d9i69 xkhd6sd x1hl2dhg x16tdsg8 x1vvkbs\">El Tiempu n&#8217;Asturies.<\/span><\/strong><\/a><\/span><\/span><\/li>\n<\/ul>\n<\/div>\n<\/div>\n<\/div>\n<div class=\"html-div xdj266r x11i5rnm xat24cr x1mh8g0r xexx8yu x4uap5 x18d9i69 xkhd6sd\" dir=\"auto\">\n<div class=\"html-div xdj266r x11i5rnm xat24cr x1mh8g0r xexx8yu x4uap5 x18d9i69 xkhd6sd\" data-ad-rendering-role=\"story_message\">\n<div class=\"x1l90r2v x1iorvi4 x1ye3gou xn6708d\" data-ad-comet-preview=\"message\" data-ad-preview=\"message\">\n<div class=\"x78zum5 xdt5ytf xz62fqu x16ldp7u\">\n<div class=\"xu06os2 x1ok221b\">\n<div class=\"x11i5rnm xat24cr x1mh8g0r x1vvkbs xtlvy1s x126k92a\">\n<div dir=\"auto\" style=\"text-align: center\"><a href=\"http:\/\/edublog.educastur.es\/ixuxu\/files\/2024\/11\/467747825_894074599540617_1227988172354431857_n.jpg\"><img loading=\"lazy\" decoding=\"async\" class=\"aligncenter wp-image-36071\" src=\"http:\/\/edublog.educastur.es\/ixuxu\/files\/2024\/11\/467747825_894074599540617_1227988172354431857_n.jpg\" alt=\"\" width=\"200\" height=\"139\" srcset=\"https:\/\/edublog.educastur.es\/ixuxu\/files\/2024\/11\/467747825_894074599540617_1227988172354431857_n.jpg 450w, https:\/\/edublog.educastur.es\/ixuxu\/files\/2024\/11\/467747825_894074599540617_1227988172354431857_n-300x208.jpg 300w, https:\/\/edublog.educastur.es\/ixuxu\/files\/2024\/11\/467747825_894074599540617_1227988172354431857_n-433x300.jpg 433w\" sizes=\"auto, (max-width: 200px) 100vw, 200px\" \/><\/a><\/div>\n<\/div>\n<div class=\"x11i5rnm xat24cr x1mh8g0r x1vvkbs xtlvy1s x126k92a\">\n<div dir=\"auto\" style=\"text-align: center\"><span style=\"color: #008080\"><strong><em>Seguimos col cielu nuble a la espera de les xelaes de ma\u00f1ana<\/em><\/strong><\/span><\/div>\n<\/div>\n<div class=\"x11i5rnm xat24cr x1mh8g0r x1vvkbs xtlvy1s x126k92a\">\n<ul>\n<li dir=\"auto\"><strong><span style=\"color: #008080\">Alborecemos<\/span><\/strong> col cielu mui nuboso y precipitaciones febles con unes temperatures que tan alrodiu de los 6\u00baC, rexistr\u00e1ndose nel puirtu Payares -2,3\u00baC onde nieva seliquinamente.<\/li>\n<\/ul>\n<\/div>\n<div class=\"x11i5rnm xat24cr x1mh8g0r x1vvkbs xtlvy1s x126k92a\">\n<ul>\n<li dir=\"auto\"><strong><span style=\"color: #008080\">G\u00fcei<\/span> <\/strong>sedr\u00e1&#8217;l d\u00eda m\u00e1s fr\u00edu de la selmana col cielu nuble tol d\u00eda y dalguna precipitaci\u00f3n feble ya dispersa que sedr\u00e1 de nieve perriba de los 800m. L&#8217;aire sedr\u00e1 sele ya variable y les temperatures descender\u00e1n entov\u00eda m\u00e1s.<\/li>\n<\/ul>\n<p><!--more--><\/p>\n<\/div>\n<div class=\"x11i5rnm xat24cr x1mh8g0r x1vvkbs xtlvy1s x126k92a\">\n<ul>\n<li dir=\"auto\"><strong><span style=\"color: #008080\">El pr\u00f3simu riscar<\/span> <\/strong>tender\u00e1 a disminuir la nubosid\u00e1 pa quedar el cielu poco nuboso o escampl\u00e1u favoreciendo que se formen xelaes na mayor parte d&#8217;Asturies, am\u00e1s de que surdan nublines ya borrinos no fonderu los valles con unes temperatures m\u00ednimes en bultable descensu. Y\u00e1 pel d\u00eda la llume del sol dir\u00e1 caleciendo l&#8217;ambiente anque nun sedr\u00e1 hasta primera hora de la tarde cuando temple l&#8217;ambiente. L&#8217;aire seguir\u00e1 siendo sele ya varible.<\/li>\n<\/ul>\n<\/div>\n<div class=\"x11i5rnm xat24cr x1mh8g0r x1vvkbs xtlvy1s x126k92a\">\n<ul>\n<li dir=\"auto\"><strong><span style=\"color: #008080\">El vienres, s\u00e1badu ya domingu<\/span> <\/strong>vamos tener un tiempu mui asemey\u00e1u col cielu poco nuboso en xeneral, sicas\u00ed pue surdir dalg\u00fan intervalu nuboso pero sin m\u00e1s consecuencies. L&#8217;ambiente seguir\u00e1 siendo fr\u00edu por mor de les xelaes nuecherniegues que se dar\u00e1n en munches zones d&#8217;Asturies.<\/li>\n<\/ul>\n<\/div>\n<div class=\"x11i5rnm xat24cr x1mh8g0r x1vvkbs xtlvy1s x126k92a\">\n<ul>\n<li dir=\"auto\"><strong><span style=\"color: #008080\">Pa m\u00e1s a llargu<\/span><\/strong> plazu torna&#8217;l vientu \u00e1brigu que fadr\u00e1 subir nidiamente les temperatures, esto sedr\u00eda mi\u00e9rcoles-xueves, el vienres pue cruzanos una vaguada atl\u00e1ntica que mos dexar\u00eda un nuevu refrescamientu y dalgo d&#8217;agua y y\u00e1 cara a les navidaes podr\u00eda tar coci\u00e9ndose otra pero esto y\u00e1 lu diremos viendo.<\/li>\n<\/ul>\n<\/div>\n<\/div>\n<\/div>\n<\/div>\n<\/div>\n<\/div>\n<p>&nbsp;<\/p>\n","protected":false},"excerpt":{"rendered":"<p>El Tiempu n&#8217;Asturies. Seguimos col cielu nuble a la espera de les xelaes de ma\u00f1ana Alborecemos col cielu mui nuboso y precipitaciones febles con unes temperatures que tan alrodiu de los 6\u00baC, rexistr\u00e1ndose nel puirtu Payares -2,3\u00baC onde nieva seliquinamente. G\u00fcei sedr\u00e1&#8217;l d\u00eda m\u00e1s fr\u00edu de la selmana col cielu nuble tol d\u00eda y dalguna [&hellip;]<\/p>\n","protected":false},"author":117,"featured_media":0,"comment_status":"open","ping_status":"open","sticky":false,"template":"","format":"standard","meta":{"footnotes":""},"categories":[5],"tags":[],"class_list":["post-37566","post","type-post","status-publish","format-standard","hentry","category-tiempu"],"_links":{"self":[{"href":"https:\/\/edublog.educastur.es\/ixuxu\/wp-json\/wp\/v2\/posts\/37566","targetHints":{"allow":["GET"]}}],"collection":[{"href":"https:\/\/edublog.educastur.es\/ixuxu\/wp-json\/wp\/v2\/posts"}],"about":[{"href":"https:\/\/edublog.educastur.es\/ixuxu\/wp-json\/wp\/v2\/types\/post"}],"author":[{"embeddable":true,"href":"https:\/\/edublog.educastur.es\/ixuxu\/wp-json\/wp\/v2\/users\/117"}],"replies":[{"embeddable":true,"href":"https:\/\/edublog.educastur.es\/ixuxu\/wp-json\/wp\/v2\/comments?post=37566"}],"version-history":[{"count":2,"href":"https:\/\/edublog.educastur.es\/ixuxu\/wp-json\/wp\/v2\/posts\/37566\/revisions"}],"predecessor-version":[{"id":37577,"href":"https:\/\/edublog.educastur.es\/ixuxu\/wp-json\/wp\/v2\/posts\/37566\/revisions\/37577"}],"wp:attachment":[{"href":"https:\/\/edublog.educastur.es\/ixuxu\/wp-json\/wp\/v2\/media?parent=37566"}],"wp:term":[{"taxonomy":"category","embeddable":true,"href":"https:\/\/edublog.educastur.es\/ixuxu\/wp-json\/wp\/v2\/categories?post=37566"},{"taxonomy":"post_tag","embeddable":true,"href":"https:\/\/edublog.educastur.es\/ixuxu\/wp-json\/wp\/v2\/tags?post=37566"}],"curies":[{"name":"wp","href":"https:\/\/api.w.org\/{rel}","templated":true}]}}