{"id":37583,"date":"2024-12-11T11:50:49","date_gmt":"2024-12-11T09:50:49","guid":{"rendered":"https:\/\/edublog.educastur.es\/ixuxu\/?p=37583"},"modified":"2024-12-11T21:45:53","modified_gmt":"2024-12-11T19:45:53","slug":"presentacion-del-poemariu-fondures-de-david-fueyo","status":"publish","type":"post","link":"https:\/\/edublog.educastur.es\/ixuxu\/2024\/12\/presentacion-del-poemariu-fondures-de-david-fueyo\/","title":{"rendered":"Presentaci\u00f3n del poemariu \u00abFondures\u00bb de David Fueyo"},"content":{"rendered":"<div class=\"x11i5rnm xat24cr x1mh8g0r x1vvkbs xtlvy1s x126k92a\">\n<div dir=\"auto\" style=\"text-align: center\"><a href=\"https:\/\/i0.wp.com\/www.escritoresdeasturias.es\/wp-content\/uploads\/2024\/12\/FONDURES-PORTADA.jpg?fit=447%2C610&amp;ssl=1\"><img loading=\"lazy\" decoding=\"async\" class=\"aligncenter \" src=\"https:\/\/i0.wp.com\/www.escritoresdeasturias.es\/wp-content\/uploads\/2024\/12\/FONDURES-PORTADA.jpg?fit=447%2C610&amp;ssl=1\" width=\"296\" height=\"404\" \/><\/a><\/div>\n<div dir=\"auto\">\n<p><strong><em><span style=\"color: #008080;font-size: 20px\"><span style=\"text-decoration: underline\">\u00abCaminar\u00bb<\/span><\/span><\/em><\/strong><\/p>\n<\/div>\n<div dir=\"auto\"><em><span style=\"color: #008080;font-size: 20px\">Nun hai nam\u00e1s escuru que la mina y les sos fondures<\/span><\/em><\/div>\n<div dir=\"auto\"><em><span style=\"color: #008080;font-size: 20px\">entamada nel coraz\u00f3n d&#8217;esta tierra ensin sol<\/span><\/em><\/div>\n<div dir=\"auto\"><em><span style=\"color: #008080;font-size: 20px\">que guarda una ayalga nes sos coraes,<\/span><\/em><\/div>\n<div dir=\"auto\"><em><span style=\"color: #008080;font-size: 20px\">pan pa munches families, identid\u00e1 y llucha obrera;<\/span><\/em><\/div>\n<div dir=\"auto\"><em><span style=\"color: #008080;font-size: 20px\">que nun ten\u00edamos nin oru nin plata<\/span><\/em><\/div>\n<div dir=\"auto\"><em><span style=\"color: #008080;font-size: 20px\">ten\u00edamos xente trabayadora y carb\u00f3n.<\/span><\/em><\/div>\n<div dir=\"auto\"><\/div>\n<\/div>\n<p><!--more--><\/p>\n<p style=\"text-align: center\">\n<!-- iframe plugin v.6.0 wordpress.org\/plugins\/iframe\/ -->\n<iframe loading=\"lazy\" src=\"https:\/\/www.facebook.com\/plugins\/post.php?href=https%3A%2F%2Fwww.facebook.com%2Fphoto.php%3Ffbid%3D10233429799861898%26set%3Da.4169099340745%26type%3D3&#038;show_text=false&#038;width=500\" width=\"500\" height=\"498\" style=\"border:none;overflow:hidden\" scrolling=\"no\" frameborder=\"0\" allowfullscreen=\"true\" allow=\"autoplay; clipboard-write; encrypted-media; picture-in-picture; web-share\" 0=\"\/iframe\" class=\"iframe-class\"><\/iframe>\n<\/p>\n<ul>\n<li><a href=\"https:\/\/lavozdeltrubia.es\/2024\/12\/11\/memorias-de-la-mineria-en-quiros-en-fondures-nuevo-poemario-de-david-fueyo\/\"><em><strong>La Voz del Trubia<\/strong><\/em><\/a> \/<\/li>\n<\/ul>\n<p style=\"text-align: center\"><a href=\"https:\/\/lavozdeltrubia.es\/wp-content\/uploads\/2024\/12\/PC100834_b-1320x990.jpg\"><img loading=\"lazy\" decoding=\"async\" class=\"aligncenter size-large\" src=\"https:\/\/lavozdeltrubia.es\/wp-content\/uploads\/2024\/12\/PC100834_b-1320x990.jpg\" width=\"1320\" height=\"990\" \/><\/a><em>David Fueyo y Roberto F. Osorio, ayeri na presentaci\u00f3n de \u2018Fondures\u2019<\/em><\/p>\n<p><span style=\"color: #008080\"><em><strong>Beatriz \u00c1lvarez\/ Oviedo<\/strong><\/em><\/span><\/p>\n<p><span style=\"color: #008080\"><em>La llibrer\u00eda Kafka &amp; Co, reci\u00e9n reinaugurada, acoy\u00f3 ayeri la presentaci\u00f3n del \u00faltimu poemariu del quirosanu David Fueyo, \u2018Fondures\u2019.. L&#8217;autor tuvo arrodi\u00e1u d&#8217;amigos y compa\u00f1eros poetes. Al pie de el, Roberto F. Osorio qu&#8217;escribi\u00f3&#8217;l pr\u00f3logu en quiros\u00e1n.<\/em><\/span><\/p>\n<p><span style=\"color: #008080\"><em>El poemariu, qu&#8217;en palabres del autor foi escritu \u00aba poco fueu\u00bb, ye la plasmaci\u00f3n d&#8217;un importante procesu d&#8217;interiorizaci\u00f3n de la relaci\u00f3n de la so familia cola miner\u00eda, miner\u00eda de la que nun tiempu, como munchos mozos asturianos, reneg\u00f3. Sicas\u00ed, agora dende&#8217;l maduror, David recuper\u00f3 les hestories que-y cuntaba so g\u00fcela y aver\u00f3se a la figura del so bisag\u00fcelu Jes\u00fas muertu nun desafortun\u00e1u accidente mineru&#8217;l 24 d&#8217;avientu de 1960 y que la so historia reconstruy\u00f3 con ayuda de Roberto F. Osorio, cronista oficial del conceyu de Quir\u00f3s y cavilg\u00e1u sobremanera ello nun conxuntu de poemes nos que s&#8217;entemez se\u00f1ard\u00e1 ya incertidume.<\/em><\/span><\/p>\n<p><span style=\"color: #008080\"><em>Mientres la presentaci\u00f3n l&#8217;autor bien emocion\u00e1u record\u00f3 distintes an\u00e9cdotes que foi atesorando pa convertiles nos versos qu&#8217;agora ven la lluz. Pa rematar l&#8217;actu lleeron dalgunos de los poemes,que llueu van ser presentaos en Quir\u00f3s.<\/em><\/span><\/p>\n<ul>\n<li><a href=\"https:\/\/www.escritoresdeasturias.es\/literarias\/novedades-socios\/poemario-de-david-fueyo\/\">Rese\u00f1a d&#8217;Escritores d&#8217;Asturies<\/a><\/li>\n<\/ul>\n<div style=\"text-align: center\"><span style=\"text-decoration: underline;font-size: 24px;color: #333399\"><em><b>Fondures: Un viaxe po\u00e9ticu<br \/>\ndende\u2019l carb\u00f3n hasta\u2019l pixel<\/b><\/em><\/span><\/div>\n<div><\/div>\n<div><span style=\"color: #333399\">David Fueyo publica Fondures, obra que revisita la vieya tradici\u00f3n de los poemarios mineros con una visi\u00f3n anovada. El poemariu, escritu \u00edntegramente n\u2019asturianu, llega como una propuesta po\u00e9tica que xunta tradici\u00f3n y modernid\u00e1, revisitando la hestoria y l\u2019alma de la mina. Al travi\u00e9s d\u2019una voz \u00edntima, pero reivindicativa, la obra adi\u00e9ntrase nel ayeri, el g\u00fcei y el ma\u00f1ana del universu mineru, con una mirada qu\u2019alienda respetu y pertenencia, inclusive dende la perspectiva de quien nunca bax\u00f3 al pozu.<\/span><\/div>\n<div><\/div>\n<div><span style=\"color: #333399\">Fondures transita poles buelgues del carb\u00f3n y la memoria de los mineros, pero tami\u00e9n s\u2019atreve a proxectar el tresformamientu d\u2019esti leg\u00e1u en tiempos d\u2019identid\u00e1 dixital, meyores tecnol\u00f3xiques y l\u2019incertidume del cambiu. Estrem\u00e1u en tr\u00e9s cap\u00edtulos (Ayeri, G\u00fcei y Ma\u00f1ana), el llibru rescata la d\u00f3mina culminante de la miner\u00eda dende\u2019l puntu de vista non solo de quien baxaben a la mina, sin\u00f3n tami\u00e9n de quien los esperaben enriba, cavilga sobre\u2019l so cayente y enfusar en c\u00f3mo les nueves xeneraciones\u2014f\u00edos y nietos de mineros\u2014caltienen y resignifican esti heriedu.<\/span><\/div>\n<div><\/div>\n<div><span style=\"color: #333399\"><i>Nunca bax\u00e9 embaxo \/pero embaxo, tampoco\/nunca dex\u00e9 de tar<\/i><\/span><\/div>\n<div><\/div>\n<div><span style=\"color: #333399\">Con estos versos, l\u2019autor resume l\u2019esp\u00edritu del poemariu, que se presenta como un homenaxe a quienes engarraron na mina\u2019l so sustentu, la so llucha y la so identid\u00e1 y agora at\u00f3pense con que d\u2019aquello apenes queden unos cuantos castilletes de pies.<\/span><\/div>\n<div><\/div>\n<div><span style=\"color: #333399\">El pr\u00f3logu foi escritu por Roberto Fern\u00e1ndez Osorio, cronista oficial de Quir\u00f3s.<\/span><\/div>\n<div><\/div>\n<div style=\"text-align: center\">\n<!-- iframe plugin v.6.0 wordpress.org\/plugins\/iframe\/ -->\n<iframe loading=\"lazy\" src=\"https:\/\/www.facebook.com\/plugins\/post.php?href=https%3A%2F%2Fwww.facebook.com%2Fdavid.fueyo%2Fposts%2Fpfbid04zTMTsfBkpyysJW3MhhkSJFiyRXXxvwpgt9koj19v243usLgvyCm3QnzerKixLPkl&#038;show_text=true&#038;width=500\" width=\"500\" height=\"250\" style=\"border:none;overflow:hidden\" scrolling=\"no\" frameborder=\"0\" allowfullscreen=\"true\" allow=\"autoplay; clipboard-write; encrypted-media; picture-in-picture; web-share\" 0=\"\/iframe\" class=\"iframe-class\"><\/iframe>\n<\/div>\n","protected":false},"excerpt":{"rendered":"<p>\u00abCaminar\u00bb Nun hai nam\u00e1s escuru que la mina y les sos fondures entamada nel coraz\u00f3n d&#8217;esta tierra ensin sol que guarda una ayalga nes sos coraes, pan pa munches families, identid\u00e1 y llucha obrera; que nun ten\u00edamos nin oru nin plata ten\u00edamos xente trabayadora y carb\u00f3n.<\/p>\n","protected":false},"author":117,"featured_media":0,"comment_status":"open","ping_status":"open","sticky":false,"template":"","format":"standard","meta":{"footnotes":""},"categories":[39],"tags":[],"class_list":["post-37583","post","type-post","status-publish","format-standard","hentry","category-poesia"],"_links":{"self":[{"href":"https:\/\/edublog.educastur.es\/ixuxu\/wp-json\/wp\/v2\/posts\/37583","targetHints":{"allow":["GET"]}}],"collection":[{"href":"https:\/\/edublog.educastur.es\/ixuxu\/wp-json\/wp\/v2\/posts"}],"about":[{"href":"https:\/\/edublog.educastur.es\/ixuxu\/wp-json\/wp\/v2\/types\/post"}],"author":[{"embeddable":true,"href":"https:\/\/edublog.educastur.es\/ixuxu\/wp-json\/wp\/v2\/users\/117"}],"replies":[{"embeddable":true,"href":"https:\/\/edublog.educastur.es\/ixuxu\/wp-json\/wp\/v2\/comments?post=37583"}],"version-history":[{"count":9,"href":"https:\/\/edublog.educastur.es\/ixuxu\/wp-json\/wp\/v2\/posts\/37583\/revisions"}],"predecessor-version":[{"id":37654,"href":"https:\/\/edublog.educastur.es\/ixuxu\/wp-json\/wp\/v2\/posts\/37583\/revisions\/37654"}],"wp:attachment":[{"href":"https:\/\/edublog.educastur.es\/ixuxu\/wp-json\/wp\/v2\/media?parent=37583"}],"wp:term":[{"taxonomy":"category","embeddable":true,"href":"https:\/\/edublog.educastur.es\/ixuxu\/wp-json\/wp\/v2\/categories?post=37583"},{"taxonomy":"post_tag","embeddable":true,"href":"https:\/\/edublog.educastur.es\/ixuxu\/wp-json\/wp\/v2\/tags?post=37583"}],"curies":[{"name":"wp","href":"https:\/\/api.w.org\/{rel}","templated":true}]}}