{"id":37610,"date":"2024-12-11T10:00:38","date_gmt":"2024-12-11T08:00:38","guid":{"rendered":"https:\/\/edublog.educastur.es\/ixuxu\/?p=37610"},"modified":"2024-12-22T22:50:22","modified_gmt":"2024-12-22T20:50:22","slug":"dia-internacional-de-los-montes-2","status":"publish","type":"post","link":"https:\/\/edublog.educastur.es\/ixuxu\/2024\/12\/dia-internacional-de-los-montes-2\/","title":{"rendered":"D\u00eda Internacional de los Montes"},"content":{"rendered":"<p style=\"text-align: center\">\n<!-- iframe plugin v.6.0 wordpress.org\/plugins\/iframe\/ -->\n<iframe loading=\"lazy\" src=\"https:\/\/www.instagram.com\/reel\/DDbrhrDoMfw\/embed\" width=\"480\" height=\"640\" 0=\"\/iframe\" scrolling=\"yes\" class=\"iframe-class\" frameborder=\"0\"><\/iframe>\n<\/p>\n<div class=\"x9f619 xjbqb8w x78zum5 x168nmei x13lgxp2 x5pf9jr xo71vjh x1uhb9sk x1plvlek xryxfnj x1iyjqo2 x2lwn1j xeuugli x1q0g3np xqjyukv x6s0dn4 x1oa3qoh x1nhvcw1\">\n<div class=\"x9f619 xjbqb8w x78zum5 x168nmei x13lgxp2 x5pf9jr xo71vjh x1n2onr6 x1plvlek xryxfnj x1c4vz4f x2lah0s xdt5ytf xqjyukv x1qjc9v5 x1oa3qoh xl56j7k\">\n<div class=\"x9f619 xjbqb8w x78zum5 x168nmei x13lgxp2 x5pf9jr xo71vjh x1uhb9sk x1plvlek xryxfnj x1c4vz4f x2lah0s x1q0g3np xqjyukv x6s0dn4 x1oa3qoh x1nhvcw1\">\n<ul>\n<li class=\"x9f619 xjbqb8w x78zum5 x168nmei x13lgxp2 x5pf9jr xo71vjh x1uhb9sk x1plvlek xryxfnj x1c4vz4f x2lah0s xdt5ytf xqjyukv x1cy8zhl x1oa3qoh x1nhvcw1\"><a class=\"x1i10hfl xjbqb8w x1ejq31n xd10rxx x1sy0etr x17r0tee x972fbf xcfux6l x1qhh985 xm0m39n x9f619 x1ypdohk xt0psk2 xe8uvvx xdj266r x11i5rnm xat24cr x1mh8g0r xexx8yu x4uap5 x18d9i69 xkhd6sd x16tdsg8 x1hl2dhg xggy1nq x1a2a7pz x5n08af x9n4tj2 _a6hd\" role=\"link\" href=\"https:\/\/www.instagram.com\/explore\/locations\/2078358812458397\/oficina-de-normalizacion-llinguistica-de-xixon\/\">Oficina De Normalizaci\u00f3n Lling\u00fc\u00edstica De Xix\u00f3n<\/a><\/li>\n<\/ul>\n<div class=\"x9f619 xjbqb8w x1rg5ohu x168nmei x13lgxp2 x5pf9jr xo71vjh x1uhb9sk x1plvlek xryxfnj x1c4vz4f x2lah0s x1q0g3np xqjyukv x1qjc9v5 x1oa3qoh x1nhvcw1 x193iq5w x1xmf6yo\">\n<ul>\n<li><span class=\"_ap3a _aaco _aacu _aacx _aad7 _aade\" dir=\"auto\">?\ufe0fG\u00fcei cellebramos el <span style=\"color: #008080\"><strong>D\u00eda Internacional de los Montes<\/strong><\/span>, dalgo mui representativo d&#8217;Asturies, polo que vos apurrimos dalgunos datos sobre montes asturianos, am\u00e1s de delles pallabres rellacionaes con esti campu sacaes del <span style=\"color: #008080\"><strong>\u00abPallabreru del monte y la escalada\u00bb<\/strong><\/span>, que ten\u00e9is disponible na nuestra Oficina y que pod\u00e9is pasar por elli en cualesquier momentu.??\u200d\u2640\ufe0f<\/span><\/li>\n<li><span class=\"_ap3a _aaco _aacu _aacx _aad7 _aade\" dir=\"auto\">??Respeta, cuida y agradez la bayura natural que regala la nuestra comunid\u00e1.<\/span><\/li>\n<\/ul>\n<p><!--more--><\/p>\n<\/div>\n<p style=\"text-align: center\">\n<!-- iframe plugin v.6.0 wordpress.org\/plugins\/iframe\/ -->\n<iframe loading=\"lazy\" src=\"https:\/\/drive.google.com\/file\/d\/1zYbmsUVpyt6AjkyvoyJL3A95S9ljrZO0\/preview\" width=\"704\" height=\"500\" 0=\"\/iframe\" scrolling=\"yes\" class=\"iframe-class\" frameborder=\"0\"><\/iframe>\n<\/p>\n<p style=\"text-align: center\"><a href=\"https:\/\/drupal.gijon.es\/sites\/default\/files\/styles\/imagen_4_3\/public\/2019-05\/PALLABRERU%20DEL%20MONTE%20Y%20LA%20%20ESCALADA.PNG\"><img loading=\"lazy\" decoding=\"async\" class=\"aligncenter size-large\" src=\"https:\/\/drupal.gijon.es\/sites\/default\/files\/styles\/imagen_4_3\/public\/2019-05\/PALLABRERU%20DEL%20MONTE%20Y%20LA%20%20ESCALADA.PNG\" width=\"445\" height=\"334\" \/><\/a><\/p>\n<\/div>\n<\/div>\n<\/div>\n<ul>\n<li><a href=\"https:\/\/drupal.gijon.es\/sites\/default\/files\/2019-05\/Pallabreru%20monte%20y%20escalada.pdf\" target=\"_blank\" rel=\"noopener\"> pallabreru -monte y la escalada<\/a><\/li>\n<li>Ta fechu por <strong><em>Berto Xuan Alcoceba<\/em><\/strong> y prolog\u00e1u por<strong><em> Rosa Fern\u00e1ndez Rubio<\/em><\/strong>una de les escaladores m\u00e1s representatives d&#8217;Asturies y la \u00fanica muyer d&#8217;Espa\u00f1a que tien completu&#8217;l retu de les <em>Siete Cumes.<\/em><\/li>\n<li>El pallabraru am\u00e1s de falar del senderismu, escursionismu, alpinismus, barranquismu,&#8230; tien un apart\u00e1u perinteresante y divert\u00edu de toponimia del monte.<\/li>\n<\/ul>\n<p>&nbsp;<\/p>\n<p style=\"text-align: center\">\n<!-- iframe plugin v.6.0 wordpress.org\/plugins\/iframe\/ -->\n<iframe loading=\"lazy\" src=\"https:\/\/www.facebook.com\/plugins\/video.php?height=476&#038;href=https%3A%2F%2Fwww.facebook.com%2Fesmontanas%2Fvideos%2F562436536646917%2F&#038;show_text=false&#038;width=476&#038;t=0\" width=\"476\" height=\"476\" style=\"border:none;overflow:hidden\" scrolling=\"no\" frameborder=\"0\" allowfullscreen=\"true\" allow=\"autoplay; clipboard-write; encrypted-media; picture-in-picture; web-share\" 0=\"\/iframe\" class=\"iframe-class\"><\/iframe>\n<\/p>\n<p>&nbsp;<\/p>\n","protected":false},"excerpt":{"rendered":"<p>Oficina De Normalizaci\u00f3n Lling\u00fc\u00edstica De Xix\u00f3n ?\ufe0fG\u00fcei cellebramos el D\u00eda Internacional de los Montes, dalgo mui representativo d&#8217;Asturies, polo que vos apurrimos dalgunos datos sobre montes asturianos, am\u00e1s de delles pallabres rellacionaes con esti campu sacaes del \u00abPallabreru del monte y la escalada\u00bb, que ten\u00e9is disponible na nuestra Oficina y que pod\u00e9is pasar por elli [&hellip;]<\/p>\n","protected":false},"author":117,"featured_media":0,"comment_status":"open","ping_status":"open","sticky":false,"template":"","format":"standard","meta":{"footnotes":""},"categories":[6,311,88],"tags":[],"class_list":["post-37610","post","type-post","status-publish","format-standard","hentry","category-dia-de","category-montes","category-o-llinguistica-xixon"],"_links":{"self":[{"href":"https:\/\/edublog.educastur.es\/ixuxu\/wp-json\/wp\/v2\/posts\/37610","targetHints":{"allow":["GET"]}}],"collection":[{"href":"https:\/\/edublog.educastur.es\/ixuxu\/wp-json\/wp\/v2\/posts"}],"about":[{"href":"https:\/\/edublog.educastur.es\/ixuxu\/wp-json\/wp\/v2\/types\/post"}],"author":[{"embeddable":true,"href":"https:\/\/edublog.educastur.es\/ixuxu\/wp-json\/wp\/v2\/users\/117"}],"replies":[{"embeddable":true,"href":"https:\/\/edublog.educastur.es\/ixuxu\/wp-json\/wp\/v2\/comments?post=37610"}],"version-history":[{"count":6,"href":"https:\/\/edublog.educastur.es\/ixuxu\/wp-json\/wp\/v2\/posts\/37610\/revisions"}],"predecessor-version":[{"id":37707,"href":"https:\/\/edublog.educastur.es\/ixuxu\/wp-json\/wp\/v2\/posts\/37610\/revisions\/37707"}],"wp:attachment":[{"href":"https:\/\/edublog.educastur.es\/ixuxu\/wp-json\/wp\/v2\/media?parent=37610"}],"wp:term":[{"taxonomy":"category","embeddable":true,"href":"https:\/\/edublog.educastur.es\/ixuxu\/wp-json\/wp\/v2\/categories?post=37610"},{"taxonomy":"post_tag","embeddable":true,"href":"https:\/\/edublog.educastur.es\/ixuxu\/wp-json\/wp\/v2\/tags?post=37610"}],"curies":[{"name":"wp","href":"https:\/\/api.w.org\/{rel}","templated":true}]}}