{"id":37713,"date":"2024-12-13T08:30:43","date_gmt":"2024-12-13T06:30:43","guid":{"rendered":"https:\/\/edublog.educastur.es\/ixuxu\/?p=37713"},"modified":"2024-12-14T20:52:38","modified_gmt":"2024-12-14T18:52:38","slug":"estau-del-tiempu-vienres-13-davientu","status":"publish","type":"post","link":"https:\/\/edublog.educastur.es\/ixuxu\/2024\/12\/estau-del-tiempu-vienres-13-davientu\/","title":{"rendered":"Est\u00e1u del tiempu: vienres 13 d&#8217;avientu"},"content":{"rendered":"<div class=\"xu06os2 x1ok221b\">\n<div class=\"html-div xdj266r x11i5rnm xat24cr x1mh8g0r xexx8yu x4uap5 x18d9i69 xkhd6sd\" data-ad-rendering-role=\"profile_name\">\n<ul>\n<li id=\":r1db:\" class=\"html-h2 x11i5rnm xat24cr x1mh8g0r xexx8yu x4uap5 x18d9i69 xkhd6sd x1vvkbs x1heor9g x1qlqyl8 x1pd3egz x1a2a7pz x1gslohp x1yc453h\"><span class=\"xt0psk2\"><a class=\"x1i10hfl xjbqb8w x1ejq31n xd10rxx x1sy0etr x17r0tee x972fbf xcfux6l x1qhh985 xm0m39n x9f619 x1ypdohk xt0psk2 xe8uvvx xdj266r x11i5rnm xat24cr x1mh8g0r xexx8yu x4uap5 x18d9i69 xkhd6sd x16tdsg8 x1hl2dhg xggy1nq x1a2a7pz x1sur9pj xkrqix3 xzsf02u x1s688f\" role=\"link\" href=\"https:\/\/www.facebook.com\/eltiempuenasturies?__cft__[0]=AZVD_1F5HFpnN5ZotPDg64upIoLymu1yz9dCJf8msxnkZdHDxtIclk4iNWe-VYJ1mYdGEz44FypLRWDiNdgNrCOC8uHYaDaaHM7MPCBOBHOIzTFcEGczzUBMOh7b0IX0CdrnIE48_GuoNtY0IbBH-_5kJPDNTo-qj3TxVhcYz6up9uTq5KtMw2df_DZ7pr4-KYI&amp;__tn__=-UC%2CP-R\"><strong class=\"html-strong xdj266r x11i5rnm xat24cr x1mh8g0r xexx8yu x4uap5 x18d9i69 xkhd6sd x1hl2dhg x16tdsg8 x1vvkbs x1s688f\"><span class=\"html-span xdj266r x11i5rnm xat24cr x1mh8g0r xexx8yu x4uap5 x18d9i69 xkhd6sd x1hl2dhg x16tdsg8 x1vvkbs\">El Tiempu n&#8217;Asturies.<\/span><\/strong><\/a><\/span><\/li>\n<\/ul>\n<\/div>\n<\/div>\n<div class=\"xu06os2 x1ok221b\"><\/div>\n<div class=\"html-div xdj266r x11i5rnm xat24cr x1mh8g0r xexx8yu x4uap5 x18d9i69 xkhd6sd\" dir=\"auto\">\n<div class=\"html-div xdj266r x11i5rnm xat24cr x1mh8g0r xexx8yu x4uap5 x18d9i69 xkhd6sd\" data-ad-rendering-role=\"story_message\">\n<div id=\":r1dd:\" class=\"x1l90r2v x1iorvi4 x1ye3gou xn6708d\" data-ad-comet-preview=\"message\" data-ad-preview=\"message\">\n<div class=\"x78zum5 xdt5ytf xz62fqu x16ldp7u\">\n<div class=\"xu06os2 x1ok221b\">\n<div class=\"x11i5rnm xat24cr x1mh8g0r x1vvkbs xtlvy1s x126k92a\">\n<div dir=\"auto\" style=\"text-align: center\"><a href=\"http:\/\/edublog.educastur.es\/ixuxu\/files\/2024\/11\/467747825_894074599540617_1227988172354431857_n.jpg\"><img loading=\"lazy\" decoding=\"async\" class=\"aligncenter wp-image-36071\" src=\"http:\/\/edublog.educastur.es\/ixuxu\/files\/2024\/11\/467747825_894074599540617_1227988172354431857_n.jpg\" alt=\"\" width=\"219\" height=\"152\" srcset=\"https:\/\/edublog.educastur.es\/ixuxu\/files\/2024\/11\/467747825_894074599540617_1227988172354431857_n.jpg 450w, https:\/\/edublog.educastur.es\/ixuxu\/files\/2024\/11\/467747825_894074599540617_1227988172354431857_n-300x208.jpg 300w, https:\/\/edublog.educastur.es\/ixuxu\/files\/2024\/11\/467747825_894074599540617_1227988172354431857_n-433x300.jpg 433w\" sizes=\"auto, (max-width: 219px) 100vw, 219px\" \/><\/a><\/div>\n<\/div>\n<div class=\"x11i5rnm xat24cr x1mh8g0r x1vvkbs xtlvy1s x126k92a\">\n<div dir=\"auto\" style=\"text-align: center\"><span style=\"color: #008080;font-size: 24px\"><strong><em>\u00abFae un cutu qu&#8217;escarabaya&#8217;l pelleyu\u00bb<\/em><\/strong><\/span><\/div>\n<\/div>\n<div class=\"x11i5rnm xat24cr x1mh8g0r x1vvkbs xtlvy1s x126k92a\">\n<ul>\n<li dir=\"auto\"><strong><span style=\"color: #008080\">Alborecemos<\/span> <\/strong>con dalgo de nubosid\u00e1 alta y xelaes no fonderu los valles con unes temperatures que tan alrodiu de los 2\u00baC, rexistr\u00e1ndose nel puirtu Payares -1\u00baC. Destaca a esta hora los -22,4\u00baC de la Vega de Lliordes na vertiente lleonesa de los Picos d&#8217;Europa.<\/li>\n<\/ul>\n<\/div>\n<div class=\"x11i5rnm xat24cr x1mh8g0r x1vvkbs xtlvy1s x126k92a\">\n<ul>\n<li dir=\"auto\"><strong><span style=\"color: #008080\">G\u00fcei<\/span> <\/strong>vamos tener el cielu empuerc\u00e1u de nubes altes pela ma\u00f1ana pa dir desapareciendo de tarde cuando va quedar el cielu escampl\u00e1u, volver\u00e1 a xelar en munchos valles del interior antes de finar el d\u00eda. Les temperatures van camudar poco, l&#8217;aire sedr\u00e1 sele ya variable y l&#8217;ambiente seguir\u00e1 siendo fr\u00edu ya ivernal.<\/li>\n<\/ul>\n<p><!--more--><\/p>\n<\/div>\n<div class=\"x11i5rnm xat24cr x1mh8g0r x1vvkbs xtlvy1s x126k92a\">\n<ul>\n<li dir=\"auto\"><strong><span style=\"color: #008080\">Ma\u00f1ana s\u00e1badu<\/span><\/strong> alboreceremos con escasa nubosid\u00e1 y xelaes xeneralizaes no fonderu los valles y zones de monta\u00f1a, la ma\u00f1ana va caltenese fr\u00eda y nun sedr\u00e1 hasta primera hora de la tarde cuando la llume del sol calezca l&#8217;ambiente, asina y too pa dexanos unes temperatures que malpenes pasar\u00e1n de los 10\u00baC, l&#8217;aire seguir\u00e1 siendo sele ya variable con predominiu de la componente sur. A \u00faltimes hores pue surdir dalgo de nubosid\u00e1 y nublar el cielu.<\/li>\n<\/ul>\n<\/div>\n<div class=\"x11i5rnm xat24cr x1mh8g0r x1vvkbs xtlvy1s x126k92a\">\n<ul>\n<li dir=\"auto\"><strong><span style=\"color: #008080\">El domingu<\/span> <\/strong>va tar poco nuboso o escampl\u00e1u con xelaes de nuevu en munches zones d&#8217;Asturies, la llume del sol calecer\u00e1 dalgo l&#8217;ambiente a partir del mediud\u00eda y de nueche entamar\u00e1 a xelar de nuevu nes zones m\u00e1s favoretibles.<\/li>\n<\/ul>\n<\/div>\n<div class=\"x11i5rnm xat24cr x1mh8g0r x1vvkbs xtlvy1s x126k92a\">\n<ul>\n<li dir=\"auto\"><strong><span style=\"color: #008080\">El llunes<\/span><\/strong> tendremos l&#8217;anticicl\u00f3n enrriba nuesu, dex\u00e1ndonos xelaes por iversi\u00f3n t\u00e9rmica, esto quier decir que les xelaes sedr\u00e1n m\u00e1s intenses y xeneralizaes no fonderu los valles y menos probables nos puertos de monta\u00f1a por mor del escasu movimientu atmosf\u00e9ricu, faciendo que l&#8217;aire fr\u00edu m\u00e1s densu y pes\u00e1u quede pesll\u00e1u nel fondu los valles.<\/li>\n<\/ul>\n<\/div>\n<div class=\"x11i5rnm xat24cr x1mh8g0r x1vvkbs xtlvy1s x126k92a\">\n<ul>\n<li dir=\"auto\"><strong><span style=\"color: #008080\">El martes<\/span> <\/strong>l&#8217;aire \u00e1brigu va dir caleciendo abondu l&#8217;ambiente a partir de la tarde, pa dexanos un mi\u00e9rcoles con nubes medies y altes ya con temperatures suaves.<\/li>\n<\/ul>\n<\/div>\n<div class=\"x11i5rnm xat24cr x1mh8g0r x1vvkbs xtlvy1s x126k92a\">\n<ul>\n<li dir=\"auto\"><strong><span style=\"color: #008080\">Paez qu&#8217;a partir del xueves o vienres<\/span><\/strong> pue afeutanos una vaguada atl\u00e1ntica que mos dexe un nuevu refrecamientu acompang\u00e1u de precipitaciones y dalguna nevada en zones de monta\u00f1a. Y de cara a la fin de selmana y d\u00edes de navid\u00e1 tengamos anticicl\u00f3n con xelaes xeneralizaes durante les nueches pero esto y\u00e1 lu diremos viendo.<\/li>\n<\/ul>\n<\/div>\n<div class=\"x11i5rnm xat24cr x1mh8g0r x1vvkbs xtlvy1s x126k92a\">\n<div dir=\"auto\"><\/div>\n<\/div>\n<div class=\"x11i5rnm xat24cr x1mh8g0r x1vvkbs xtlvy1s x126k92a\">\n<div dir=\"auto\">Prestosa semeya de<a href=\"https:\/\/scontent-mad1-1.xx.fbcdn.net\/v\/t39.30808-6\/470165392_906663851615025_2245288804241518410_n.jpg?_nc_cat=101&amp;ccb=1-7&amp;_nc_sid=127cfc&amp;_nc_ohc=eghMk2RgjWgQ7kNvgErWgfx&amp;_nc_zt=23&amp;_nc_ht=scontent-mad1-1.xx&amp;_nc_gid=AuaqF94oIGamjiLQqFkCeNA&amp;oh=00_AYAtGqM1FHWhwnlXGZgr1jKqXyL2LNJ1ZTSW-NIi7k2dpA&amp;oe=6761EEEE\"> l&#8217;Arcu de Mea que mos l&#8217;apurre&#8217;l nuesu collaciu David de Corvera.<\/a><\/div>\n<div dir=\"auto\" style=\"text-align: center\">\n<!-- iframe plugin v.6.0 wordpress.org\/plugins\/iframe\/ -->\n<iframe loading=\"lazy\" src=\"https:\/\/www.facebook.com\/plugins\/post.php?href=https%3A%2F%2Fwww.facebook.com%2Feltiempuenasturies%2Fposts%2Fpfbid02aAStf49XETTfzV4MWc8Z8t4B8hvCVrxdZqiBcBFNBFhzhPEtY8xgYaDgpCbnoGhel&#038;show_text=false&#038;width=500\" width=\"500\" height=\"352\" style=\"border:none;overflow:hidden\" scrolling=\"no\" frameborder=\"0\" allowfullscreen=\"true\" allow=\"autoplay; clipboard-write; encrypted-media; picture-in-picture; web-share\" 0=\"\/iframe\" class=\"iframe-class\"><\/iframe>\n<\/div>\n<\/div>\n<\/div>\n<\/div>\n<\/div>\n<\/div>\n<\/div>\n<p>&nbsp;<\/p>\n","protected":false},"excerpt":{"rendered":"<p>El Tiempu n&#8217;Asturies. \u00abFae un cutu qu&#8217;escarabaya&#8217;l pelleyu\u00bb Alborecemos con dalgo de nubosid\u00e1 alta y xelaes no fonderu los valles con unes temperatures que tan alrodiu de los 2\u00baC, rexistr\u00e1ndose nel puirtu Payares -1\u00baC. Destaca a esta hora los -22,4\u00baC de la Vega de Lliordes na vertiente lleonesa de los Picos d&#8217;Europa. G\u00fcei vamos tener [&hellip;]<\/p>\n","protected":false},"author":117,"featured_media":0,"comment_status":"open","ping_status":"open","sticky":false,"template":"","format":"standard","meta":{"footnotes":""},"categories":[5],"tags":[],"class_list":["post-37713","post","type-post","status-publish","format-standard","hentry","category-tiempu"],"_links":{"self":[{"href":"https:\/\/edublog.educastur.es\/ixuxu\/wp-json\/wp\/v2\/posts\/37713","targetHints":{"allow":["GET"]}}],"collection":[{"href":"https:\/\/edublog.educastur.es\/ixuxu\/wp-json\/wp\/v2\/posts"}],"about":[{"href":"https:\/\/edublog.educastur.es\/ixuxu\/wp-json\/wp\/v2\/types\/post"}],"author":[{"embeddable":true,"href":"https:\/\/edublog.educastur.es\/ixuxu\/wp-json\/wp\/v2\/users\/117"}],"replies":[{"embeddable":true,"href":"https:\/\/edublog.educastur.es\/ixuxu\/wp-json\/wp\/v2\/comments?post=37713"}],"version-history":[{"count":1,"href":"https:\/\/edublog.educastur.es\/ixuxu\/wp-json\/wp\/v2\/posts\/37713\/revisions"}],"predecessor-version":[{"id":37714,"href":"https:\/\/edublog.educastur.es\/ixuxu\/wp-json\/wp\/v2\/posts\/37713\/revisions\/37714"}],"wp:attachment":[{"href":"https:\/\/edublog.educastur.es\/ixuxu\/wp-json\/wp\/v2\/media?parent=37713"}],"wp:term":[{"taxonomy":"category","embeddable":true,"href":"https:\/\/edublog.educastur.es\/ixuxu\/wp-json\/wp\/v2\/categories?post=37713"},{"taxonomy":"post_tag","embeddable":true,"href":"https:\/\/edublog.educastur.es\/ixuxu\/wp-json\/wp\/v2\/tags?post=37713"}],"curies":[{"name":"wp","href":"https:\/\/api.w.org\/{rel}","templated":true}]}}