{"id":37715,"date":"2024-12-13T12:54:39","date_gmt":"2024-12-13T10:54:39","guid":{"rendered":"https:\/\/edublog.educastur.es\/ixuxu\/?p=37715"},"modified":"2024-12-13T12:57:14","modified_gmt":"2024-12-13T10:57:14","slug":"arfueyu-ye-como-se-llama-nasturianu-al-muerdago","status":"publish","type":"post","link":"https:\/\/edublog.educastur.es\/ixuxu\/2024\/12\/arfueyu-ye-como-se-llama-nasturianu-al-muerdago\/","title":{"rendered":"\u00abArfueyu\u00bb ye como se llama n&#8217;asturianu al Mu\u00e9rdago."},"content":{"rendered":"<div class=\"html-div xdj266r x11i5rnm xat24cr x1mh8g0r xexx8yu x4uap5 x18d9i69 xkhd6sd\">\n<div class=\"html-div xdj266r x11i5rnm xat24cr x1mh8g0r xexx8yu x4uap5 x18d9i69 xkhd6sd\" dir=\"auto\">\n<div class=\"html-div xdj266r x11i5rnm xat24cr x1mh8g0r xexx8yu x4uap5 x18d9i69 xkhd6sd\" dir=\"auto\">\n<div class=\"html-div xdj266r x11i5rnm xat24cr x1mh8g0r xexx8yu x4uap5 x18d9i69 xkhd6sd\" data-ad-rendering-role=\"story_message\">\n<div class=\"x1l90r2v x1iorvi4 x1ye3gou xn6708d\" data-ad-comet-preview=\"message\" data-ad-preview=\"message\">\n<div class=\"x78zum5 xdt5ytf xz62fqu x16ldp7u\">\n<div class=\"xu06os2 x1ok221b\">\n<div class=\"xdj266r x11i5rnm xat24cr x1mh8g0r x1vvkbs x126k92a\">\n<p style=\"text-align: center\">\n<!-- iframe plugin v.6.0 wordpress.org\/plugins\/iframe\/ -->\n<iframe loading=\"lazy\" src=\"https:\/\/www.facebook.com\/plugins\/post.php?href=https%3A%2F%2Fwww.facebook.com%2Faitor.bimenes%2Fposts%2Fpfbid02b8ufZqM1CVHagpDSCcuhxHgdvt1ha85MV9JWGvRJ4QZfua4eqMqrmT7ts8y3VgTQl&#038;show_text=false&#038;width=500\" width=\"500\" height=\"497\" style=\"border:none;overflow:hidden\" scrolling=\"no\" frameborder=\"0\" allowfullscreen=\"true\" allow=\"autoplay; clipboard-write; encrypted-media; picture-in-picture; web-share\" 0=\"\/iframe\" class=\"iframe-class\"><\/iframe>\n<\/p>\n<ul>\n<li dir=\"auto\"><span class=\"html-span xexx8yu x4uap5 x18d9i69 xkhd6sd x1hl2dhg x16tdsg8 x1vvkbs x3nfvp2 x1j61x8r x1fcty0u xdj266r xat24cr xgzva0m xhhsvwb xxymvpz xlup9mm x1kky2od\"><img loading=\"lazy\" decoding=\"async\" class=\"xz74otr\" src=\"https:\/\/static.xx.fbcdn.net\/images\/emoji.php\/v9\/t1e\/1\/16\/1f33f.png\" alt=\"?\" width=\"16\" height=\"16\" \/><img loading=\"lazy\" decoding=\"async\" class=\"xz74otr\" src=\"https:\/\/static.xx.fbcdn.net\/images\/emoji.php\/v9\/t49\/1\/16\/1f320.png\" alt=\"?\" width=\"16\" height=\"16\" \/><\/span> Ye una planta m\u00e1xica que tien ente otres propiedaes, la de <strong>protexer la casa de too mal.<\/strong><\/li>\n<li dir=\"auto\">Ye nestes feches cuando l&#8217;Arfueyu adquier tol protagonismu posible, y\u00e1 que ye mientres estos d\u00edes cuando se debe reponer el ramillete que tenemos en casa.<\/li>\n<li dir=\"auto\">L&#8217;Arfueyu ten de ser recoy\u00edu na lluna enllena m\u00e1s pr\u00f3xima a Navid\u00e1, y va asitiase abargana de puertes o ventanes. Ende va permanecer casi un a\u00f1u, hasta&#8217;l d\u00eda 13 d&#8217;Avientu, Santa Luc\u00eda, que s&#8217;hai de quemar y con \u00e9l tolo malo del llar. Ma\u00f1ana ye Santa Luc\u00eda, que mengua la nueche&#8230; Asina que toca quemalu.<\/li>\n<li dir=\"auto\">Fonte: <span class=\"x193iq5w xeuugli x13faqbe x1vvkbs x1xmvt09 x1f6kntn xvq8zen xo1l8bm xi81zsa\"><span class=\"xt0psk2\"><a class=\"x1i10hfl xjbqb8w x1ejq31n xd10rxx x1sy0etr x17r0tee x972fbf xcfux6l x1qhh985 xm0m39n x9f619 x1ypdohk xt0psk2 xe8uvvx xdj266r x11i5rnm xat24cr x1mh8g0r xexx8yu x4uap5 x18d9i69 xkhd6sd x16tdsg8 x1hl2dhg xggy1nq x1a2a7pz x1sur9pj xkrqix3 xzsf02u x1s688f\" role=\"link\" href=\"https:\/\/www.facebook.com\/aitor.bimenes?__cft__[0]=AZVJNigX3xypQ6m3Jbx6FUROu5pyrz8Q4nYKiutWHFtbAoAfUI3hYt-VFcwM0TXZdYrD8zZfEBAhWkKA7vorDW_bvSH1cWcK3-0krgTZv5uAHoY_Vv2wTIEL6gggOb6GbhWQsodP3xJnzmoQ69Qmw7mX3RrlFWqkUPQIuipQR1oFX8ynuYrI18b6axJrV9lOh6Y&amp;__tn__=-UC*F\">Aitor Bimenes<\/a><\/span><\/span><\/li>\n<\/ul>\n<\/div>\n<\/div>\n<\/div>\n<\/div>\n<\/div>\n<\/div>\n<\/div>\n<\/div>\n","protected":false},"excerpt":{"rendered":"<p>Ye una planta m\u00e1xica que tien ente otres propiedaes, la de protexer la casa de too mal. Ye nestes feches cuando l&#8217;Arfueyu adquier tol protagonismu posible, y\u00e1 que ye mientres estos d\u00edes cuando se debe reponer el ramillete que tenemos en casa. L&#8217;Arfueyu ten de ser recoy\u00edu na lluna enllena m\u00e1s pr\u00f3xima a Navid\u00e1, y [&hellip;]<\/p>\n","protected":false},"author":117,"featured_media":0,"comment_status":"open","ping_status":"open","sticky":false,"template":"","format":"standard","meta":{"footnotes":""},"categories":[25],"tags":[],"class_list":["post-37715","post","type-post","status-publish","format-standard","hentry","category-curiosidaes"],"_links":{"self":[{"href":"https:\/\/edublog.educastur.es\/ixuxu\/wp-json\/wp\/v2\/posts\/37715","targetHints":{"allow":["GET"]}}],"collection":[{"href":"https:\/\/edublog.educastur.es\/ixuxu\/wp-json\/wp\/v2\/posts"}],"about":[{"href":"https:\/\/edublog.educastur.es\/ixuxu\/wp-json\/wp\/v2\/types\/post"}],"author":[{"embeddable":true,"href":"https:\/\/edublog.educastur.es\/ixuxu\/wp-json\/wp\/v2\/users\/117"}],"replies":[{"embeddable":true,"href":"https:\/\/edublog.educastur.es\/ixuxu\/wp-json\/wp\/v2\/comments?post=37715"}],"version-history":[{"count":4,"href":"https:\/\/edublog.educastur.es\/ixuxu\/wp-json\/wp\/v2\/posts\/37715\/revisions"}],"predecessor-version":[{"id":37719,"href":"https:\/\/edublog.educastur.es\/ixuxu\/wp-json\/wp\/v2\/posts\/37715\/revisions\/37719"}],"wp:attachment":[{"href":"https:\/\/edublog.educastur.es\/ixuxu\/wp-json\/wp\/v2\/media?parent=37715"}],"wp:term":[{"taxonomy":"category","embeddable":true,"href":"https:\/\/edublog.educastur.es\/ixuxu\/wp-json\/wp\/v2\/categories?post=37715"},{"taxonomy":"post_tag","embeddable":true,"href":"https:\/\/edublog.educastur.es\/ixuxu\/wp-json\/wp\/v2\/tags?post=37715"}],"curies":[{"name":"wp","href":"https:\/\/api.w.org\/{rel}","templated":true}]}}