{"id":37741,"date":"2024-12-14T08:30:27","date_gmt":"2024-12-14T06:30:27","guid":{"rendered":"https:\/\/edublog.educastur.es\/ixuxu\/?p=37741"},"modified":"2024-12-14T19:38:31","modified_gmt":"2024-12-14T17:38:31","slug":"37741","status":"publish","type":"post","link":"https:\/\/edublog.educastur.es\/ixuxu\/2024\/12\/37741\/","title":{"rendered":"Est\u00e1u del tiempu: s\u00e1badu 14 d&#8217;avientu"},"content":{"rendered":"<div class=\"xu06os2 x1ok221b\">\n<div class=\"html-div xdj266r x11i5rnm xat24cr x1mh8g0r xexx8yu x4uap5 x18d9i69 xkhd6sd\" data-ad-rendering-role=\"profile_name\">\n<ul>\n<li id=\":rki:\" class=\"html-h2 x11i5rnm xat24cr x1mh8g0r xexx8yu x4uap5 x18d9i69 xkhd6sd x1vvkbs x1heor9g x1qlqyl8 x1pd3egz x1a2a7pz x1gslohp x1yc453h\"><span class=\"xt0psk2\"><a class=\"x1i10hfl xjbqb8w x1ejq31n xd10rxx x1sy0etr x17r0tee x972fbf xcfux6l x1qhh985 xm0m39n x9f619 x1ypdohk xt0psk2 xe8uvvx xdj266r x11i5rnm xat24cr x1mh8g0r xexx8yu x4uap5 x18d9i69 xkhd6sd x16tdsg8 x1hl2dhg xggy1nq x1a2a7pz x1sur9pj xkrqix3 xzsf02u x1s688f\" role=\"link\" href=\"https:\/\/www.facebook.com\/eltiempuenasturies?__cft__[0]=AZXOf33RTMmRznLo_guhxXs5uuqIarSiorvnyKNoK2JzB4BWZEPaNRbRY-8BhrMMnkyP-y92A1iRscV6x4HUIQyiYLmaKV9tJ43VGnJOTZGG-yqI6oNTQe5YyQQyGq5R-UQ9_BgEFXgHswWFTzORK1DoROsWzv5rBSsBl3fEyqOrVIxVS63Ugp-IC-_sKJo-hx0&amp;__tn__=-UC%2CP-R\"><strong class=\"html-strong xdj266r x11i5rnm xat24cr x1mh8g0r xexx8yu x4uap5 x18d9i69 xkhd6sd x1hl2dhg x16tdsg8 x1vvkbs x1s688f\"><span class=\"html-span xdj266r x11i5rnm xat24cr x1mh8g0r xexx8yu x4uap5 x18d9i69 xkhd6sd x1hl2dhg x16tdsg8 x1vvkbs\">El Tiempu n&#8217;Asturies.<\/span><\/strong><\/a><\/span><\/li>\n<\/ul>\n<\/div>\n<\/div>\n<div class=\"xu06os2 x1ok221b\"><\/div>\n<div class=\"html-div xdj266r x11i5rnm xat24cr x1mh8g0r xexx8yu x4uap5 x18d9i69 xkhd6sd\" dir=\"auto\">\n<div class=\"html-div xdj266r x11i5rnm xat24cr x1mh8g0r xexx8yu x4uap5 x18d9i69 xkhd6sd\" data-ad-rendering-role=\"story_message\">\n<div id=\":rkk:\" class=\"x1l90r2v x1iorvi4 x1ye3gou xn6708d\" data-ad-comet-preview=\"message\" data-ad-preview=\"message\">\n<div class=\"x78zum5 xdt5ytf xz62fqu x16ldp7u\">\n<div class=\"xu06os2 x1ok221b\">\n<div class=\"x11i5rnm xat24cr x1mh8g0r x1vvkbs xtlvy1s x126k92a\">\n<div dir=\"auto\" style=\"text-align: center\"><strong><span style=\"font-size: 20px\"><em><span style=\"color: #008080\">\u00abContra too pron\u00f3sticu, nieva en dalgunos puertos de monta\u00f1a <\/span><\/em><\/span><\/strong><br \/>\n<strong><span style=\"font-size: 20px\"><em><span style=\"color: #008080\">y la nueche foi pasada per agua en zones del llitoral\u00bb<\/span><\/em><\/span><\/strong><\/div>\n<div dir=\"auto\"><\/div>\n<\/div>\n<div class=\"x11i5rnm xat24cr x1mh8g0r x1vvkbs xtlvy1s x126k92a\">\n<ul>\n<li dir=\"auto\"><strong><span style=\"color: #008080\">Alborecemos<\/span><\/strong> col cielu nuble ya con unes temperatures que tan alrodiu de los 5\u00baC, rexistr\u00e1ndose nel puirtu Payares -3,2\u00baC onde nieva mui seliquinamente.<\/li>\n<\/ul>\n<\/div>\n<div class=\"x11i5rnm xat24cr x1mh8g0r x1vvkbs xtlvy1s x126k92a\">\n<ul>\n<li dir=\"auto\"><strong><span style=\"color: #008080\">G\u00fcei<\/span><\/strong> van dir dixebr\u00e1ndose les nubes del alborecer pa quedar el cielu poco nuboso o escampl\u00e1u, mentantu que al escurecer volver\u00e1n a surdir les nubes pa dexanos una nueche nubosa col riesgu de que caiga dalguna gotera, sobre too na fastera m\u00e1s oriental d&#8217;Asturies. Les temperatures van camudar poco y l&#8217;ambiente seguir\u00e1 siendo ivernal.<\/li>\n<\/ul>\n<p><!--more--><\/p>\n<\/div>\n<div class=\"x11i5rnm xat24cr x1mh8g0r x1vvkbs xtlvy1s x126k92a\">\n<ul>\n<li dir=\"auto\"><strong><span style=\"color: #008080\">Ma\u00f1ana domingu<\/span> <\/strong>alboreceremos con dalgo de nubosid\u00e1 que dir\u00e1 dixebr\u00e1ndose pela ma\u00f1ana, pa quedar nuevamente&#8217;l cielu poco nuboso o escampl\u00e1u con unes temperatures que suben llixeramente ya col aire que sedr\u00e1 sele ya variable. Al finar el d\u00eda puen surdir nublines ya borrinos no fonderu los valles.<\/li>\n<\/ul>\n<\/div>\n<div class=\"x11i5rnm xat24cr x1mh8g0r x1vvkbs xtlvy1s x126k92a\">\n<ul>\n<li dir=\"auto\"><strong><span style=\"color: #008080\">El llunes<\/span><\/strong> en dellos valles alborecer\u00e1n ente&#8217;l borr\u00edn y la nublina, ell\u00ed onde nun se presente xelar\u00e1 col cielu escampl\u00e1u. Durante la ma\u00f1ana l&#8217;aire \u00e1brigu fadr\u00e1 actu de presencia empobin\u00e1ndonos nubosid\u00e1 media-alta y un ascensu de les temperatures m\u00e1simes que van averase y\u00e1 a los 15-16\u00baC<\/li>\n<\/ul>\n<\/div>\n<div class=\"x11i5rnm xat24cr x1mh8g0r x1vvkbs xtlvy1s x126k92a\">\n<ul>\n<li dir=\"auto\"><strong><span style=\"color: #008080\">Martes y sobre too mi\u00e9rcoles<\/span><\/strong> l&#8217;aire \u00e1brigu templar\u00e1 muncho l&#8217;ambiente pudiendo soplar con fuercia en zones altes de monta\u00f1a.<\/li>\n<\/ul>\n<\/div>\n<div class=\"x11i5rnm xat24cr x1mh8g0r x1vvkbs xtlvy1s x126k92a\">\n<ul>\n<li dir=\"auto\"><strong><span style=\"color: #008080\">El xueves<\/span> <\/strong>una vaguda atl\u00e1ntica mos afeutar\u00e1, apurri\u00e9ndonos precipitaciones febles en xeneral y un nuevu descensu de les tempertures, pero esto y\u00e1 lu diremos viendo.<\/li>\n<\/ul>\n<p>&nbsp;<\/p>\n<\/div>\n<\/div>\n<\/div>\n<\/div>\n<\/div>\n<\/div>\n<p>&nbsp;<\/p>\n","protected":false},"excerpt":{"rendered":"<p>El Tiempu n&#8217;Asturies. \u00abContra too pron\u00f3sticu, nieva en dalgunos puertos de monta\u00f1a y la nueche foi pasada per agua en zones del llitoral\u00bb Alborecemos col cielu nuble ya con unes temperatures que tan alrodiu de los 5\u00baC, rexistr\u00e1ndose nel puirtu Payares -3,2\u00baC onde nieva mui seliquinamente. G\u00fcei van dir dixebr\u00e1ndose les nubes del alborecer pa [&hellip;]<\/p>\n","protected":false},"author":117,"featured_media":0,"comment_status":"open","ping_status":"open","sticky":false,"template":"","format":"standard","meta":{"footnotes":""},"categories":[5],"tags":[],"class_list":["post-37741","post","type-post","status-publish","format-standard","hentry","category-tiempu"],"_links":{"self":[{"href":"https:\/\/edublog.educastur.es\/ixuxu\/wp-json\/wp\/v2\/posts\/37741","targetHints":{"allow":["GET"]}}],"collection":[{"href":"https:\/\/edublog.educastur.es\/ixuxu\/wp-json\/wp\/v2\/posts"}],"about":[{"href":"https:\/\/edublog.educastur.es\/ixuxu\/wp-json\/wp\/v2\/types\/post"}],"author":[{"embeddable":true,"href":"https:\/\/edublog.educastur.es\/ixuxu\/wp-json\/wp\/v2\/users\/117"}],"replies":[{"embeddable":true,"href":"https:\/\/edublog.educastur.es\/ixuxu\/wp-json\/wp\/v2\/comments?post=37741"}],"version-history":[{"count":2,"href":"https:\/\/edublog.educastur.es\/ixuxu\/wp-json\/wp\/v2\/posts\/37741\/revisions"}],"predecessor-version":[{"id":37743,"href":"https:\/\/edublog.educastur.es\/ixuxu\/wp-json\/wp\/v2\/posts\/37741\/revisions\/37743"}],"wp:attachment":[{"href":"https:\/\/edublog.educastur.es\/ixuxu\/wp-json\/wp\/v2\/media?parent=37741"}],"wp:term":[{"taxonomy":"category","embeddable":true,"href":"https:\/\/edublog.educastur.es\/ixuxu\/wp-json\/wp\/v2\/categories?post=37741"},{"taxonomy":"post_tag","embeddable":true,"href":"https:\/\/edublog.educastur.es\/ixuxu\/wp-json\/wp\/v2\/tags?post=37741"}],"curies":[{"name":"wp","href":"https:\/\/api.w.org\/{rel}","templated":true}]}}