{"id":37766,"date":"2024-12-13T20:02:02","date_gmt":"2024-12-13T18:02:02","guid":{"rendered":"https:\/\/edublog.educastur.es\/ixuxu\/?p=37766"},"modified":"2024-12-14T20:04:37","modified_gmt":"2024-12-14T18:04:37","slug":"37766","status":"publish","type":"post","link":"https:\/\/edublog.educastur.es\/ixuxu\/2024\/12\/37766\/","title":{"rendered":"As\u00ed remata el @qed.poesia deste 2024"},"content":{"rendered":"<div class=\"html-div xdj266r x11i5rnm xat24cr x1mh8g0r xexx8yu x4uap5 x18d9i69 xkhd6sd\" dir=\"auto\">\n<div class=\"html-div xdj266r x11i5rnm xat24cr x1mh8g0r xexx8yu x4uap5 x18d9i69 xkhd6sd\" data-ad-rendering-role=\"story_message\">\n<div id=\":R1al4uqaqdfiqhpapd5aqH2:\" class=\"x1l90r2v x1iorvi4 x1ye3gou xn6708d\" data-ad-comet-preview=\"message\" data-ad-preview=\"message\">\n<div class=\"x78zum5 xdt5ytf xz62fqu x16ldp7u\">\n<div class=\"xu06os2 x1ok221b\">\n<div class=\"xdj266r x11i5rnm xat24cr x1mh8g0r x1vvkbs x126k92a\">\n<div dir=\"auto\">Esfrutando del Ciclu de Poes\u00eda QED na Biblioteca d&#8217;Uvi\u00e9u con <span class=\"html-span xdj266r x11i5rnm xat24cr x1mh8g0r xexx8yu x4uap5 x18d9i69 xkhd6sd x1hl2dhg x16tdsg8 x1vvkbs\"><a class=\"x1i10hfl xjbqb8w x1ejq31n xd10rxx x1sy0etr x17r0tee x972fbf xcfux6l x1qhh985 xm0m39n x9f619 x1ypdohk xt0psk2 xe8uvvx xdj266r x11i5rnm xat24cr x1mh8g0r xexx8yu x4uap5 x18d9i69 xkhd6sd x16tdsg8 x1hl2dhg xggy1nq x1a2a7pz x1sur9pj xkrqix3 x1fey0fg x1s688f\" role=\"link\" href=\"https:\/\/www.facebook.com\/monteavaro?__cft__[0]=AZVhjD7uGLCIjpc7JPMz-mt4UhKTGg-BQmA672tnMpPMctIy7dsf3ausIafOXBFv1zWcUgH6WXIGWIqSZXOzdcSyI0JGcSVKNlX8x5q5VgpYH_fAJDXdpox-qac7phw8OQQ&amp;__tn__=-]K-R\"><span class=\"xt0psk2\">Miguel Rodr\u00edguez Monteavaro<\/span><\/a><\/span> y tres poetes: <span class=\"html-span xexx8yu x4uap5 x18d9i69 xkhd6sd x1hl2dhg x16tdsg8 x1vvkbs x3nfvp2 x1j61x8r x1fcty0u xdj266r xat24cr xgzva0m xhhsvwb xxymvpz xlup9mm x1kky2od\"><img loading=\"lazy\" decoding=\"async\" class=\"xz74otr\" src=\"https:\/\/static.xx.fbcdn.net\/images\/emoji.php\/v9\/t4f\/1\/16\/2712.png\" alt=\"\u2712\ufe0f\" width=\"16\" height=\"16\" \/><\/span> Francisco Fdez. \u00c1lvarez \/ <span class=\"html-span xexx8yu x4uap5 x18d9i69 xkhd6sd x1hl2dhg x16tdsg8 x1vvkbs x3nfvp2 x1j61x8r x1fcty0u xdj266r xat24cr xgzva0m xhhsvwb xxymvpz xlup9mm x1kky2od\"><img loading=\"lazy\" decoding=\"async\" class=\"xz74otr\" src=\"https:\/\/static.xx.fbcdn.net\/images\/emoji.php\/v9\/t4f\/1\/16\/2712.png\" alt=\"\u2712\ufe0f\" width=\"16\" height=\"16\" \/><\/span> Berta Pi\u00f1\u00e1n y <span class=\"html-span xexx8yu x4uap5 x18d9i69 xkhd6sd x1hl2dhg x16tdsg8 x1vvkbs x3nfvp2 x1j61x8r x1fcty0u xdj266r xat24cr xgzva0m xhhsvwb xxymvpz xlup9mm x1kky2od\"><img loading=\"lazy\" decoding=\"async\" class=\"xz74otr\" src=\"https:\/\/static.xx.fbcdn.net\/images\/emoji.php\/v9\/t4f\/1\/16\/2712.png\" alt=\"\u2712\ufe0f\" width=\"16\" height=\"16\" \/><\/span> Marta Eloy-Cichocka.<\/div>\n<\/div>\n<\/div>\n<\/div>\n<\/div>\n<\/div>\n<\/div>\n<p style=\"text-align: center\">\n<!-- iframe plugin v.6.0 wordpress.org\/plugins\/iframe\/ -->\n<iframe loading=\"lazy\" src=\"https:\/\/www.facebook.com\/plugins\/post.php?href=https%3A%2F%2Fwww.facebook.com%2Fisa.lobo.35%2Fposts%2Fpfbid02ERhzyAJ5jzj1swy1AP54bFe21pFWnBRVNfnkTfXFaMmjFwte5sUMVuFNmASiitDol&#038;show_text=true&#038;width=500\" width=\"500\" height=\"639\" style=\"border:none;overflow:hidden\" scrolling=\"no\" frameborder=\"0\" allowfullscreen=\"true\" allow=\"autoplay; clipboard-write; encrypted-media; picture-in-picture; web-share\" 0=\"\/iframe\" class=\"iframe-class\"><\/iframe>\n<\/p>\n<p><!--more--><\/p>\n<div class=\"xdj266r x11i5rnm xat24cr x1mh8g0r x1vvkbs x126k92a\">\n<div dir=\"auto\">As\u00ed remata el <span class=\"html-span xdj266r x11i5rnm xat24cr x1mh8g0r xexx8yu x4uap5 x18d9i69 xkhd6sd x1hl2dhg x16tdsg8 x1vvkbs\"><a class=\"x1i10hfl xjbqb8w x1ejq31n xd10rxx x1sy0etr x17r0tee x972fbf xcfux6l x1qhh985 xm0m39n x9f619 x1ypdohk xt0psk2 xe8uvvx xdj266r x11i5rnm xat24cr x1mh8g0r xexx8yu x4uap5 x18d9i69 xkhd6sd x16tdsg8 x1hl2dhg xggy1nq x1a2a7pz x1sur9pj xkrqix3 x1fey0fg x1s688f\" role=\"link\" href=\"https:\/\/l.facebook.com\/l.php?u=https%3A%2F%2Fwww.instagram.com%2F_u%2Fqed.poesia%3Ffbclid%3DIwZXh0bgNhZW0CMTAAAR0skhxXAiVh1wlazH0wDeDo9c4bHv7yLBl213eWhW1_mAWFpuMyMzoASU0_aem_HNDbxzb67UD3hCBTIKpNqQ&amp;h=AT23_5YjPSieY1EfAAKQhUbkxosJT6hWbFrsQNwxOC-SLEuvkWtix7NSJCedjUxz9YT89xsKWw7h1wImF7AcDWyW49vpQbfJ25jdGN_KYABgo-hH4Qm7eBAWDNsfJMjCIQ&amp;__tn__=-UK-R&amp;c[0]=AT0ZBATa6lrI4h2u4-0BujSI3CX38mv6apMLRZ79Hyn6wwLzNE8K-vrVx_isJt5gEbYWQ5GQTsq7e6LzmRLqiBbt9SsIgmHWHiuzFIblz83UXxc0UqUp20Yc1kd8lDWH5D1hjDYg43EejbRpqSuBW_NUoRSnOt-Ljm2FsEg8lsmbxsB2aDM\" target=\"_blank\" rel=\"nofollow noopener noreferrer\">@qed.poesia<\/a><\/span> deste 2024.<\/div>\n<\/div>\n<div class=\"x11i5rnm xat24cr x1mh8g0r x1vvkbs xtlvy1s x126k92a\">\n<div dir=\"auto\">Hoi vamos ter a oportunid\u00e1 de escuitar a poes\u00eda de Fran Fern\u00e1ndez (ganador del Premio de poes\u00eda @letraversal 2024), Berta Pi\u00f1\u00e1n <span class=\"html-span xdj266r x11i5rnm xat24cr x1mh8g0r xexx8yu x4uap5 x18d9i69 xkhd6sd x1hl2dhg x16tdsg8 x1vvkbs\"><a class=\"x1i10hfl xjbqb8w x1ejq31n xd10rxx x1sy0etr x17r0tee x972fbf xcfux6l x1qhh985 xm0m39n x9f619 x1ypdohk xt0psk2 xe8uvvx xdj266r x11i5rnm xat24cr x1mh8g0r xexx8yu x4uap5 x18d9i69 xkhd6sd x16tdsg8 x1hl2dhg xggy1nq x1a2a7pz x1sur9pj xkrqix3 x1fey0fg x1s688f\" role=\"link\" href=\"https:\/\/l.facebook.com\/l.php?u=https%3A%2F%2Fwww.instagram.com%2F_u%2Fbertapinan%3Ffbclid%3DIwZXh0bgNhZW0CMTAAAR3z7JtT7kJE5ztsA--eqV4KRf83iclMp7HP7pVdYE21O85Evh27oP5WurU_aem_n6MgtkVVjShBAxOXuL3NjA&amp;h=AT3XEKpu6SIwxX-pMuwBEtSeKNwrQs_l4LIHXj6pV1ar72EmzHEiBUfu6DLjjg1usC6N_bVq1M6CLKVpP6MUjOxU92ut8ZQq8be2niZUnrJatuFIEX27f4oxQuWvXEY7BA&amp;__tn__=-UK-R&amp;c[0]=AT0ZBATa6lrI4h2u4-0BujSI3CX38mv6apMLRZ79Hyn6wwLzNE8K-vrVx_isJt5gEbYWQ5GQTsq7e6LzmRLqiBbt9SsIgmHWHiuzFIblz83UXxc0UqUp20Yc1kd8lDWH5D1hjDYg43EejbRpqSuBW_NUoRSnOt-Ljm2FsEg8lsmbxsB2aDM\" target=\"_blank\" rel=\"nofollow noopener noreferrer\">@bertapinan<\/a><\/span> (\u00faa das decanas das lletras asturianas) e Marta Eloy-Cichocka <span class=\"html-span xdj266r x11i5rnm xat24cr x1mh8g0r xexx8yu x4uap5 x18d9i69 xkhd6sd x1hl2dhg x16tdsg8 x1vvkbs\"><a class=\"x1i10hfl xjbqb8w x1ejq31n xd10rxx x1sy0etr x17r0tee x972fbf xcfux6l x1qhh985 xm0m39n x9f619 x1ypdohk xt0psk2 xe8uvvx xdj266r x11i5rnm xat24cr x1mh8g0r xexx8yu x4uap5 x18d9i69 xkhd6sd x16tdsg8 x1hl2dhg xggy1nq x1a2a7pz x1sur9pj xkrqix3 x1fey0fg x1s688f\" role=\"link\" href=\"https:\/\/www.instagram.com\/_u\/eloyexpress?fbclid=IwZXh0bgNhZW0CMTAAAR0dN7m5LuH98dPF1s61tfkv7DRHw6jznKvidfgGE-ul49fM-tlSUJM3m38_aem_VV8bVWkZCfqoL_za05f5JQ\" target=\"_blank\" rel=\"nofollow noopener noreferrer\">@eloyexpress<\/a><\/span> (\u00faa das voces da poes\u00eda polaca contempor\u00e1nea).<\/div>\n<\/div>\n<div class=\"x11i5rnm xat24cr x1mh8g0r x1vvkbs xtlvy1s x126k92a\">\n<div dir=\"auto\">Eu ando content\u00edn de poder contar con xente tan potente en Asturias.<\/div>\n<\/div>\n<div class=\"x11i5rnm xat24cr x1mh8g0r x1vvkbs xtlvy1s x126k92a\">\n<div dir=\"auto\">Anim\u00e1devos a vir esta tarde \u00e1s 19,00 \u00e1 Biblioteca del Font\u00e1n (<span class=\"html-span xdj266r x11i5rnm xat24cr x1mh8g0r xexx8yu x4uap5 x18d9i69 xkhd6sd x1hl2dhg x16tdsg8 x1vvkbs\"><a class=\"x1i10hfl xjbqb8w x1ejq31n xd10rxx x1sy0etr x17r0tee x972fbf xcfux6l x1qhh985 xm0m39n x9f619 x1ypdohk xt0psk2 xe8uvvx xdj266r x11i5rnm xat24cr x1mh8g0r xexx8yu x4uap5 x18d9i69 xkhd6sd x16tdsg8 x1hl2dhg xggy1nq x1a2a7pz x1sur9pj xkrqix3 x1fey0fg x1s688f\" role=\"link\" href=\"https:\/\/l.facebook.com\/l.php?u=https%3A%2F%2Fwww.instagram.com%2F_u%2Fbibliodasturias%3Ffbclid%3DIwZXh0bgNhZW0CMTAAAR36lYUWzL0pDwLKBqEoJMstLBPSpaCproZZe2xETpp5KgRK9Til3_zNuXA_aem_iIlgfxtlzMKGfb3sr5qA6Q&amp;h=AT15kF8euJzDs0qhwepUhxC3Uo9JtxDyrUx3Vv0S3s9NEyVsuV3hIlcdJEwxW66Ak12jLyRP0RRPZ5LgXaIZMdVhR99ngtJkhJpdqeZb-EQbPF5ia6z0PYQLqJQeZHjmNg&amp;__tn__=-UK-R&amp;c[0]=AT0ZBATa6lrI4h2u4-0BujSI3CX38mv6apMLRZ79Hyn6wwLzNE8K-vrVx_isJt5gEbYWQ5GQTsq7e6LzmRLqiBbt9SsIgmHWHiuzFIblz83UXxc0UqUp20Yc1kd8lDWH5D1hjDYg43EejbRpqSuBW_NUoRSnOt-Ljm2FsEg8lsmbxsB2aDM\" target=\"_blank\" rel=\"nofollow noopener noreferrer\">@bibliodasturias<\/a><\/span>).<\/div>\n<\/div>\n<p style=\"text-align: center\">\n<!-- iframe plugin v.6.0 wordpress.org\/plugins\/iframe\/ -->\n<iframe loading=\"lazy\" src=\"https:\/\/www.facebook.com\/plugins\/post.php?href=https%3A%2F%2Fwww.facebook.com%2Fmonteavaro%2Fposts%2Fpfbid038BTSjgwUubE4bW6zqAPhSH4LwhJxnjMog6kFN4P68X1ckJixrBiQiQkT4Ch1Nibml&#038;show_text=true&#038;width=500\" width=\"500\" height=\"689\" style=\"border:none;overflow:hidden\" scrolling=\"no\" frameborder=\"0\" allowfullscreen=\"true\" allow=\"autoplay; clipboard-write; encrypted-media; picture-in-picture; web-share\" 0=\"\/iframe\" class=\"iframe-class\"><\/iframe>\n<\/p>\n","protected":false},"excerpt":{"rendered":"<p>Esfrutando del Ciclu de Poes\u00eda QED na Biblioteca d&#8217;Uvi\u00e9u con Miguel Rodr\u00edguez Monteavaro y tres poetes: Francisco Fdez. \u00c1lvarez \/ Berta Pi\u00f1\u00e1n y Marta Eloy-Cichocka.<\/p>\n","protected":false},"author":117,"featured_media":0,"comment_status":"open","ping_status":"open","sticky":false,"template":"","format":"standard","meta":{"footnotes":""},"categories":[39],"tags":[],"class_list":["post-37766","post","type-post","status-publish","format-standard","hentry","category-poesia"],"_links":{"self":[{"href":"https:\/\/edublog.educastur.es\/ixuxu\/wp-json\/wp\/v2\/posts\/37766","targetHints":{"allow":["GET"]}}],"collection":[{"href":"https:\/\/edublog.educastur.es\/ixuxu\/wp-json\/wp\/v2\/posts"}],"about":[{"href":"https:\/\/edublog.educastur.es\/ixuxu\/wp-json\/wp\/v2\/types\/post"}],"author":[{"embeddable":true,"href":"https:\/\/edublog.educastur.es\/ixuxu\/wp-json\/wp\/v2\/users\/117"}],"replies":[{"embeddable":true,"href":"https:\/\/edublog.educastur.es\/ixuxu\/wp-json\/wp\/v2\/comments?post=37766"}],"version-history":[{"count":4,"href":"https:\/\/edublog.educastur.es\/ixuxu\/wp-json\/wp\/v2\/posts\/37766\/revisions"}],"predecessor-version":[{"id":37770,"href":"https:\/\/edublog.educastur.es\/ixuxu\/wp-json\/wp\/v2\/posts\/37766\/revisions\/37770"}],"wp:attachment":[{"href":"https:\/\/edublog.educastur.es\/ixuxu\/wp-json\/wp\/v2\/media?parent=37766"}],"wp:term":[{"taxonomy":"category","embeddable":true,"href":"https:\/\/edublog.educastur.es\/ixuxu\/wp-json\/wp\/v2\/categories?post=37766"},{"taxonomy":"post_tag","embeddable":true,"href":"https:\/\/edublog.educastur.es\/ixuxu\/wp-json\/wp\/v2\/tags?post=37766"}],"curies":[{"name":"wp","href":"https:\/\/api.w.org\/{rel}","templated":true}]}}