{"id":37804,"date":"2024-12-13T18:10:50","date_gmt":"2024-12-13T16:10:50","guid":{"rendered":"https:\/\/edublog.educastur.es\/ixuxu\/?p=37804"},"modified":"2024-12-14T21:37:09","modified_gmt":"2024-12-14T19:37:09","slug":"diarios-duna-panderetera-de-leticia-balselgas","status":"publish","type":"post","link":"https:\/\/edublog.educastur.es\/ixuxu\/2024\/12\/diarios-duna-panderetera-de-leticia-balselgas\/","title":{"rendered":"\u00abDiarios d&#8217;una panderetera\u00bb de Leticia Balselgas"},"content":{"rendered":"<div class=\"html-div xdj266r x11i5rnm xat24cr x1mh8g0r xexx8yu x4uap5 x18d9i69 xkhd6sd x1iyjqo2\">\n<div class=\"x78zum5 xdt5ytf xz62fqu x16ldp7u\">\n<div class=\"xu06os2 x1ok221b\">\n<ul>\n<li class=\"html-h3 x11i5rnm xat24cr x1mh8g0r xexx8yu x4uap5 x18d9i69 xkhd6sd x1vvkbs x1heor9g x1qlqyl8 x1pd3egz x1a2a7pz x1gslohp x1yc453h\"><span class=\"xt0psk2\"><a class=\"x1i10hfl xjbqb8w x1ejq31n xd10rxx x1sy0etr x17r0tee x972fbf xcfux6l x1qhh985 xm0m39n x9f619 x1ypdohk xt0psk2 xe8uvvx xdj266r x11i5rnm xat24cr x1mh8g0r xexx8yu x4uap5 x18d9i69 xkhd6sd x16tdsg8 x1hl2dhg xggy1nq x1a2a7pz x1sur9pj xkrqix3 xzsf02u x1s688f\" role=\"link\" href=\"https:\/\/www.facebook.com\/lafabriquina?__cft__[0]=AZWstQHA0og_vANVnpLs_Y2hP3SmqzvVYsti5YISuOotKn0o9FdE-T3nm-kgi9cXnO2gZHkKJESm7hsUfodz_ZrjeP8O8QrX9EwEX4KykjPuLlV8N6k8tiohwbqsZbpI6Xj6o0Rn6-scgOzgu-b5RE5rrtX_0ov3c5PFdb1V4gqSX_c3aI6SkqpPeGNdknvdbsW-DI3WA5w54JvNZRRwuxZ83zS86bPz_Rg_9PZpZa9vPg&amp;__tn__=-UC%2CP-y-R\"><strong class=\"html-strong xdj266r x11i5rnm xat24cr x1mh8g0r xexx8yu x4uap5 x18d9i69 xkhd6sd x1hl2dhg x16tdsg8 x1vvkbs x1s688f\"><span class=\"html-span xdj266r x11i5rnm xat24cr x1mh8g0r xexx8yu x4uap5 x18d9i69 xkhd6sd x1hl2dhg x16tdsg8 x1vvkbs\">La Fabriquina<\/span><\/strong><\/a><\/span><\/li>\n<li><a href=\"https:\/\/l-rpostfolkasturianu.com\/leticia-baselgas\/\">Leticia Baselgas info<\/a> \/<strong><a href=\"https:\/\/l-rpostfolkasturianu.com\/\"> web<\/a> <\/strong>\/ <a href=\"https:\/\/static.eldiario.es\/clip\/de8c8524-1e0e-4984-8b2a-7eccb7f62f6f_16-9-discover-aspect-ratio_default_0.webp\">semeya<\/a> \/<\/li>\n<\/ul>\n<p style=\"text-align: center\"><a href=\"https:\/\/www.nortes.me\/wp-content\/uploads\/2024\/02\/L-R_005-1536x1024.jpg\"><img loading=\"lazy\" decoding=\"async\" class=\"aligncenter size-large\" src=\"https:\/\/www.nortes.me\/wp-content\/uploads\/2024\/02\/L-R_005-1536x1024.jpg\" width=\"1536\" height=\"1024\" \/><\/a><\/p>\n<p style=\"text-align: center\">\n<\/div>\n<\/div>\n<\/div>\n<div class=\"html-div xdj266r x11i5rnm xat24cr x1mh8g0r xexx8yu x4uap5 x18d9i69 xkhd6sd\" dir=\"auto\">\n<div class=\"html-div xdj266r x11i5rnm xat24cr x1mh8g0r xexx8yu x4uap5 x18d9i69 xkhd6sd\" dir=\"auto\">\n<div class=\"html-div xdj266r x11i5rnm xat24cr x1mh8g0r xexx8yu x4uap5 x18d9i69 xkhd6sd\" data-ad-rendering-role=\"story_message\">\n<div class=\"x1l90r2v x1iorvi4 x1ye3gou xn6708d\" data-ad-comet-preview=\"message\" data-ad-preview=\"message\">\n<div class=\"x78zum5 xdt5ytf xz62fqu x16ldp7u\">\n<div class=\"xu06os2 x1ok221b\">\n<div class=\"xdj266r x11i5rnm xat24cr x1mh8g0r x1vvkbs x126k92a\">\n<div dir=\"auto\"><\/div>\n<div dir=\"auto\">G\u00fcei vienres tenemos folixa n&#8217;Uvi\u00e9u. Presentamos <span style=\"color: #008080\"><strong>Diarios d&#8217;una panderetera<\/strong><\/span>, de <span class=\"html-span xdj266r x11i5rnm xat24cr x1mh8g0r xexx8yu x4uap5 x18d9i69 xkhd6sd x1hl2dhg x16tdsg8 x1vvkbs\"><a class=\"x1i10hfl xjbqb8w x1ejq31n xd10rxx x1sy0etr x17r0tee x972fbf xcfux6l x1qhh985 xm0m39n x9f619 x1ypdohk xt0psk2 xe8uvvx xdj266r x11i5rnm xat24cr x1mh8g0r xexx8yu x4uap5 x18d9i69 xkhd6sd x16tdsg8 x1hl2dhg xggy1nq x1a2a7pz x1sur9pj xkrqix3 x1fey0fg x1s688f\" role=\"link\" href=\"https:\/\/www.facebook.com\/profile.php?id=100065409882927&amp;__cft__[0]=AZWstQHA0og_vANVnpLs_Y2hP3SmqzvVYsti5YISuOotKn0o9FdE-T3nm-kgi9cXnO2gZHkKJESm7hsUfodz_ZrjeP8O8QrX9EwEX4KykjPuLlV8N6k8tiohwbqsZbpI6Xj6o0Rn6-scgOzgu-b5RE5rrtX_0ov3c5PFdb1V4gqSX_c3aI6SkqpPeGNdknvdbsW-DI3WA5w54JvNZRRwuxZ83zS86bPz_Rg_9PZpZa9vPg&amp;__tn__=-]K-y-R\"><span class=\"xt0psk2\">Leticia Baselgas<\/span><\/a><\/span>, na <span class=\"html-span xdj266r x11i5rnm xat24cr x1mh8g0r xexx8yu x4uap5 x18d9i69 xkhd6sd x1hl2dhg x16tdsg8 x1vvkbs\"><a class=\"x1i10hfl xjbqb8w x1ejq31n xd10rxx x1sy0etr x17r0tee x972fbf xcfux6l x1qhh985 xm0m39n x9f619 x1ypdohk xt0psk2 xe8uvvx xdj266r x11i5rnm xat24cr x1mh8g0r xexx8yu x4uap5 x18d9i69 xkhd6sd x16tdsg8 x1hl2dhg xggy1nq x1a2a7pz x1sur9pj xkrqix3 x1fey0fg x1s688f\" role=\"link\" href=\"https:\/\/www.facebook.com\/profile.php?id=61550940861850&amp;__cft__[0]=AZWstQHA0og_vANVnpLs_Y2hP3SmqzvVYsti5YISuOotKn0o9FdE-T3nm-kgi9cXnO2gZHkKJESm7hsUfodz_ZrjeP8O8QrX9EwEX4KykjPuLlV8N6k8tiohwbqsZbpI6Xj6o0Rn6-scgOzgu-b5RE5rrtX_0ov3c5PFdb1V4gqSX_c3aI6SkqpPeGNdknvdbsW-DI3WA5w54JvNZRRwuxZ83zS86bPz_Rg_9PZpZa9vPg&amp;__tn__=-]K-y-R\"><span class=\"xt0psk2\">Librer\u00eda Matadero Uno<\/span><\/a><\/span> a les 19h. Leticia Gonz\u00e1lez ye panderetera y tien abonda esperencia nel \u00e1mbitu del folclore asturianu. La Fabriquina inaugura la colecci\u00f3n de ensayo, MANIFIESTU, con la artista asturiana, referente de la pandereta y mitad del d\u00fao L-R.<\/div>\n<div dir=\"auto\"><\/div>\n<div dir=\"auto\"><!--more--><\/div>\n<div dir=\"auto\">\n<ul>\n<li>Fonte: <a href=\"https:\/\/www.eldiario.es\/asturias\/leticia-baselgas-panderetera-nacio-posfranquismo-alcanzo-libertad-creativa-post-folk-asturiano_1_11871142.html\">El Diario<\/a> \/ <a href=\"https:\/\/www.nortes.me\/2024\/12\/12\/leticia-baselgas-presenta-esti-vienres-diarios-de-una-panderetera-na-llibreria-matadero-uno\/?fbclid=IwY2xjawHKvO5leHRuA2FlbQIxMQABHclH2tKhgJWEbPFvuebqwGfClSg_bLSPeQ4vTedl788refKtoqhw_yW3Fg_aem_H2ZcvN6p9Bl4urWCdws29g\">Nortes.me<\/a> \/<\/li>\n<\/ul>\n<p><em><span style=\"color: #008080\">A los sos 40 a\u00f1os consigui\u00f3 deconstruirse y vivir el folclore y tradici\u00f3n asturianos d&#8217;una manera bien distinta a como empez\u00f3 faelo cuando a los cuatro la so ma apuntola a baille rexonal. <\/span><\/em><\/p>\n<p><em><span style=\"color: #008080\">Cantante, panderetera, artista visual, doctora n&#8217;Arte y<strong> cincuenta per cientu del d\u00fao de post folk asturianu L-R<\/strong>, Leticia Baselgas esnuda la so alma al p\u00fablicu con <strong>Diarios d&#8217;una panderetera<\/strong>, la so primer publicaci\u00f3n non acad\u00e9mica, compuesta a partir de los relatos qu&#8217;escrib\u00eda nos sos diarios desque yera pequena.<\/span><\/em><\/p>\n<p><em><span style=\"color: #008080\">Diarios d&#8217;una panderetera fala de tradici\u00f3n, d&#8217;identid\u00e1 y d&#8217;autenticid\u00e1, pero sobremanera, fala d&#8217;entendimientu y autoconocimientu, el d&#8217;una ne\u00f1a, que y\u00e1 non lo ye, que cavilga dende les sos primeres esperiencies nun grupu de baille marc\u00e1u pola disciplina y l&#8217;imaxinariu posfranquista, pasando pol so desencantu cola m\u00fasica tradicional y l&#8217;escesivu rigor etnogr\u00e1fico, para acabar atopando un espaciu nel que desenvolver la so verdadera llibert\u00e1 creativa, nel post folk asturianu.<\/span><\/em><\/p>\n<div class=\"tdb-block-inner td-fix-index\">\n<p>Tradici\u00f3n, identid\u00e1 y autenticid\u00e1 son conceptos alredor de los que <strong>Leticia Baselgas<\/strong>\u2014met\u00e1 del d\u00fau <strong>L-R <\/strong>y una de les panderetes m\u00e1s importantes del panorama musical n\u2019<strong>Asturies<\/strong>\u2014 lleva reflexonando de magar yera una ne\u00f1a y que, agora, aborda en forma d\u2019ensayu nestos trepidantes diarios personales escritos per m\u00e1s de dos d\u00e9cades.<\/p>\n<p>Con ritmu cinematogr\u00e1ficu y la gu\u00eda d\u2019una documentada br\u00faxula te\u00f3rica, Baselgas rellata les sos primeres esperiencies nun grupu de baille marcaes pola disciplina y l\u2019imaxinariu folcl\u00f3ricu posfranquista; el so posterior desencantu cola m\u00fasica tradicional y el rigorismu etnogr\u00e1fico; y, pa cabu, la so llegada al conceptu de post-folk-asturianu como un espaciu de llibert\u00e1 creativa.<\/p>\n<p>La presentaci\u00f3n n\u2019Uv\u00edeu ser\u00e1 el vienres 13 d\u2019avientu, a les 19:00h, na <strong>Llibrer\u00eda Matadero Uno <\/strong>(Plaza de Riego, 1) y contar\u00e1 cola presencia de l\u2019autora, Leticia Baselgas, el prologuista de la obra, David Guardado, y la llibrera Natalia Gonz\u00e1lez Men\u00e9ndez.<\/p>\n<\/div>\n<\/div>\n<div dir=\"auto\" style=\"text-align: center\"><a href=\"https:\/\/static.eldiario.es\/clip\/eae7e51a-9136-4a68-816e-c6eae45ee3f2_source-aspect-ratio_default_0.webp\"><img loading=\"lazy\" decoding=\"async\" class=\"aligncenter size-large\" src=\"https:\/\/static.eldiario.es\/clip\/eae7e51a-9136-4a68-816e-c6eae45ee3f2_source-aspect-ratio_default_0.webp\" width=\"1280\" height=\"1600\" \/><\/a><\/div>\n<div dir=\"auto\" style=\"text-align: center\">\n<!-- iframe plugin v.6.0 wordpress.org\/plugins\/iframe\/ -->\n<iframe loading=\"lazy\" src=\"https:\/\/www.facebook.com\/plugins\/post.php?href=https%3A%2F%2Fwww.facebook.com%2Fphoto.php%3Ffbid%3D122213820008031362%26set%3Da.122093936750031362%26type%3D3&#038;show_text=false&#038;width=500\" width=\"500\" height=\"689\" style=\"border:none;overflow:hidden\" scrolling=\"no\" frameborder=\"0\" allowfullscreen=\"true\" allow=\"autoplay; clipboard-write; encrypted-media; picture-in-picture; web-share\" 0=\"\/iframe\" class=\"iframe-class\"><\/iframe>\n<\/div>\n<ul>\n<li dir=\"auto\">Leticia Gonz\u00e1lez (Baselgas) ye una de les pandereteres m\u00e1s reconoc\u00edes del folclor asturianu.<\/li>\n<li dir=\"auto\">Foi miembru de grupos como Menaxatru\u00e1 o Trovando Tr\u00edu y tami\u00e9n form\u00f3 parte de la xunta directiva de l&#8217;Asociaci\u00f3n de M\u00fasica Tradicional \u201cMuyeres\u201d.<\/li>\n<li dir=\"auto\">Form\u00f3 parte de colectivos d\u2019 investigaci\u00f3n etnogr\u00e1fica y de cultura tradicional d\u2019 ente los que destaquen el Conceyu de Cultura Tradicional Vezos Astures.<\/li>\n<li dir=\"auto\">Tami\u00e9n fund\u00f3 otres formaciones de m\u00fasica asturiana como Menaxatru\u00e1 o Trovando Tr\u00edo.<\/li>\n<li dir=\"auto\">Collabor\u00f3 activamente con agrupaciones como Xeitu y trabay\u00f3 cola Asociaci\u00f3n de M\u00fasica Tradicional Muyeres hasta 2016, siendo parte del so equipu directivu.<\/li>\n<li dir=\"auto\">Nos \u00faltimos a\u00f1os llev\u00f3 la pandereta asturiana a otros estilos musicales. Uno de los sos oxetivos ye averar la pandereta asturiana a otros estilos musicales al travi\u00e9s de collaboraci\u00f3n con formaciones como Lorena \u00c1lvarez y su Banda Municipal o Pablo und Destruktion o Losone.<\/li>\n<\/ul>\n<div dir=\"auto\"><\/div>\n<div dir=\"auto\" style=\"text-align: center\"><a href=\"https:\/\/l-rpostfolkasturianu.com\/wp-content\/uploads\/2020\/07\/leti_web-1.jpg?w=2048\"><img loading=\"lazy\" decoding=\"async\" class=\"aligncenter size-large\" src=\"https:\/\/l-rpostfolkasturianu.com\/wp-content\/uploads\/2020\/07\/leti_web-1.jpg?w=2048\" width=\"2048\" height=\"1544\" \/><\/a><\/div>\n<\/div>\n<\/div>\n<\/div>\n<\/div>\n<\/div>\n<\/div>\n<\/div>\n<p>&nbsp;<\/p>\n","protected":false},"excerpt":{"rendered":"<p>La Fabriquina Leticia Baselgas info \/ web \/ semeya \/ G\u00fcei vienres tenemos folixa n&#8217;Uvi\u00e9u. Presentamos Diarios d&#8217;una panderetera, de Leticia Baselgas, na Librer\u00eda Matadero Uno a les 19h. Leticia Gonz\u00e1lez ye panderetera y tien abonda esperencia nel \u00e1mbitu del folclore asturianu. La Fabriquina inaugura la colecci\u00f3n de ensayo, MANIFIESTU, con la artista asturiana, referente [&hellip;]<\/p>\n","protected":false},"author":117,"featured_media":0,"comment_status":"open","ping_status":"open","sticky":false,"template":"","format":"standard","meta":{"footnotes":""},"categories":[35,121],"tags":[],"class_list":["post-37804","post","type-post","status-publish","format-standard","hentry","category-musica","category-muyeres"],"_links":{"self":[{"href":"https:\/\/edublog.educastur.es\/ixuxu\/wp-json\/wp\/v2\/posts\/37804","targetHints":{"allow":["GET"]}}],"collection":[{"href":"https:\/\/edublog.educastur.es\/ixuxu\/wp-json\/wp\/v2\/posts"}],"about":[{"href":"https:\/\/edublog.educastur.es\/ixuxu\/wp-json\/wp\/v2\/types\/post"}],"author":[{"embeddable":true,"href":"https:\/\/edublog.educastur.es\/ixuxu\/wp-json\/wp\/v2\/users\/117"}],"replies":[{"embeddable":true,"href":"https:\/\/edublog.educastur.es\/ixuxu\/wp-json\/wp\/v2\/comments?post=37804"}],"version-history":[{"count":8,"href":"https:\/\/edublog.educastur.es\/ixuxu\/wp-json\/wp\/v2\/posts\/37804\/revisions"}],"predecessor-version":[{"id":37828,"href":"https:\/\/edublog.educastur.es\/ixuxu\/wp-json\/wp\/v2\/posts\/37804\/revisions\/37828"}],"wp:attachment":[{"href":"https:\/\/edublog.educastur.es\/ixuxu\/wp-json\/wp\/v2\/media?parent=37804"}],"wp:term":[{"taxonomy":"category","embeddable":true,"href":"https:\/\/edublog.educastur.es\/ixuxu\/wp-json\/wp\/v2\/categories?post=37804"},{"taxonomy":"post_tag","embeddable":true,"href":"https:\/\/edublog.educastur.es\/ixuxu\/wp-json\/wp\/v2\/tags?post=37804"}],"curies":[{"name":"wp","href":"https:\/\/api.w.org\/{rel}","templated":true}]}}