{"id":37908,"date":"2024-12-15T15:00:23","date_gmt":"2024-12-15T13:00:23","guid":{"rendered":"https:\/\/edublog.educastur.es\/ixuxu\/?p=37908"},"modified":"2024-12-16T10:59:18","modified_gmt":"2024-12-16T08:59:18","slug":"visitamos-la-esposicion-el-zoo-del-museu-nel-museul-taller-de-titeres-de-siero","status":"publish","type":"post","link":"https:\/\/edublog.educastur.es\/ixuxu\/2024\/12\/visitamos-la-esposicion-el-zoo-del-museu-nel-museul-taller-de-titeres-de-siero\/","title":{"rendered":"Visitamos la esposici\u00f3n &#8216;El Zoo del Mus\u00e9u&#8217; nel Mus\u00e9u&#8217;l Taller de T\u00edteres de Siero."},"content":{"rendered":"<div class=\"x9f619 xjbqb8w x78zum5 x168nmei x13lgxp2 x5pf9jr xo71vjh xw3qccf x1n2onr6 x1plvlek xryxfnj x1c4vz4f x2lah0s xdt5ytf xqjyukv x1qjc9v5 x1oa3qoh x1nhvcw1\">Visitamos la esposici\u00f3n <strong>&#8216;El Zoo del Mus\u00e9u&#8217;<\/strong> nel Mus\u00e9u&#8217;l Taller de T\u00edteres de Siero. Una amuesa qu&#8217;axunta a los numberosos animales qu&#8217;habiten nel mus\u00e9u.<\/div>\n<div class=\"_a9zs\">\n<p style=\"text-align: center\">\n<!-- iframe plugin v.6.0 wordpress.org\/plugins\/iframe\/ -->\n<iframe loading=\"lazy\" src=\"https:\/\/www.instagram.com\/reel\/DDiIH6hshGJ\/embed\" width=\"640\" height=\"480\" 0=\"\/iframe\" scrolling=\"yes\" class=\"iframe-class\" frameborder=\"0\"><\/iframe>\n<\/p>\n<ul>\n<li class=\"_ap3a _aaco _aacu _aacx _aad7 _aade\" dir=\"auto\"><a class=\"x1i10hfl xjbqb8w x1ejq31n xd10rxx x1sy0etr x17r0tee x972fbf xcfux6l x1qhh985 xm0m39n x9f619 x1ypdohk xt0psk2 xe8uvvx xdj266r x11i5rnm xat24cr x1mh8g0r xexx8yu x4uap5 x18d9i69 xkhd6sd x16tdsg8 x1hl2dhg xggy1nq x1a2a7pz _aa9_ _a6hd\" role=\"link\" href=\"https:\/\/www.instagram.com\/explore\/tags\/conexi%C3%B3nasturias\/\">#Conexi\u00f3nAsturias<\/a><\/li>\n<\/ul>\n<\/div>\n","protected":false},"excerpt":{"rendered":"<p>Visitamos la esposici\u00f3n &#8216;El Zoo del Mus\u00e9u&#8217; nel Mus\u00e9u&#8217;l Taller de T\u00edteres de Siero. Una amuesa qu&#8217;axunta a los numberosos animales qu&#8217;habiten nel mus\u00e9u. #Conexi\u00f3nAsturias<\/p>\n","protected":false},"author":117,"featured_media":0,"comment_status":"open","ping_status":"open","sticky":false,"template":"","format":"standard","meta":{"footnotes":""},"categories":[15,82],"tags":[],"class_list":["post-37908","post","type-post","status-publish","format-standard","hentry","category-museos","category-teatru"],"_links":{"self":[{"href":"https:\/\/edublog.educastur.es\/ixuxu\/wp-json\/wp\/v2\/posts\/37908","targetHints":{"allow":["GET"]}}],"collection":[{"href":"https:\/\/edublog.educastur.es\/ixuxu\/wp-json\/wp\/v2\/posts"}],"about":[{"href":"https:\/\/edublog.educastur.es\/ixuxu\/wp-json\/wp\/v2\/types\/post"}],"author":[{"embeddable":true,"href":"https:\/\/edublog.educastur.es\/ixuxu\/wp-json\/wp\/v2\/users\/117"}],"replies":[{"embeddable":true,"href":"https:\/\/edublog.educastur.es\/ixuxu\/wp-json\/wp\/v2\/comments?post=37908"}],"version-history":[{"count":1,"href":"https:\/\/edublog.educastur.es\/ixuxu\/wp-json\/wp\/v2\/posts\/37908\/revisions"}],"predecessor-version":[{"id":37909,"href":"https:\/\/edublog.educastur.es\/ixuxu\/wp-json\/wp\/v2\/posts\/37908\/revisions\/37909"}],"wp:attachment":[{"href":"https:\/\/edublog.educastur.es\/ixuxu\/wp-json\/wp\/v2\/media?parent=37908"}],"wp:term":[{"taxonomy":"category","embeddable":true,"href":"https:\/\/edublog.educastur.es\/ixuxu\/wp-json\/wp\/v2\/categories?post=37908"},{"taxonomy":"post_tag","embeddable":true,"href":"https:\/\/edublog.educastur.es\/ixuxu\/wp-json\/wp\/v2\/tags?post=37908"}],"curies":[{"name":"wp","href":"https:\/\/api.w.org\/{rel}","templated":true}]}}